{"id":9289,"date":"2022-12-08T13:21:18","date_gmt":"2022-12-08T12:21:18","guid":{"rendered":"https:\/\/avogel.fr\/blog\/?p=9289"},"modified":"2022-12-08T14:09:06","modified_gmt":"2022-12-08T13:09:06","slug":"carence-en-iode","status":"publish","type":"post","link":"https:\/\/avogel.fr\/blog\/metabolisme\/carence-en-iode\/","title":{"rendered":"Pr\u00e9venir les carences d&rsquo;iode"},"content":{"rendered":"<p>Un quart de l\u2019humanit\u00e9, selon l\u2019Organisation Mondiale de la Sant\u00e9 (OMS), conna\u00eet des carences en iode. Dans certaines r\u00e9gions (notamment dans les pays peu d\u00e9velopp\u00e9s et loin de la mer), des sympt\u00f4mes graves de carence de cet oligo-\u00e9l\u00e9ment se font voir d\u00e8s la formation embryonnaire, lorsque le cerveau est atteint alors qu\u2019il est en phase de d\u00e9veloppement. Les enfants et les adultes carenc\u00e9s peuvent pr\u00e9senter un go\u00eetre (gonflement du cou), r\u00e9sultat de l\u2019hypertrophie de la glande thyro\u00efde.<\/p>\n<p>Dans les pays d\u00e9velopp\u00e9s, la carence d\u2019iode se manifeste notamment par <a href=\"https:\/\/avogel.fr\/blog\/metabolisme\/hypothyroidie-prevention-remedes-naturels\/\">les cas d\u2019hypothyro\u00efdie<\/a>, dont les sympt\u00f4mes vont de la prise de poids et la frilosit\u00e9 aux douleurs articulaires et \u00e0 une forte fatigue.<\/p>\n<p>&nbsp;<\/p>\n<h2><span style=\"color: #339966;\">Comment pr\u00e9venir les carences en iode ?<\/span><\/h2>\n<p>&nbsp;<\/p>\n<p>La meilleure fa\u00e7on de pr\u00e9venir les carences en iode, c\u2019est par <a href=\"https:\/\/avogel.fr\/blog\/metabolisme\/iode-dans-alimentation\/\">l\u2019alimentation<\/a>, en consommant des aliments \u00e0 forte teneur en iode, comme le sel de mer. Les meilleures sources alimentaires sont les poissons, les fruits de mer et les algues. Mais nous pouvons \u00e9galement trouver de l\u2019iode dans la viande, le jaune d\u2019\u0153uf et les fromages, ainsi que dans certaines c\u00e9r\u00e9ales comme le seigle et l\u2019avoine.<\/p>\n<p>Cependant, nos besoins en iode varient : alors que le besoin journalier d\u2019iode pour un homme ou une femme adulte est de 150 microgrammes d\u2019iode, celui d\u2019une femme enceinte est de 250 microgrammes de cet oligo-\u00e9l\u00e9ment.<\/p>\n<p>En effet, les hormones thyro\u00efdiennes sont davantage sollicit\u00e9es dans certains cas pr\u00e9cis.<\/p>\n<p>&nbsp;<\/p>\n<h3><span style=\"color: #339966;\">Les femmes enceintes ou allaitantes<\/span><\/h3>\n<p>Notamment lors des premiers mois de grossesse, le manque d\u2019iode peut entra\u00eener un retard mental chez le b\u00e9b\u00e9. Les besoins sont ainsi plus \u00e9lev\u00e9s chez les femmes enceintes, de m\u00eame que chez les femmes allaitantes.<\/p>\n<p>&nbsp;<\/p>\n<h3><span style=\"color: #339966;\">Les v\u00e9g\u00e9tariens et les v\u00e9g\u00e9taliens<\/span><\/h3>\n<p>Le poisson, la viande, le lait et les \u0153ufs sont des sources importantes d\u2019iode. Les v\u00e9g\u00e9tariens, et notamment ceux qui adoptent une alimentation v\u00e9gane, doivent faire attention \u00e0 consommer du sel marin et si possible des algues. C\u2019est le cas des navets, des choux, du brocoli, des poires, des p\u00eaches, des produits d\u00e9riv\u00e9s du soja, des arachides, des noix de pin et du millet. Bien s\u00fbr, tout d\u00e9pend de la quantit\u00e9 des aliments qui sera ing\u00e9r\u00e9e.<\/p>\n<p>&nbsp;<\/p>\n<h3><span style=\"color: #339966;\">Les fumeurs<\/span><\/h3>\n<p>Le tabac d\u00e9range l&rsquo;absorption de l&rsquo;iode provenant de l\u2019alimentation. Les fumeurs ont donc tout int\u00e9r\u00eat \u00e0 accro\u00eetre leur apport quotidien en iode \u2026 et \u00e0 arr\u00eater de fumer !<\/p>\n<p>&nbsp;<\/p>\n<h3><span style=\"color: #339966;\">Les sportifs<\/span><\/h3>\n<p>Il semble que les carences en iode pourraient \u00eatre li\u00e9es aux pertes par la sueur. Bien s\u00fbr, ce risque ne concerne que les sportifs professionnels ou ceux dont l\u2019activit\u00e9 physique est tr\u00e8s intense.<\/p>\n<p>&nbsp;<\/p>\n<h3><span style=\"color: #339966;\">Ceux qui habitent loin de la mer<\/span><\/h3>\n<p>Avec un r\u00e9gime probablement plus pauvre en poissons de mer et crustac\u00e9s, la population vivant loin de la mer ou \u00e0 la montagne est plus susceptible de souffrir de carences en iode.<\/p>\n<p>&nbsp;<\/p>\n<h2><span style=\"color: #339966;\">Rem\u00e8des naturels pour la carence d\u2019iode<\/span><\/h2>\n<p>&nbsp;<\/p>\n<p>\u00c9labor\u00e9 \u00e0 partir de l&rsquo;algue marine Kelp, riche en Iode, le compl\u00e9ment <a href=\"https:\/\/avogel.fr\/nos-produits\/1028-Kelpasan-comprimes.html\">Kelpasan<\/a> d\u2019A.Vogel, aide \u00e0 pr\u00e9venir les cas d\u2019hypothyro\u00efdie associ\u00e9s \u00e0 la carence de cet oligo-\u00e9l\u00e9ment.<\/p>\n<p>Afin de ne pas risquer de d\u00e9passer l&rsquo;apport journalier maximal en iode, nous vous recommandons d\u2019\u00e9viter la consommation d&rsquo;algues s\u00e9ch\u00e9es ou d&rsquo;algues d&rsquo;origine inconnue lorsque vous consommez ce compl\u00e9ment alimentaire. Consultez votre m\u00e9decin traitant pour vous assurer que ce compl\u00e9ment est adapt\u00e9 pour vous.<\/p>\n","protected":false},"excerpt":{"rendered":"<p>Un quart de l\u2019humanit\u00e9, selon l\u2019Organisation Mondiale de la Sant\u00e9 (OMS), conna\u00eet des carences en iode. Dans certaines r\u00e9gions (notamment dans les pays peu d\u00e9velopp\u00e9s et loin de la mer), des sympt\u00f4mes graves de carence de cet oligo-\u00e9l\u00e9ment se font voir d\u00e8s la formation embryonnaire, lorsque le cerveau est atteint alors qu\u2019il est en phase [&hellip;]<\/p>\n","protected":false},"author":17,"featured_media":8581,"comment_status":"closed","ping_status":"closed","sticky":false,"template":"","format":"standard","meta":{"_acf_changed":false,"footnotes":""},"categories":[1585],"tags":[],"class_list":["post-9289","post","type-post","status-publish","format-standard","has-post-thumbnail","hentry","category-metabolisme"],"acf":[],"yoast_head":"<!-- This site is optimized with the Yoast SEO plugin v22.0 - https:\/\/yoast.com\/wordpress\/plugins\/seo\/ -->\n<title>Comment avoir un apport suffisant en iode ? | A.Vogel<\/title>\n<meta name=\"description\" content=\"Comment assurer un apport suffisant et r\u00e9gulier d\u2019iode ? A.Vogel vous propose des conseils adapt\u00e9s \u00e0 vos besoins.\" \/>\n<meta name=\"robots\" content=\"index, follow, max-snippet:-1, max-image-preview:large, max-video-preview:-1\" \/>\n<link rel=\"canonical\" href=\"https:\/\/avogel.fr\/blog\/metabolisme\/carence-en-iode\/\" \/>\n<meta property=\"og:locale\" content=\"fr_FR\" \/>\n<meta property=\"og:type\" content=\"article\" \/>\n<meta property=\"og:title\" content=\"Comment avoir un apport suffisant en iode ? | A.Vogel\" \/>\n<meta property=\"og:description\" content=\"Comment assurer un apport suffisant et r\u00e9gulier d\u2019iode ? A.Vogel vous propose des conseils adapt\u00e9s \u00e0 vos besoins.\" \/>\n<meta property=\"og:url\" content=\"https:\/\/avogel.fr\/blog\/metabolisme\/carence-en-iode\/\" \/>\n<meta property=\"og:site_name\" content=\"A.Vogel - Compl\u00e9ments alimentaires naturels\" \/>\n<meta property=\"article:published_time\" content=\"2022-12-08T12:21:18+00:00\" \/>\n<meta property=\"article:modified_time\" content=\"2022-12-08T13:09:06+00:00\" \/>\n<meta property=\"og:image\" content=\"https:\/\/avogel.fr\/blog\/wp-content\/uploads\/2017\/04\/aliments-riche-iode.jpg\" \/>\n\t<meta property=\"og:image:width\" content=\"1200\" \/>\n\t<meta property=\"og:image:height\" content=\"627\" \/>\n\t<meta property=\"og:image:type\" content=\"image\/jpeg\" \/>\n<meta name=\"author\" content=\"ysid\" \/>\n<meta name=\"twitter:card\" content=\"summary_large_image\" \/>\n<meta name=\"twitter:label1\" content=\"\u00c9crit par\" \/>\n\t<meta name=\"twitter:data1\" content=\"ysid\" \/>\n\t<meta name=\"twitter:label2\" content=\"Dur\u00e9e de lecture estim\u00e9e\" \/>\n\t<meta name=\"twitter:data2\" content=\"3 minutes\" \/>\n<script type=\"application\/ld+json\" class=\"yoast-schema-graph\">{\"@context\":\"https:\/\/schema.org\",\"@graph\":[{\"@type\":\"WebPage\",\"@id\":\"https:\/\/avogel.fr\/blog\/metabolisme\/carence-en-iode\/\",\"url\":\"https:\/\/avogel.fr\/blog\/metabolisme\/carence-en-iode\/\",\"name\":\"Comment avoir un apport suffisant en iode ? | A.Vogel\",\"isPartOf\":{\"@id\":\"https:\/\/avogel.fr\/blog\/#website\"},\"datePublished\":\"2022-12-08T12:21:18+00:00\",\"dateModified\":\"2022-12-08T13:09:06+00:00\",\"author\":{\"@id\":\"https:\/\/avogel.fr\/blog\/#\/schema\/person\/882e946b7c5cb320ab225ef6d9499fd5\"},\"description\":\"Comment assurer un apport suffisant et r\u00e9gulier d\u2019iode ? A.Vogel vous propose des conseils adapt\u00e9s \u00e0 vos besoins.\",\"breadcrumb\":{\"@id\":\"https:\/\/avogel.fr\/blog\/metabolisme\/carence-en-iode\/#breadcrumb\"},\"inLanguage\":\"fr-FR\",\"potentialAction\":[{\"@type\":\"ReadAction\",\"target\":[\"https:\/\/avogel.fr\/blog\/metabolisme\/carence-en-iode\/\"]}]},{\"@type\":\"BreadcrumbList\",\"@id\":\"https:\/\/avogel.fr\/blog\/metabolisme\/carence-en-iode\/#breadcrumb\",\"itemListElement\":[{\"@type\":\"ListItem\",\"position\":1,\"name\":\"Accueil\",\"item\":\"https:\/\/avogel.fr\/blog\/\"},{\"@type\":\"ListItem\",\"position\":2,\"name\":\"Pr\u00e9venir les carences d&rsquo;iode\"}]},{\"@type\":\"WebSite\",\"@id\":\"https:\/\/avogel.fr\/blog\/#website\",\"url\":\"https:\/\/avogel.fr\/blog\/\",\"name\":\"A.Vogel - Compl\u00e9ments alimentaires naturels\",\"description\":\"Retrouvez tous nos conseils pour rester naturellement fort - Compl\u00e9ments \u00e0 base de plantes fra\u00eeches biologiques\",\"potentialAction\":[{\"@type\":\"SearchAction\",\"target\":{\"@type\":\"EntryPoint\",\"urlTemplate\":\"https:\/\/avogel.fr\/blog\/?s={search_term_string}\"},\"query-input\":\"required name=search_term_string\"}],\"inLanguage\":\"fr-FR\"},{\"@type\":\"Person\",\"@id\":\"https:\/\/avogel.fr\/blog\/#\/schema\/person\/882e946b7c5cb320ab225ef6d9499fd5\",\"name\":\"ysid\",\"url\":\"https:\/\/avogel.fr\/blog\/author\/ysid\/\"}]}<\/script>\n<!-- \/ Yoast SEO plugin. -->","yoast_head_json":{"title":"Comment avoir un apport suffisant en iode ? | A.Vogel","description":"Comment assurer un apport suffisant et r\u00e9gulier d\u2019iode ? A.Vogel vous propose des conseils adapt\u00e9s \u00e0 vos besoins.","robots":{"index":"index","follow":"follow","max-snippet":"max-snippet:-1","max-image-preview":"max-image-preview:large","max-video-preview":"max-video-preview:-1"},"canonical":"https:\/\/avogel.fr\/blog\/metabolisme\/carence-en-iode\/","og_locale":"fr_FR","og_type":"article","og_title":"Comment avoir un apport suffisant en iode ? | A.Vogel","og_description":"Comment assurer un apport suffisant et r\u00e9gulier d\u2019iode ? A.Vogel vous propose des conseils adapt\u00e9s \u00e0 vos besoins.","og_url":"https:\/\/avogel.fr\/blog\/metabolisme\/carence-en-iode\/","og_site_name":"A.Vogel - Compl\u00e9ments alimentaires naturels","article_published_time":"2022-12-08T12:21:18+00:00","article_modified_time":"2022-12-08T13:09:06+00:00","og_image":[{"width":1200,"height":627,"url":"https:\/\/avogel.fr\/blog\/wp-content\/uploads\/2017\/04\/aliments-riche-iode.jpg","type":"image\/jpeg"}],"author":"ysid","twitter_card":"summary_large_image","twitter_misc":{"\u00c9crit par":"ysid","Dur\u00e9e de lecture estim\u00e9e":"3 minutes"},"schema":{"@context":"https:\/\/schema.org","@graph":[{"@type":"WebPage","@id":"https:\/\/avogel.fr\/blog\/metabolisme\/carence-en-iode\/","url":"https:\/\/avogel.fr\/blog\/metabolisme\/carence-en-iode\/","name":"Comment avoir un apport suffisant en iode ? | A.Vogel","isPartOf":{"@id":"https:\/\/avogel.fr\/blog\/#website"},"datePublished":"2022-12-08T12:21:18+00:00","dateModified":"2022-12-08T13:09:06+00:00","author":{"@id":"https:\/\/avogel.fr\/blog\/#\/schema\/person\/882e946b7c5cb320ab225ef6d9499fd5"},"description":"Comment assurer un apport suffisant et r\u00e9gulier d\u2019iode ? A.Vogel vous propose des conseils adapt\u00e9s \u00e0 vos besoins.","breadcrumb":{"@id":"https:\/\/avogel.fr\/blog\/metabolisme\/carence-en-iode\/#breadcrumb"},"inLanguage":"fr-FR","potentialAction":[{"@type":"ReadAction","target":["https:\/\/avogel.fr\/blog\/metabolisme\/carence-en-iode\/"]}]},{"@type":"BreadcrumbList","@id":"https:\/\/avogel.fr\/blog\/metabolisme\/carence-en-iode\/#breadcrumb","itemListElement":[{"@type":"ListItem","position":1,"name":"Accueil","item":"https:\/\/avogel.fr\/blog\/"},{"@type":"ListItem","position":2,"name":"Pr\u00e9venir les carences d&rsquo;iode"}]},{"@type":"WebSite","@id":"https:\/\/avogel.fr\/blog\/#website","url":"https:\/\/avogel.fr\/blog\/","name":"A.Vogel - Compl\u00e9ments alimentaires naturels","description":"Retrouvez tous nos conseils pour rester naturellement fort - Compl\u00e9ments \u00e0 base de plantes fra\u00eeches biologiques","potentialAction":[{"@type":"SearchAction","target":{"@type":"EntryPoint","urlTemplate":"https:\/\/avogel.fr\/blog\/?s={search_term_string}"},"query-input":"required name=search_term_string"}],"inLanguage":"fr-FR"},{"@type":"Person","@id":"https:\/\/avogel.fr\/blog\/#\/schema\/person\/882e946b7c5cb320ab225ef6d9499fd5","name":"ysid","url":"https:\/\/avogel.fr\/blog\/author\/ysid\/"}]}},"_links":{"self":[{"href":"https:\/\/avogel.fr\/blog\/wp-json\/wp\/v2\/posts\/9289","targetHints":{"allow":["GET"]}}],"collection":[{"href":"https:\/\/avogel.fr\/blog\/wp-json\/wp\/v2\/posts"}],"about":[{"href":"https:\/\/avogel.fr\/blog\/wp-json\/wp\/v2\/types\/post"}],"author":[{"embeddable":true,"href":"https:\/\/avogel.fr\/blog\/wp-json\/wp\/v2\/users\/17"}],"replies":[{"embeddable":true,"href":"https:\/\/avogel.fr\/blog\/wp-json\/wp\/v2\/comments?post=9289"}],"version-history":[{"count":4,"href":"https:\/\/avogel.fr\/blog\/wp-json\/wp\/v2\/posts\/9289\/revisions"}],"predecessor-version":[{"id":9296,"href":"https:\/\/avogel.fr\/blog\/wp-json\/wp\/v2\/posts\/9289\/revisions\/9296"}],"wp:featuredmedia":[{"embeddable":true,"href":"https:\/\/avogel.fr\/blog\/wp-json\/wp\/v2\/media\/8581"}],"wp:attachment":[{"href":"https:\/\/avogel.fr\/blog\/wp-json\/wp\/v2\/media?parent=9289"}],"wp:term":[{"taxonomy":"category","embeddable":true,"href":"https:\/\/avogel.fr\/blog\/wp-json\/wp\/v2\/categories?post=9289"},{"taxonomy":"post_tag","embeddable":true,"href":"https:\/\/avogel.fr\/blog\/wp-json\/wp\/v2\/tags?post=9289"}],"curies":[{"name":"wp","href":"https:\/\/api.w.org\/{rel}","templated":true}]}}