{"id":9250,"date":"2022-12-08T13:35:33","date_gmt":"2022-12-08T12:35:33","guid":{"rendered":"https:\/\/avogel.fr\/blog\/?p=9250"},"modified":"2022-12-08T13:44:08","modified_gmt":"2022-12-08T12:44:08","slug":"iode-et-metabolisme","status":"publish","type":"post","link":"https:\/\/avogel.fr\/blog\/metabolisme\/iode-et-metabolisme\/","title":{"rendered":"Iode et m\u00e9tabolisme"},"content":{"rendered":"<p>Notre corps a besoin d&rsquo;un apport suffisant et r\u00e9gulier d&rsquo;iode dans l&rsquo;alimentation pour que la glande thyro\u00efde puisse produire ses hormones vitales, la thyroxine qui se transforme triiodothyronine. Ces hormones r\u00e9gulent l&rsquo;ensemble du m\u00e9tabolisme et du m\u00e9tabolisme de base.<\/p>\n<p>Lorsque la thyro\u00efde est \u00e9puis\u00e9e les sympt\u00f4mes sont : frilosit\u00e9, gain de poids, perte de cheveux, manque d\u2019\u00e9nergie (plus prononc\u00e9 au lever) et besoin de plus de sommeil. Chez les enfants, une l\u00e9g\u00e8re hypothyro\u00efdie peut ralentir le d\u00e9veloppement physique et mental. Chez les personnes \u00e2g\u00e9es, l\u2019hypothyro\u00efdie peut \u00eatre prise \u00e0 tort pour une d\u00e9pression ou un \u00e9tat de grande fatigue d\u00fb au vieillissement.<\/p>\n<p>&nbsp;<\/p>\n<h2><span style=\"color: #339966;\">La glande thyro\u00efde<\/span><\/h2>\n<p>&nbsp;<\/p>\n<p>La thyro\u00efde, qui n&rsquo;a que la taille d&rsquo;une noix et qui est situ\u00e9e juste sous le larynx, est la plus grande glande hormonale de l&rsquo;\u00eatre humain. En forme de papillon, la thyro\u00efde est situ\u00e9e sous le larynx, devant la trach\u00e9e. Ses lobes gauche et droit sont reli\u00e9s par une bande \u00e9troite (isthme).<\/p>\n<p>Les hormones qu&rsquo;elle produit influencent la division et la croissance des cellules et participent \u00e0 de nombreux processus biologiques. Elles r\u00e9gulent l&rsquo;activit\u00e9 cardiaque, la temp\u00e9rature corporelle, la circulation sanguine, le m\u00e9tabolisme et le syst\u00e8me nerveux. Chez l&rsquo;enfant, elles assurent une croissance saine et le d\u00e9veloppement du cerveau.<\/p>\n<p>Pour que cet organe fonctionne correctement, il a surtout besoin d&rsquo;iode. Le corps ne peut pas le produire lui-m\u00eame, il faut donc l&rsquo;apporter par l&rsquo;alimentation. Il est recommand\u00e9 aux adultes de consommer environ 200 microgrammes par jour, ce qui correspond \u00e0 deux repas de poisson de mer par semaine, au minimum.<\/p>\n<p>&nbsp;<\/p>\n<h3><span style=\"color: #339966;\">Les hormones thyro\u00efdiennes<\/span><\/h3>\n<p>&nbsp;<\/p>\n<p>La t\u00e2che principale de la glande thyro\u00efde consiste \u00e0 stocker l&rsquo;iode et \u00e0 produire l&rsquo;hormone iod\u00e9e thyroxine, en abr\u00e9g\u00e9 T4. Dans le sang, la thyroxine est transform\u00e9e en triiodothyronine (T3). Dans la circulation sanguine, la T3 et la T4 sont en grande partie li\u00e9es aux prot\u00e9ines sanguines. En cas de besoin, de la T4 libre (fT4) et de la T3 libre (fT3) sont produites, c&rsquo;est-\u00e0-dire non li\u00e9es aux prot\u00e9ines. Seule une infime partie (moins de 1%) est pr\u00e9sente librement dans le s\u00e9rum sanguin et agit activement sur les organes et le corps.<\/p>\n<p>La formation des hormones thyro\u00efdiennes est r\u00e9gul\u00e9e par l&rsquo;hypothalamus (partie du dienc\u00e9phale, un centre de contr\u00f4le important) et l&rsquo;hypophyse (glande pituitaire) qui lui est reli\u00e9e. L&rsquo;hypothalamus s\u00e9cr\u00e8te l&rsquo;hormone TRH (thyrotropine releasing hormone), qui stimule la lib\u00e9ration de TSH dans l&rsquo;hypophyse. TSH est l&rsquo;abr\u00e9viation de Thyroidea-stimuling hormone, c&rsquo;est-\u00e0-dire l&rsquo;hormone qui stimule la thyro\u00efde. La s\u00e9cr\u00e9tion de TSH est \u00e0 son tour d\u00e9termin\u00e9e par la quantit\u00e9 d&rsquo;hormones thyro\u00efdiennes T4 et T3 dans le sang. S&rsquo;il y en a trop, la s\u00e9cr\u00e9tion de TSH est r\u00e9duite, s&rsquo;il y en a trop peu, elle est stimul\u00e9e.<\/p>\n<p>Les parathyro\u00efdes correspondent aux quatre glandes de la taille d&rsquo;une lentille situ\u00e9es \u00e0 l&rsquo;arri\u00e8re de la thyro\u00efde. L&rsquo;hormone qu&rsquo;elles produisent r\u00e9gule l&rsquo;\u00e9quilibre du calcium et du phosphate. Une carence en s\u00e9l\u00e9nium, en fer, en zinc et en vitamine A peut avoir une influence n\u00e9gative sur le m\u00e9tabolisme de l&rsquo;iode. Ces substances vitales ne devraient toutefois \u00eatre prises en compl\u00e9ment qu&rsquo;apr\u00e8s une carence constat\u00e9e par un m\u00e9decin.<\/p>\n<p>&nbsp;<\/p>\n<h2><span style=\"color: #339966;\">L\u2019hypothyro\u00efdie et la carence d\u2019iode<\/span><\/h2>\n<p>&nbsp;<\/p>\n<p>Si une carence extr\u00eame en iode entra\u00eene un manque d&rsquo;hormones thyro\u00efdiennes (hypothyro\u00efdie, Hypo = trop bas, thyro\u00efde = glande thyro\u00efde), cela se traduit d&rsquo;abord chez l&rsquo;adulte par une perturbation du bien-\u00eatre, un manque de motivation, de concentration et une sensation de froid persistante.<\/p>\n<p>D\u2019autre sympt\u00f4mes courants sont la prise de poids, l\u2019ass\u00e8chement et le palissement de la peau, la perte de cheveux, une digestion perturb\u00e9e, une fatigue physique et mentale, des troubles du sommeil et un \u00e9tat d\u00e9pressif, voire une st\u00e9rilit\u00e9 chez l&rsquo;homme et la femme.<\/p>\n<p>L\u2019hypothyro\u00efdie a aussi pour effet de diminuer la r\u00e9sistance aux infections.<\/p>\n<p>&nbsp;<\/p>\n<h2><span style=\"color: #339966;\">Aliments contenant de l&rsquo;iode<\/span><\/h2>\n<p>&nbsp;<\/p>\n<p>Tout ce qui provient de la mer est riche en iode. Un repas de poisson peut, selon le type de poisson et la taille de la portion, couvrir l&rsquo;apport recommand\u00e9 en iode pour plus d&rsquo;une journ\u00e9e. Il est donc recommand\u00e9 de prendre un repas \u00e0 base de poisson (de mer) deux fois par semaine.<\/p>\n<p>Le s\u00e9l\u00e9nium est \u00e9galement important pour la thyro\u00efde. Ce n&rsquo;est qu&rsquo;avec son aide que les hormones produites par cet organe deviennent actives dans le corps. Le s\u00e9l\u00e9nium se trouve par exemple dans les noix du Br\u00e9sil, les flocons d&rsquo;avoine, les champignons, les lentilles, les brocolis, les asperges, le chou blanc, les \u0153ufs, la viande, les abats et le poisson.<\/p>\n<p>&nbsp;<\/p>\n<h2><span style=\"color: #339966;\">Rem\u00e8des naturels et hypothyro\u00efdie<\/span><\/h2>\n<p>&nbsp;<\/p>\n<p>\u00c9labor\u00e9 \u00e0 partir de l&rsquo;algue marine Kelp, riche en Iode, le <a href=\"https:\/\/avogel.fr\/nos-produits\/1028-Kelpasan-comprimes.html\">Kelpasan d\u2019A.Vogel<\/a>, aide \u00e0 pr\u00e9venir les cas d\u2019hypothyro\u00efdie associ\u00e9s \u00e0 la carence de cet oligo-\u00e9l\u00e9ment.<\/p>\n<p>Afin de ne pas risquer de d\u00e9passer l&rsquo;apport journalier maximal en iode, nous vous recommandons d\u2019\u00e9viter la consommation d&rsquo;algues s\u00e9ch\u00e9es ou d&rsquo;algues d&rsquo;origine inconnue lorsque vous consommez ce compl\u00e9ment alimentaire. Consultez votre m\u00e9decin traitant pour vous assurer que ce compl\u00e9ment est adapt\u00e9 pour vous.<\/p>\n<p>&nbsp;<\/p>\n<h2><span style=\"color: #339966;\">Autres suggestions en cas d&rsquo;hypothyro\u00efdie<\/span><\/h2>\n<p>&nbsp;<\/p>\n<p>Pour tous les probl\u00e8mes de thyro\u00efde, il est recommand\u00e9 de pratiquer <a href=\"https:\/\/avogel.fr\/blog\/sport\/re-commencez-a-faire-du-sport-pour-vous-sentir-bien\/\">une activit\u00e9 physique r\u00e9guli\u00e8re<\/a>, en particulier un sport d&rsquo;endurance. Cela permet de lutter naturellement contre <a href=\"https:\/\/avogel.fr\/blog\/bien-etre\/perdre-du-poids-sans-regime-avec-les-plantes\/\">le surpoids<\/a>, les troubles du sommeil, les humeurs d\u00e9pressives et de nombreux autres sympt\u00f4mes.<\/p>\n","protected":false},"excerpt":{"rendered":"<p>Notre corps a besoin d&rsquo;un apport suffisant et r\u00e9gulier d&rsquo;iode dans l&rsquo;alimentation pour que la glande thyro\u00efde puisse produire ses hormones vitales, la thyroxine qui se transforme triiodothyronine. Ces hormones r\u00e9gulent l&rsquo;ensemble du m\u00e9tabolisme et du m\u00e9tabolisme de base. Lorsque la thyro\u00efde est \u00e9puis\u00e9e les sympt\u00f4mes sont : frilosit\u00e9, gain de poids, perte de cheveux, [&hellip;]<\/p>\n","protected":false},"author":17,"featured_media":8755,"comment_status":"closed","ping_status":"closed","sticky":false,"template":"","format":"standard","meta":{"_acf_changed":false,"footnotes":""},"categories":[1585],"tags":[],"class_list":["post-9250","post","type-post","status-publish","format-standard","has-post-thumbnail","hentry","category-metabolisme"],"acf":[],"yoast_head":"<!-- This site is optimized with the Yoast SEO plugin v22.0 - https:\/\/yoast.com\/wordpress\/plugins\/seo\/ -->\n<title>Carence en iode et hypothyro\u00efdie | A.Vogel<\/title>\n<meta name=\"description\" content=\"Les conseils d\u2019A.Vogel pour \u00e9viter les carences en iode et garder la fonction thyro\u00efdienne en \u00e9quilibre.\" \/>\n<meta name=\"robots\" content=\"index, follow, max-snippet:-1, max-image-preview:large, max-video-preview:-1\" \/>\n<link rel=\"canonical\" href=\"https:\/\/avogel.fr\/blog\/metabolisme\/iode-et-metabolisme\/\" \/>\n<meta property=\"og:locale\" content=\"fr_FR\" \/>\n<meta property=\"og:type\" content=\"article\" \/>\n<meta property=\"og:title\" content=\"Carence en iode et hypothyro\u00efdie | A.Vogel\" \/>\n<meta property=\"og:description\" content=\"Les conseils d\u2019A.Vogel pour \u00e9viter les carences en iode et garder la fonction thyro\u00efdienne en \u00e9quilibre.\" \/>\n<meta property=\"og:url\" content=\"https:\/\/avogel.fr\/blog\/metabolisme\/iode-et-metabolisme\/\" \/>\n<meta property=\"og:site_name\" content=\"A.Vogel - Compl\u00e9ments alimentaires naturels\" \/>\n<meta property=\"article:published_time\" content=\"2022-12-08T12:35:33+00:00\" \/>\n<meta property=\"article:modified_time\" content=\"2022-12-08T12:44:08+00:00\" \/>\n<meta property=\"og:image\" content=\"https:\/\/avogel.fr\/blog\/wp-content\/uploads\/2015\/10\/digestion-essentielle-a-notre-sante.jpg\" \/>\n\t<meta property=\"og:image:width\" content=\"1200\" \/>\n\t<meta property=\"og:image:height\" content=\"627\" \/>\n\t<meta property=\"og:image:type\" content=\"image\/jpeg\" \/>\n<meta name=\"author\" content=\"ysid\" \/>\n<meta name=\"twitter:card\" content=\"summary_large_image\" \/>\n<meta name=\"twitter:label1\" content=\"\u00c9crit par\" \/>\n\t<meta name=\"twitter:data1\" content=\"ysid\" \/>\n\t<meta name=\"twitter:label2\" content=\"Dur\u00e9e de lecture estim\u00e9e\" \/>\n\t<meta name=\"twitter:data2\" content=\"5 minutes\" \/>\n<script type=\"application\/ld+json\" class=\"yoast-schema-graph\">{\"@context\":\"https:\/\/schema.org\",\"@graph\":[{\"@type\":\"WebPage\",\"@id\":\"https:\/\/avogel.fr\/blog\/metabolisme\/iode-et-metabolisme\/\",\"url\":\"https:\/\/avogel.fr\/blog\/metabolisme\/iode-et-metabolisme\/\",\"name\":\"Carence en iode et hypothyro\u00efdie | A.Vogel\",\"isPartOf\":{\"@id\":\"https:\/\/avogel.fr\/blog\/#website\"},\"datePublished\":\"2022-12-08T12:35:33+00:00\",\"dateModified\":\"2022-12-08T12:44:08+00:00\",\"author\":{\"@id\":\"https:\/\/avogel.fr\/blog\/#\/schema\/person\/882e946b7c5cb320ab225ef6d9499fd5\"},\"description\":\"Les conseils d\u2019A.Vogel pour \u00e9viter les carences en iode et garder la fonction thyro\u00efdienne en \u00e9quilibre.\",\"breadcrumb\":{\"@id\":\"https:\/\/avogel.fr\/blog\/metabolisme\/iode-et-metabolisme\/#breadcrumb\"},\"inLanguage\":\"fr-FR\",\"potentialAction\":[{\"@type\":\"ReadAction\",\"target\":[\"https:\/\/avogel.fr\/blog\/metabolisme\/iode-et-metabolisme\/\"]}]},{\"@type\":\"BreadcrumbList\",\"@id\":\"https:\/\/avogel.fr\/blog\/metabolisme\/iode-et-metabolisme\/#breadcrumb\",\"itemListElement\":[{\"@type\":\"ListItem\",\"position\":1,\"name\":\"Accueil\",\"item\":\"https:\/\/avogel.fr\/blog\/\"},{\"@type\":\"ListItem\",\"position\":2,\"name\":\"Iode et m\u00e9tabolisme\"}]},{\"@type\":\"WebSite\",\"@id\":\"https:\/\/avogel.fr\/blog\/#website\",\"url\":\"https:\/\/avogel.fr\/blog\/\",\"name\":\"A.Vogel - Compl\u00e9ments alimentaires naturels\",\"description\":\"Retrouvez tous nos conseils pour rester naturellement fort - Compl\u00e9ments \u00e0 base de plantes fra\u00eeches biologiques\",\"potentialAction\":[{\"@type\":\"SearchAction\",\"target\":{\"@type\":\"EntryPoint\",\"urlTemplate\":\"https:\/\/avogel.fr\/blog\/?s={search_term_string}\"},\"query-input\":\"required name=search_term_string\"}],\"inLanguage\":\"fr-FR\"},{\"@type\":\"Person\",\"@id\":\"https:\/\/avogel.fr\/blog\/#\/schema\/person\/882e946b7c5cb320ab225ef6d9499fd5\",\"name\":\"ysid\",\"url\":\"https:\/\/avogel.fr\/blog\/author\/ysid\/\"}]}<\/script>\n<!-- \/ Yoast SEO plugin. -->","yoast_head_json":{"title":"Carence en iode et hypothyro\u00efdie | A.Vogel","description":"Les conseils d\u2019A.Vogel pour \u00e9viter les carences en iode et garder la fonction thyro\u00efdienne en \u00e9quilibre.","robots":{"index":"index","follow":"follow","max-snippet":"max-snippet:-1","max-image-preview":"max-image-preview:large","max-video-preview":"max-video-preview:-1"},"canonical":"https:\/\/avogel.fr\/blog\/metabolisme\/iode-et-metabolisme\/","og_locale":"fr_FR","og_type":"article","og_title":"Carence en iode et hypothyro\u00efdie | A.Vogel","og_description":"Les conseils d\u2019A.Vogel pour \u00e9viter les carences en iode et garder la fonction thyro\u00efdienne en \u00e9quilibre.","og_url":"https:\/\/avogel.fr\/blog\/metabolisme\/iode-et-metabolisme\/","og_site_name":"A.Vogel - Compl\u00e9ments alimentaires naturels","article_published_time":"2022-12-08T12:35:33+00:00","article_modified_time":"2022-12-08T12:44:08+00:00","og_image":[{"width":1200,"height":627,"url":"https:\/\/avogel.fr\/blog\/wp-content\/uploads\/2015\/10\/digestion-essentielle-a-notre-sante.jpg","type":"image\/jpeg"}],"author":"ysid","twitter_card":"summary_large_image","twitter_misc":{"\u00c9crit par":"ysid","Dur\u00e9e de lecture estim\u00e9e":"5 minutes"},"schema":{"@context":"https:\/\/schema.org","@graph":[{"@type":"WebPage","@id":"https:\/\/avogel.fr\/blog\/metabolisme\/iode-et-metabolisme\/","url":"https:\/\/avogel.fr\/blog\/metabolisme\/iode-et-metabolisme\/","name":"Carence en iode et hypothyro\u00efdie | A.Vogel","isPartOf":{"@id":"https:\/\/avogel.fr\/blog\/#website"},"datePublished":"2022-12-08T12:35:33+00:00","dateModified":"2022-12-08T12:44:08+00:00","author":{"@id":"https:\/\/avogel.fr\/blog\/#\/schema\/person\/882e946b7c5cb320ab225ef6d9499fd5"},"description":"Les conseils d\u2019A.Vogel pour \u00e9viter les carences en iode et garder la fonction thyro\u00efdienne en \u00e9quilibre.","breadcrumb":{"@id":"https:\/\/avogel.fr\/blog\/metabolisme\/iode-et-metabolisme\/#breadcrumb"},"inLanguage":"fr-FR","potentialAction":[{"@type":"ReadAction","target":["https:\/\/avogel.fr\/blog\/metabolisme\/iode-et-metabolisme\/"]}]},{"@type":"BreadcrumbList","@id":"https:\/\/avogel.fr\/blog\/metabolisme\/iode-et-metabolisme\/#breadcrumb","itemListElement":[{"@type":"ListItem","position":1,"name":"Accueil","item":"https:\/\/avogel.fr\/blog\/"},{"@type":"ListItem","position":2,"name":"Iode et m\u00e9tabolisme"}]},{"@type":"WebSite","@id":"https:\/\/avogel.fr\/blog\/#website","url":"https:\/\/avogel.fr\/blog\/","name":"A.Vogel - Compl\u00e9ments alimentaires naturels","description":"Retrouvez tous nos conseils pour rester naturellement fort - Compl\u00e9ments \u00e0 base de plantes fra\u00eeches biologiques","potentialAction":[{"@type":"SearchAction","target":{"@type":"EntryPoint","urlTemplate":"https:\/\/avogel.fr\/blog\/?s={search_term_string}"},"query-input":"required name=search_term_string"}],"inLanguage":"fr-FR"},{"@type":"Person","@id":"https:\/\/avogel.fr\/blog\/#\/schema\/person\/882e946b7c5cb320ab225ef6d9499fd5","name":"ysid","url":"https:\/\/avogel.fr\/blog\/author\/ysid\/"}]}},"_links":{"self":[{"href":"https:\/\/avogel.fr\/blog\/wp-json\/wp\/v2\/posts\/9250","targetHints":{"allow":["GET"]}}],"collection":[{"href":"https:\/\/avogel.fr\/blog\/wp-json\/wp\/v2\/posts"}],"about":[{"href":"https:\/\/avogel.fr\/blog\/wp-json\/wp\/v2\/types\/post"}],"author":[{"embeddable":true,"href":"https:\/\/avogel.fr\/blog\/wp-json\/wp\/v2\/users\/17"}],"replies":[{"embeddable":true,"href":"https:\/\/avogel.fr\/blog\/wp-json\/wp\/v2\/comments?post=9250"}],"version-history":[{"count":4,"href":"https:\/\/avogel.fr\/blog\/wp-json\/wp\/v2\/posts\/9250\/revisions"}],"predecessor-version":[{"id":9277,"href":"https:\/\/avogel.fr\/blog\/wp-json\/wp\/v2\/posts\/9250\/revisions\/9277"}],"wp:featuredmedia":[{"embeddable":true,"href":"https:\/\/avogel.fr\/blog\/wp-json\/wp\/v2\/media\/8755"}],"wp:attachment":[{"href":"https:\/\/avogel.fr\/blog\/wp-json\/wp\/v2\/media?parent=9250"}],"wp:term":[{"taxonomy":"category","embeddable":true,"href":"https:\/\/avogel.fr\/blog\/wp-json\/wp\/v2\/categories?post=9250"},{"taxonomy":"post_tag","embeddable":true,"href":"https:\/\/avogel.fr\/blog\/wp-json\/wp\/v2\/tags?post=9250"}],"curies":[{"name":"wp","href":"https:\/\/api.w.org\/{rel}","templated":true}]}}