{"id":8854,"date":"2022-04-12T09:41:51","date_gmt":"2022-04-12T07:41:51","guid":{"rendered":"https:\/\/avogel.fr\/blog\/?p=8854"},"modified":"2022-04-12T12:10:10","modified_gmt":"2022-04-12T10:10:10","slug":"comment-bien-se-reveiller-naturellement","status":"publish","type":"post","link":"https:\/\/avogel.fr\/blog\/sommeil\/comment-bien-se-reveiller-naturellement\/","title":{"rendered":"Comment bien se r\u00e9veiller naturellement ?"},"content":{"rendered":"<p>Les personnes qui ont pass\u00e9 une bonne nuit de sommeil ont tendance \u00e0 se r\u00e9veiller d&rsquo;elles-m\u00eames, sans besoin de radio-r\u00e9veil. Pour d\u2019autres, inimaginable d\u2019\u00eatre \u00e0 l\u2019heure au travail ou \u00e0 ses rendez-vous sans avoir recours au strident bip-bip ou \u00e0 la voix exag\u00e9r\u00e9ment enjou\u00e9e d&rsquo;un animateur radio de son r\u00e9veil. Les adultes ont besoin de dormir entre sept et neuf heures par nuit en moyenne. Mais selon les chercheurs, la majorit\u00e9 des gens souffrent d\u2019un d\u00e9ficit de sommeil : en effet nous nous couchons g\u00e9n\u00e9ralement trop tard, et la qualit\u00e9 de sommeil n\u2019est pas bonne.<\/p>\n<p>Quels sont les m\u00e9canismes qui participent \u00e0 la phase de r\u00e9veil de notre corps ? Quel est le r\u00f4le de la lumi\u00e8re dans ce processus ? D\u00e9couvrez nos conseils pour bien se r\u00e9veiller naturellement.<\/p>\n<p>&nbsp;<\/p>\n<h2><span style=\"color: #339966;\">Que se passe-t-il dans note corps au moment de la phase de r\u00e9veil ?<\/span><\/h2>\n<p>&nbsp;<\/p>\n<p>Le corps r\u00e9gule le processus du r\u00e9veil de mani\u00e8re naturelle. La biologie humaine veille \u00e0 ce que nous ne dormions pas ind\u00e9finiment telle la Belle aux Bois Dormant!<br \/>\nEn effet le corps humain suit une horloge biologique interne soumise \u00e0 un rythme circadien, soit un cycle d&rsquo;environ 24 heures, qui r\u00e9git entre autres l\u2019alternance veille-sommeil, la temp\u00e9rature du corps et la s\u00e9cr\u00e9tion de plusieurs hormones.<\/p>\n<p>Une \u00e0 deux heures avant le r\u00e9veil proprement dit, notre organisme s\u2019active pour mettre en route la phase de r\u00e9veil.<\/p>\n<p>-la m\u00e9latonine produite pendant la nuit diminue<br \/>\n-la temp\u00e9rature corporelle et le rythme cardiaque augmentent progressivement<br \/>\n-le taux de cortisol dans le sang et la production de salive augmentent \u00e9galement.<\/p>\n<p>Dans les 30 \u00e0 45 minutes apr\u00e8s le r\u00e9veil se produit la r\u00e9action d&rsquo;\u00e9veil au cortisol (CAR = Cortisol awakening response) qui fait qu\u2019on se sent plein d\u2019\u00e9nergie au r\u00e9veil et joue un v\u00e9ritable r\u00f4le de starter du corps face au stress de la journ\u00e9e \u00e0 venir.<\/p>\n<p>En 2018, des neuroscientifiques bernois ont d\u00e9couvert que le contr\u00f4le du rythme veille-sommeil se fait via une seule commande centrale dans le cerveau, localis\u00e9e au sein d\u2019un petit groupe de cellules nerveuses du thalamus (centre de contr\u00f4le de fonctions telles que la faim, le dynamisme, le stress ou l&rsquo;\u00e9veil\u2026). En fonction de leur activit\u00e9 \u00e9lectrique, ces cellules donnent le signal au corps de se r\u00e9veiller ou de s&rsquo;endormir.<\/p>\n<p>&nbsp;<\/p>\n<h2><span style=\"color: #339966;\">Le r\u00f4le de la lumi\u00e8re du jour dans la phase d\u2019\u00e9veil<\/span><\/h2>\n<p>&nbsp;<\/p>\n<p>En stimulant la production de s\u00e9rotonine et en diminuant celle de la m\u00e9latonine, la lumi\u00e8re du jour favorise la production de cortisol et exerce ainsi une grande influence sur le rythme circadien, le cycle biologique de 24 heures qui r\u00e9gule notre corps.<\/p>\n<p>Pourtant la lumi\u00e8re joue sans doute un r\u00f4le moins important qu&rsquo;on pourrait le penser au moment du r\u00e9veil. En effet, la lumi\u00e8re du jour n\u2019est pas essentielle pour nous r\u00e9veiller : apr\u00e8s avoir suffisamment dormi, nous pouvons nous r\u00e9veiller dans l\u2019obscurit\u00e9 sans probl\u00e8mes.<\/p>\n<p>Il faut donc plut\u00f4t raisonner en termes d\u2019ondes de couleurs plut\u00f4t que de lumi\u00e8re : les rayons de la lumi\u00e8re du jour sont en partie bleus (rayons ultraviolets). Or nos paupi\u00e8res, irrigu\u00e9es par le sang, sont les seuls organes de notre corps qui per\u00e7oivent les ondes lumineuses, elles ont donc un r\u00f4le de filtre de cette lumi\u00e8re bleue. Les recherches scientifiques n\u2019ont pas r\u00e9ussi \u00e0 d\u00e9terminer la quantit\u00e9 d\u2019ondes bleues n\u00e9cessaire pour d\u00e9clencher l\u2019activation des paupi\u00e8res pour ainsi g\u00e9n\u00e9rer la phase de r\u00e9veil.<\/p>\n<p>&nbsp;<\/p>\n<h2><span style=\"color: #339966;\">Conseils pour bien se r\u00e9veiller naturellement<\/span><\/h2>\n<p>&nbsp;<\/p>\n<h3><span style=\"color: #339966;\">Se r\u00e9veiller avec la lumi\u00e8re du jour<\/span><\/h3>\n<p>Jusqu&rsquo;\u00e0 pr\u00e9sent, il n&rsquo;y a pas eu d&rsquo;\u00e9tudes de qualit\u00e9 pour savoir si un r\u00e9veil \u00e0 la lumi\u00e8re du jour contribuerait \u00e0 mieux se r\u00e9veiller ou non. Mais une \u00e9tude de chercheurs b\u00e2lois portant sur la simulation de lever de soleil a r\u00e9v\u00e9l\u00e9 que la lumi\u00e8re du jour permettait \u00e0 un petit groupe de personnes de se lever plus t\u00f4t et d\u2019\u00eatre de meilleure humeur le matin, par rapport \u00e0 un groupe contr\u00f4le. Si vous le pouvez, programmez votre heure de lever avec les premi\u00e8res lueurs du jour en conservant rideaux et volets ouverts pour faciliter d&rsquo;autant mieux la p\u00e9n\u00e9tration du soleil dans notre int\u00e9rieur.<\/p>\n<p>&nbsp;<\/p>\n<h3><span style=\"color: #339966;\">R\u00e9veil des phases de sommeil<\/span><\/h3>\n<p>Quatre \u00e0 six cycles de sommeil se succ\u00e8dent lors d\u2019une nuit de sommeil mais son organisation varie beaucoup selon l\u2019\u00e2ge et les individus. La premi\u00e8re moiti\u00e9 du sommeil est particuli\u00e8rement riche en sommeil lent profond puis la seconde moiti\u00e9 est essentiellement constitu\u00e9e de sommeil l\u00e9ger puis paradoxal, lors duquel l\u2019activit\u00e9 c\u00e9r\u00e9brale est intense et nous r\u00eavons. Les sp\u00e9cialistes insistent sur l\u2019importance d\u2019\u00e9tablir et de respecter un rythme de sommeil r\u00e9gulier en \u00e9vitant de se coucher trop tard, y compris le week-end, et limitant si possible les nuits blanches.<\/p>\n<p>&nbsp;<\/p>\n<h3><span style=\"color: #339966;\">R\u00e9veil olfactif<\/span><\/h3>\n<p>Se r\u00e9veiller en douceur gr\u00e2ce \u00e0 des odeurs agr\u00e9ables : c&rsquo;est le principe du r\u00e9veil parfum\u00e9. Un appareil servant de r\u00e9veil comporte des capsules parfum\u00e9es qui lib\u00e8rent l&rsquo;odeur de r\u00e9veil souhait\u00e9e \u00e0 l&rsquo;heure programm\u00e9e. L&rsquo;id\u00e9e originale vient d\u2019un jeune Fran\u00e7ais de 18 ans, Guillaume Rolland, puis l\u2019innovation a \u00e9t\u00e9 reprise par divers fabricants. Il semblerait que cette m\u00e9thode de r\u00e9veil olfactif a aid\u00e9 les personnes souffrant de troubles auditifs ou ayant une grande affinit\u00e9 avec les parfums. Mais \u00e0 ce jour, il y a peu d\u2019\u00e9tudes sur la v\u00e9ritable efficacit\u00e9 des r\u00e9veils parfum\u00e9s.<\/p>\n<p>&nbsp;<\/p>\n<h3><span style=\"color: #339966;\">Les plantes pour favoriser un sommeil r\u00e9parateur<\/span><\/h3>\n<p>L\u2019utilisation de certaines plantes m\u00e9dicinales est une solution naturelle et sans addiction pour favoriser l\u2019endormissement et ainsi am\u00e9liorer la qualit\u00e9 du sommeil.<\/p>\n<p>Les plantes propos\u00e9es contre les troubles du sommeil sont essentiellement des plantes aux propri\u00e9t\u00e9s calmantes, s\u00e9datives et relaxantes telles que :<\/p>\n<p>\u2022 <a href=\"https:\/\/avogel.fr\/sommeil-stress\/1018-epf-valeriane.html\">L\u2019extrait de plantes fraiches de val\u00e9riane<\/a>, qui favorise l\u2019endormissement, aide \u00e0 maintenir un sommeil naturel tout en maintenant un bon fonctionnement cognitif (m\u00e9moire, langage, raisonnement, apprentissage, &#8230;)<br \/>\n\u2022 <a href=\"https:\/\/avogel.fr\/sommeil-stress\/1013-epf-passiflore.html\">L\u2019extrait de plantes fraiches de passiflore<\/a>, ayant une action s\u00e9dative et permet d&rsquo;induire un sommeil facile, rapide et r\u00e9parateur. Cette action s&rsquo;accompagne \u00e9galement d&rsquo;un effet apaisant sur le moral et l&rsquo;humeur<br \/>\n\u2022 <a href=\"https:\/\/avogel.fr\/sommeil-stress\/1006-epf-avoine.html\">L\u2019extrait de plantes fra\u00eeches d\u2019avoine<\/a> pour favoriser le sommeil, aider \u00e0 la relaxation et assister le processus de d\u00e9sintoxication et de digestion de l\u2019organisme.<\/p>\n<p>Ces plantes peuvent \u00eatre utilis\u00e9es s\u00e9par\u00e9ment ou dans des <a href=\"https:\/\/avogel.fr\/sommeil-stress\/1022-complexe-sommeil.html\">formules compos\u00e9es de plusieurs plantes<\/a> pour concentrer les effets b\u00e9n\u00e9fiques sur la qualit\u00e9 du sommeil.<\/p>\n","protected":false},"excerpt":{"rendered":"<p>Les personnes qui ont pass\u00e9 une bonne nuit de sommeil ont tendance \u00e0 se r\u00e9veiller d&rsquo;elles-m\u00eames, sans besoin de radio-r\u00e9veil. Pour d\u2019autres, inimaginable d\u2019\u00eatre \u00e0 l\u2019heure au travail ou \u00e0 ses rendez-vous sans avoir recours au strident bip-bip ou \u00e0 la voix exag\u00e9r\u00e9ment enjou\u00e9e d&rsquo;un animateur radio de son r\u00e9veil. Les adultes ont besoin de [&hellip;]<\/p>\n","protected":false},"author":17,"featured_media":8887,"comment_status":"closed","ping_status":"closed","sticky":false,"template":"","format":"standard","meta":{"_acf_changed":false,"footnotes":""},"categories":[1567],"tags":[],"class_list":["post-8854","post","type-post","status-publish","format-standard","has-post-thumbnail","hentry","category-sommeil"],"acf":[],"yoast_head":"<!-- This site is optimized with the Yoast SEO plugin v22.0 - https:\/\/yoast.com\/wordpress\/plugins\/seo\/ -->\n<title>Comment bien se r\u00e9veiller naturellement ? | A.Vogel<\/title>\n<meta name=\"description\" content=\"Quels sont les m\u00e9canismes qui participent \u00e0 la phase de r\u00e9veil de notre corps le matin ? D\u00e9couvrez nos conseils pour bien se r\u00e9veiller naturellement.\" \/>\n<meta name=\"robots\" content=\"index, follow, max-snippet:-1, max-image-preview:large, max-video-preview:-1\" \/>\n<link rel=\"canonical\" href=\"https:\/\/avogel.fr\/blog\/sommeil\/comment-bien-se-reveiller-naturellement\/\" \/>\n<meta property=\"og:locale\" content=\"fr_FR\" \/>\n<meta property=\"og:type\" content=\"article\" \/>\n<meta property=\"og:title\" content=\"Comment bien se r\u00e9veiller naturellement ? | A.Vogel\" \/>\n<meta property=\"og:description\" content=\"Quels sont les m\u00e9canismes qui participent \u00e0 la phase de r\u00e9veil de notre corps le matin ? D\u00e9couvrez nos conseils pour bien se r\u00e9veiller naturellement.\" \/>\n<meta property=\"og:url\" content=\"https:\/\/avogel.fr\/blog\/sommeil\/comment-bien-se-reveiller-naturellement\/\" \/>\n<meta property=\"og:site_name\" content=\"A.Vogel - Compl\u00e9ments alimentaires naturels\" \/>\n<meta property=\"article:published_time\" content=\"2022-04-12T07:41:51+00:00\" \/>\n<meta property=\"article:modified_time\" content=\"2022-04-12T10:10:10+00:00\" \/>\n<meta property=\"og:image\" content=\"http:\/\/avogel.fr\/blog\/wp-content\/uploads\/2022\/04\/reveil-naturel-1.jpg\" \/>\n\t<meta property=\"og:image:width\" content=\"1200\" \/>\n\t<meta property=\"og:image:height\" content=\"627\" \/>\n\t<meta property=\"og:image:type\" content=\"image\/jpeg\" \/>\n<meta name=\"author\" content=\"ysid\" \/>\n<meta name=\"twitter:card\" content=\"summary_large_image\" \/>\n<meta name=\"twitter:label1\" content=\"\u00c9crit par\" \/>\n\t<meta name=\"twitter:data1\" content=\"ysid\" \/>\n\t<meta name=\"twitter:label2\" content=\"Dur\u00e9e de lecture estim\u00e9e\" \/>\n\t<meta name=\"twitter:data2\" content=\"6 minutes\" \/>\n<script type=\"application\/ld+json\" class=\"yoast-schema-graph\">{\"@context\":\"https:\/\/schema.org\",\"@graph\":[{\"@type\":\"WebPage\",\"@id\":\"https:\/\/avogel.fr\/blog\/sommeil\/comment-bien-se-reveiller-naturellement\/\",\"url\":\"https:\/\/avogel.fr\/blog\/sommeil\/comment-bien-se-reveiller-naturellement\/\",\"name\":\"Comment bien se r\u00e9veiller naturellement ? | A.Vogel\",\"isPartOf\":{\"@id\":\"https:\/\/avogel.fr\/blog\/#website\"},\"datePublished\":\"2022-04-12T07:41:51+00:00\",\"dateModified\":\"2022-04-12T10:10:10+00:00\",\"author\":{\"@id\":\"https:\/\/avogel.fr\/blog\/#\/schema\/person\/882e946b7c5cb320ab225ef6d9499fd5\"},\"description\":\"Quels sont les m\u00e9canismes qui participent \u00e0 la phase de r\u00e9veil de notre corps le matin ? D\u00e9couvrez nos conseils pour bien se r\u00e9veiller naturellement.\",\"breadcrumb\":{\"@id\":\"https:\/\/avogel.fr\/blog\/sommeil\/comment-bien-se-reveiller-naturellement\/#breadcrumb\"},\"inLanguage\":\"fr-FR\",\"potentialAction\":[{\"@type\":\"ReadAction\",\"target\":[\"https:\/\/avogel.fr\/blog\/sommeil\/comment-bien-se-reveiller-naturellement\/\"]}]},{\"@type\":\"BreadcrumbList\",\"@id\":\"https:\/\/avogel.fr\/blog\/sommeil\/comment-bien-se-reveiller-naturellement\/#breadcrumb\",\"itemListElement\":[{\"@type\":\"ListItem\",\"position\":1,\"name\":\"Accueil\",\"item\":\"https:\/\/avogel.fr\/blog\/\"},{\"@type\":\"ListItem\",\"position\":2,\"name\":\"Comment bien se r\u00e9veiller naturellement ?\"}]},{\"@type\":\"WebSite\",\"@id\":\"https:\/\/avogel.fr\/blog\/#website\",\"url\":\"https:\/\/avogel.fr\/blog\/\",\"name\":\"A.Vogel - Compl\u00e9ments alimentaires naturels\",\"description\":\"Retrouvez tous nos conseils pour rester naturellement fort - Compl\u00e9ments \u00e0 base de plantes fra\u00eeches biologiques\",\"potentialAction\":[{\"@type\":\"SearchAction\",\"target\":{\"@type\":\"EntryPoint\",\"urlTemplate\":\"https:\/\/avogel.fr\/blog\/?s={search_term_string}\"},\"query-input\":\"required name=search_term_string\"}],\"inLanguage\":\"fr-FR\"},{\"@type\":\"Person\",\"@id\":\"https:\/\/avogel.fr\/blog\/#\/schema\/person\/882e946b7c5cb320ab225ef6d9499fd5\",\"name\":\"ysid\",\"url\":\"https:\/\/avogel.fr\/blog\/author\/ysid\/\"}]}<\/script>\n<!-- \/ Yoast SEO plugin. -->","yoast_head_json":{"title":"Comment bien se r\u00e9veiller naturellement ? | A.Vogel","description":"Quels sont les m\u00e9canismes qui participent \u00e0 la phase de r\u00e9veil de notre corps le matin ? D\u00e9couvrez nos conseils pour bien se r\u00e9veiller naturellement.","robots":{"index":"index","follow":"follow","max-snippet":"max-snippet:-1","max-image-preview":"max-image-preview:large","max-video-preview":"max-video-preview:-1"},"canonical":"https:\/\/avogel.fr\/blog\/sommeil\/comment-bien-se-reveiller-naturellement\/","og_locale":"fr_FR","og_type":"article","og_title":"Comment bien se r\u00e9veiller naturellement ? | A.Vogel","og_description":"Quels sont les m\u00e9canismes qui participent \u00e0 la phase de r\u00e9veil de notre corps le matin ? D\u00e9couvrez nos conseils pour bien se r\u00e9veiller naturellement.","og_url":"https:\/\/avogel.fr\/blog\/sommeil\/comment-bien-se-reveiller-naturellement\/","og_site_name":"A.Vogel - Compl\u00e9ments alimentaires naturels","article_published_time":"2022-04-12T07:41:51+00:00","article_modified_time":"2022-04-12T10:10:10+00:00","og_image":[{"width":1200,"height":627,"url":"http:\/\/avogel.fr\/blog\/wp-content\/uploads\/2022\/04\/reveil-naturel-1.jpg","type":"image\/jpeg"}],"author":"ysid","twitter_card":"summary_large_image","twitter_misc":{"\u00c9crit par":"ysid","Dur\u00e9e de lecture estim\u00e9e":"6 minutes"},"schema":{"@context":"https:\/\/schema.org","@graph":[{"@type":"WebPage","@id":"https:\/\/avogel.fr\/blog\/sommeil\/comment-bien-se-reveiller-naturellement\/","url":"https:\/\/avogel.fr\/blog\/sommeil\/comment-bien-se-reveiller-naturellement\/","name":"Comment bien se r\u00e9veiller naturellement ? | A.Vogel","isPartOf":{"@id":"https:\/\/avogel.fr\/blog\/#website"},"datePublished":"2022-04-12T07:41:51+00:00","dateModified":"2022-04-12T10:10:10+00:00","author":{"@id":"https:\/\/avogel.fr\/blog\/#\/schema\/person\/882e946b7c5cb320ab225ef6d9499fd5"},"description":"Quels sont les m\u00e9canismes qui participent \u00e0 la phase de r\u00e9veil de notre corps le matin ? D\u00e9couvrez nos conseils pour bien se r\u00e9veiller naturellement.","breadcrumb":{"@id":"https:\/\/avogel.fr\/blog\/sommeil\/comment-bien-se-reveiller-naturellement\/#breadcrumb"},"inLanguage":"fr-FR","potentialAction":[{"@type":"ReadAction","target":["https:\/\/avogel.fr\/blog\/sommeil\/comment-bien-se-reveiller-naturellement\/"]}]},{"@type":"BreadcrumbList","@id":"https:\/\/avogel.fr\/blog\/sommeil\/comment-bien-se-reveiller-naturellement\/#breadcrumb","itemListElement":[{"@type":"ListItem","position":1,"name":"Accueil","item":"https:\/\/avogel.fr\/blog\/"},{"@type":"ListItem","position":2,"name":"Comment bien se r\u00e9veiller naturellement ?"}]},{"@type":"WebSite","@id":"https:\/\/avogel.fr\/blog\/#website","url":"https:\/\/avogel.fr\/blog\/","name":"A.Vogel - Compl\u00e9ments alimentaires naturels","description":"Retrouvez tous nos conseils pour rester naturellement fort - Compl\u00e9ments \u00e0 base de plantes fra\u00eeches biologiques","potentialAction":[{"@type":"SearchAction","target":{"@type":"EntryPoint","urlTemplate":"https:\/\/avogel.fr\/blog\/?s={search_term_string}"},"query-input":"required name=search_term_string"}],"inLanguage":"fr-FR"},{"@type":"Person","@id":"https:\/\/avogel.fr\/blog\/#\/schema\/person\/882e946b7c5cb320ab225ef6d9499fd5","name":"ysid","url":"https:\/\/avogel.fr\/blog\/author\/ysid\/"}]}},"_links":{"self":[{"href":"https:\/\/avogel.fr\/blog\/wp-json\/wp\/v2\/posts\/8854","targetHints":{"allow":["GET"]}}],"collection":[{"href":"https:\/\/avogel.fr\/blog\/wp-json\/wp\/v2\/posts"}],"about":[{"href":"https:\/\/avogel.fr\/blog\/wp-json\/wp\/v2\/types\/post"}],"author":[{"embeddable":true,"href":"https:\/\/avogel.fr\/blog\/wp-json\/wp\/v2\/users\/17"}],"replies":[{"embeddable":true,"href":"https:\/\/avogel.fr\/blog\/wp-json\/wp\/v2\/comments?post=8854"}],"version-history":[{"count":8,"href":"https:\/\/avogel.fr\/blog\/wp-json\/wp\/v2\/posts\/8854\/revisions"}],"predecessor-version":[{"id":8886,"href":"https:\/\/avogel.fr\/blog\/wp-json\/wp\/v2\/posts\/8854\/revisions\/8886"}],"wp:featuredmedia":[{"embeddable":true,"href":"https:\/\/avogel.fr\/blog\/wp-json\/wp\/v2\/media\/8887"}],"wp:attachment":[{"href":"https:\/\/avogel.fr\/blog\/wp-json\/wp\/v2\/media?parent=8854"}],"wp:term":[{"taxonomy":"category","embeddable":true,"href":"https:\/\/avogel.fr\/blog\/wp-json\/wp\/v2\/categories?post=8854"},{"taxonomy":"post_tag","embeddable":true,"href":"https:\/\/avogel.fr\/blog\/wp-json\/wp\/v2\/tags?post=8854"}],"curies":[{"name":"wp","href":"https:\/\/api.w.org\/{rel}","templated":true}]}}