{"id":7917,"date":"2018-11-30T11:14:40","date_gmt":"2018-11-30T10:14:40","guid":{"rendered":"https:\/\/www.avogel.fr\/blog\/?p=7917"},"modified":"2021-10-26T16:14:32","modified_gmt":"2021-10-26T14:14:32","slug":"fievre-et-fatigue","status":"publish","type":"post","link":"https:\/\/avogel.fr\/blog\/immunite\/fievre-et-fatigue\/","title":{"rendered":"Fi\u00e8vre et fatigue"},"content":{"rendered":"<p>Votre syst\u00e8me immunitaire est fortement sollicit\u00e9 ! Vous vous sentez tr\u00e8s fatigu\u00e9, vous avez chaud puis froid&#8230; puis chaud. L&rsquo;\u00e9l\u00e9vation de la temp\u00e9rature du corps est un bon signe, m\u00eame si c&rsquo;est d\u00e9sagr\u00e9able. En effet, votre corps est en train de combattre les microbes. C&rsquo;est le moment de vous reposer, rester au chaud \u00e0 la maison, car le repos et le sommeil seront vos meilleurs alli\u00e9s.<\/p>\n<h2>1. Comment faire baisser la fi\u00e8vre<\/h2>\n<ul>\n<li><strong>Renforcez notre syst\u00e8me immunitaire<\/strong> : continuez <a href=\"https:\/\/avogel.fr\/12-complements-alimentaires?q=Besoin-Echinaforce\">votre cure d&rsquo;Echinaforce\u00ae<\/a>\u00a0et augmentez les doses si n\u00e9cessaire <em>(voir posologie sur emballage).<\/em><\/li>\n<li><strong>Dormez beaucoup<\/strong> : cela acc\u00e9l\u00e9rera le processus de gu\u00e9rison ! Si vous avez du mal, d\u00e9couvrez notre gamme de produits \u00e0 base de plantes fra\u00eeches pour <a href=\"https:\/\/avogel.fr\/12-complements-alimentaires?q=Besoin-Sommeil\">trouver le sommeil naturellement<\/a>.<\/li>\n<li><strong>A\u00e9rez votre int\u00e9rieur au moins 2 fois par jour<\/strong> : cela permettra de faire sortir les microbes de votre foyer et aura \u00e9galement un effet revigorant.<\/li>\n<\/ul>\n<h2>2. Hydratez-vous !<\/h2>\n<p>En cas de fi\u00e8vre, votre corps \u00e9vacue beaucoup d&rsquo;eau. Il est donc important de boire suffisamment (au moins 2,5 litres par jour). Pour changer au fil de la journ\u00e9e, jonglez entre l&rsquo;eau min\u00e9rale et des tasses d&rsquo;infusion (tilleul, sureau, sauge ou thym avec un peu de miel) ou optez pour un <a href=\"https:\/\/avogel.fr\/blog\/hot-drink-sureau-echinacea-renforcer-son-immunite\/\">Hot-Drink<\/a> !<\/p>\n<h2>3. Continuez \u00e0 vous soigner<\/h2>\n<p>Vous \u00eates sur la voie de la gu\u00e9rison ! <strong>Continuez d&rsquo;appliquer les conseils que nous vous avons prodigu\u00e9s sur notre blog<\/strong>, dans la rubrique \u00ab\u00a0<a href=\"https:\/\/avogel.fr\/blog\/immunite\/\">immunit\u00e9<\/a>\u00ab\u00a0<\/p>\n","protected":false},"excerpt":{"rendered":"<p>Votre syst\u00e8me immunitaire est fortement sollicit\u00e9 ! Vous vous sentez tr\u00e8s fatigu\u00e9, vous avez chaud puis froid&#8230; puis chaud. L&rsquo;\u00e9l\u00e9vation de la temp\u00e9rature du corps est un bon signe, m\u00eame si c&rsquo;est d\u00e9sagr\u00e9able. En effet, votre corps est en train de combattre les microbes. C&rsquo;est le moment de vous reposer, rester au chaud \u00e0 la [&hellip;]<\/p>\n","protected":false},"author":17,"featured_media":8565,"comment_status":"closed","ping_status":"closed","sticky":false,"template":"","format":"standard","meta":{"_acf_changed":false,"footnotes":""},"categories":[1565],"tags":[],"class_list":["post-7917","post","type-post","status-publish","format-standard","has-post-thumbnail","hentry","category-immunite"],"acf":[],"yoast_head":"<!-- This site is optimized with the Yoast SEO plugin v22.0 - https:\/\/yoast.com\/wordpress\/plugins\/seo\/ -->\n<title>Etat fi\u00e9vreux et fatigue | A.Vogel<\/title>\n<meta name=\"description\" content=\"Avoir de la temp\u00e9rature signifie que votre corps est en train de combattre les microbes. Nos conseils pour bien se reposer quand vous \u00eates fri\u00e9vreux(se)\" \/>\n<meta name=\"robots\" content=\"index, follow, max-snippet:-1, max-image-preview:large, max-video-preview:-1\" \/>\n<link rel=\"canonical\" href=\"https:\/\/avogel.fr\/blog\/immunite\/fievre-et-fatigue\/\" \/>\n<meta property=\"og:locale\" content=\"fr_FR\" \/>\n<meta property=\"og:type\" content=\"article\" \/>\n<meta property=\"og:title\" content=\"Etat fi\u00e9vreux et fatigue | A.Vogel\" \/>\n<meta property=\"og:description\" content=\"Avoir de la temp\u00e9rature signifie que votre corps est en train de combattre les microbes. Nos conseils pour bien se reposer quand vous \u00eates fri\u00e9vreux(se)\" \/>\n<meta property=\"og:url\" content=\"https:\/\/avogel.fr\/blog\/immunite\/fievre-et-fatigue\/\" \/>\n<meta property=\"og:site_name\" content=\"A.Vogel - Compl\u00e9ments alimentaires naturels\" \/>\n<meta property=\"article:published_time\" content=\"2018-11-30T10:14:40+00:00\" \/>\n<meta property=\"article:modified_time\" content=\"2021-10-26T14:14:32+00:00\" \/>\n<meta property=\"og:image\" content=\"https:\/\/avogel.fr\/blog\/wp-content\/uploads\/2018\/11\/comment-lutter-contre-fievre.jpg\" \/>\n\t<meta property=\"og:image:width\" content=\"1200\" \/>\n\t<meta property=\"og:image:height\" content=\"627\" \/>\n\t<meta property=\"og:image:type\" content=\"image\/jpeg\" \/>\n<meta name=\"author\" content=\"ysid\" \/>\n<meta name=\"twitter:card\" content=\"summary_large_image\" \/>\n<meta name=\"twitter:label1\" content=\"\u00c9crit par\" \/>\n\t<meta name=\"twitter:data1\" content=\"ysid\" \/>\n\t<meta name=\"twitter:label2\" content=\"Dur\u00e9e de lecture estim\u00e9e\" \/>\n\t<meta name=\"twitter:data2\" content=\"1 minute\" \/>\n<script type=\"application\/ld+json\" class=\"yoast-schema-graph\">{\"@context\":\"https:\/\/schema.org\",\"@graph\":[{\"@type\":\"WebPage\",\"@id\":\"https:\/\/avogel.fr\/blog\/immunite\/fievre-et-fatigue\/\",\"url\":\"https:\/\/avogel.fr\/blog\/immunite\/fievre-et-fatigue\/\",\"name\":\"Etat fi\u00e9vreux et fatigue | A.Vogel\",\"isPartOf\":{\"@id\":\"https:\/\/avogel.fr\/blog\/#website\"},\"datePublished\":\"2018-11-30T10:14:40+00:00\",\"dateModified\":\"2021-10-26T14:14:32+00:00\",\"author\":{\"@id\":\"https:\/\/avogel.fr\/blog\/#\/schema\/person\/882e946b7c5cb320ab225ef6d9499fd5\"},\"description\":\"Avoir de la temp\u00e9rature signifie que votre corps est en train de combattre les microbes. Nos conseils pour bien se reposer quand vous \u00eates fri\u00e9vreux(se)\",\"breadcrumb\":{\"@id\":\"https:\/\/avogel.fr\/blog\/immunite\/fievre-et-fatigue\/#breadcrumb\"},\"inLanguage\":\"fr-FR\",\"potentialAction\":[{\"@type\":\"ReadAction\",\"target\":[\"https:\/\/avogel.fr\/blog\/immunite\/fievre-et-fatigue\/\"]}]},{\"@type\":\"BreadcrumbList\",\"@id\":\"https:\/\/avogel.fr\/blog\/immunite\/fievre-et-fatigue\/#breadcrumb\",\"itemListElement\":[{\"@type\":\"ListItem\",\"position\":1,\"name\":\"Accueil\",\"item\":\"https:\/\/avogel.fr\/blog\/\"},{\"@type\":\"ListItem\",\"position\":2,\"name\":\"Fi\u00e8vre et fatigue\"}]},{\"@type\":\"WebSite\",\"@id\":\"https:\/\/avogel.fr\/blog\/#website\",\"url\":\"https:\/\/avogel.fr\/blog\/\",\"name\":\"A.Vogel - Compl\u00e9ments alimentaires naturels\",\"description\":\"Retrouvez tous nos conseils pour rester naturellement fort - Compl\u00e9ments \u00e0 base de plantes fra\u00eeches biologiques\",\"potentialAction\":[{\"@type\":\"SearchAction\",\"target\":{\"@type\":\"EntryPoint\",\"urlTemplate\":\"https:\/\/avogel.fr\/blog\/?s={search_term_string}\"},\"query-input\":\"required name=search_term_string\"}],\"inLanguage\":\"fr-FR\"},{\"@type\":\"Person\",\"@id\":\"https:\/\/avogel.fr\/blog\/#\/schema\/person\/882e946b7c5cb320ab225ef6d9499fd5\",\"name\":\"ysid\",\"url\":\"https:\/\/avogel.fr\/blog\/author\/ysid\/\"}]}<\/script>\n<!-- \/ Yoast SEO plugin. -->","yoast_head_json":{"title":"Etat fi\u00e9vreux et fatigue | A.Vogel","description":"Avoir de la temp\u00e9rature signifie que votre corps est en train de combattre les microbes. Nos conseils pour bien se reposer quand vous \u00eates fri\u00e9vreux(se)","robots":{"index":"index","follow":"follow","max-snippet":"max-snippet:-1","max-image-preview":"max-image-preview:large","max-video-preview":"max-video-preview:-1"},"canonical":"https:\/\/avogel.fr\/blog\/immunite\/fievre-et-fatigue\/","og_locale":"fr_FR","og_type":"article","og_title":"Etat fi\u00e9vreux et fatigue | A.Vogel","og_description":"Avoir de la temp\u00e9rature signifie que votre corps est en train de combattre les microbes. Nos conseils pour bien se reposer quand vous \u00eates fri\u00e9vreux(se)","og_url":"https:\/\/avogel.fr\/blog\/immunite\/fievre-et-fatigue\/","og_site_name":"A.Vogel - Compl\u00e9ments alimentaires naturels","article_published_time":"2018-11-30T10:14:40+00:00","article_modified_time":"2021-10-26T14:14:32+00:00","og_image":[{"width":1200,"height":627,"url":"https:\/\/avogel.fr\/blog\/wp-content\/uploads\/2018\/11\/comment-lutter-contre-fievre.jpg","type":"image\/jpeg"}],"author":"ysid","twitter_card":"summary_large_image","twitter_misc":{"\u00c9crit par":"ysid","Dur\u00e9e de lecture estim\u00e9e":"1 minute"},"schema":{"@context":"https:\/\/schema.org","@graph":[{"@type":"WebPage","@id":"https:\/\/avogel.fr\/blog\/immunite\/fievre-et-fatigue\/","url":"https:\/\/avogel.fr\/blog\/immunite\/fievre-et-fatigue\/","name":"Etat fi\u00e9vreux et fatigue | A.Vogel","isPartOf":{"@id":"https:\/\/avogel.fr\/blog\/#website"},"datePublished":"2018-11-30T10:14:40+00:00","dateModified":"2021-10-26T14:14:32+00:00","author":{"@id":"https:\/\/avogel.fr\/blog\/#\/schema\/person\/882e946b7c5cb320ab225ef6d9499fd5"},"description":"Avoir de la temp\u00e9rature signifie que votre corps est en train de combattre les microbes. Nos conseils pour bien se reposer quand vous \u00eates fri\u00e9vreux(se)","breadcrumb":{"@id":"https:\/\/avogel.fr\/blog\/immunite\/fievre-et-fatigue\/#breadcrumb"},"inLanguage":"fr-FR","potentialAction":[{"@type":"ReadAction","target":["https:\/\/avogel.fr\/blog\/immunite\/fievre-et-fatigue\/"]}]},{"@type":"BreadcrumbList","@id":"https:\/\/avogel.fr\/blog\/immunite\/fievre-et-fatigue\/#breadcrumb","itemListElement":[{"@type":"ListItem","position":1,"name":"Accueil","item":"https:\/\/avogel.fr\/blog\/"},{"@type":"ListItem","position":2,"name":"Fi\u00e8vre et fatigue"}]},{"@type":"WebSite","@id":"https:\/\/avogel.fr\/blog\/#website","url":"https:\/\/avogel.fr\/blog\/","name":"A.Vogel - Compl\u00e9ments alimentaires naturels","description":"Retrouvez tous nos conseils pour rester naturellement fort - Compl\u00e9ments \u00e0 base de plantes fra\u00eeches biologiques","potentialAction":[{"@type":"SearchAction","target":{"@type":"EntryPoint","urlTemplate":"https:\/\/avogel.fr\/blog\/?s={search_term_string}"},"query-input":"required name=search_term_string"}],"inLanguage":"fr-FR"},{"@type":"Person","@id":"https:\/\/avogel.fr\/blog\/#\/schema\/person\/882e946b7c5cb320ab225ef6d9499fd5","name":"ysid","url":"https:\/\/avogel.fr\/blog\/author\/ysid\/"}]}},"_links":{"self":[{"href":"https:\/\/avogel.fr\/blog\/wp-json\/wp\/v2\/posts\/7917","targetHints":{"allow":["GET"]}}],"collection":[{"href":"https:\/\/avogel.fr\/blog\/wp-json\/wp\/v2\/posts"}],"about":[{"href":"https:\/\/avogel.fr\/blog\/wp-json\/wp\/v2\/types\/post"}],"author":[{"embeddable":true,"href":"https:\/\/avogel.fr\/blog\/wp-json\/wp\/v2\/users\/17"}],"replies":[{"embeddable":true,"href":"https:\/\/avogel.fr\/blog\/wp-json\/wp\/v2\/comments?post=7917"}],"version-history":[{"count":10,"href":"https:\/\/avogel.fr\/blog\/wp-json\/wp\/v2\/posts\/7917\/revisions"}],"predecessor-version":[{"id":8414,"href":"https:\/\/avogel.fr\/blog\/wp-json\/wp\/v2\/posts\/7917\/revisions\/8414"}],"wp:featuredmedia":[{"embeddable":true,"href":"https:\/\/avogel.fr\/blog\/wp-json\/wp\/v2\/media\/8565"}],"wp:attachment":[{"href":"https:\/\/avogel.fr\/blog\/wp-json\/wp\/v2\/media?parent=7917"}],"wp:term":[{"taxonomy":"category","embeddable":true,"href":"https:\/\/avogel.fr\/blog\/wp-json\/wp\/v2\/categories?post=7917"},{"taxonomy":"post_tag","embeddable":true,"href":"https:\/\/avogel.fr\/blog\/wp-json\/wp\/v2\/tags?post=7917"}],"curies":[{"name":"wp","href":"https:\/\/api.w.org\/{rel}","templated":true}]}}