{"id":7534,"date":"2018-04-11T10:35:26","date_gmt":"2018-04-11T08:35:26","guid":{"rendered":"https:\/\/www.avogel.fr\/blog\/?p=7534"},"modified":"2022-05-16T16:34:11","modified_gmt":"2022-05-16T14:34:11","slug":"5-solutions-naturelles-contre-allergies-printanieres","status":"publish","type":"post","link":"https:\/\/avogel.fr\/blog\/allergies\/5-solutions-naturelles-contre-allergies-printanieres\/","title":{"rendered":"5 rem\u00e8des naturels contre les allergies printani\u00e8res"},"content":{"rendered":"<p><strong>Il n\u2019est pas toujours facile de lutter contre les allergies printani\u00e8res, et on pourrait m\u00eame croire que les solutions naturelles manquent. Cependant tout espoir n\u2019est pas perdu puisque des plantes peuvent vous aider. A. Vogel vous le prouve avec ces 5 solutions\u00a0!<\/strong><!--more--><\/p>\n<h2><strong>L\u2019ortie<\/strong><\/h2>\n<p>L\u2019ortie fait partie des rem\u00e8des de grand-m\u00e8re contre les allergies, et cette r\u00e9putation n\u2019est pas vol\u00e9e\u00a0! En effet, en plus de ses vertus diur\u00e9tiques et d\u00e9puratives l\u2019ortie agit \u00e9galement comme <strong>un antihistaminique<\/strong>. Certaines des substances qu\u2019elle contient aident en effet \u00e0 lutter contre les r\u00e9actions allergiques.<\/p>\n<p>On peut donc prendre de l\u2019ortie sous forme de tisane ou de soupe, mais aussi faire des cures d\u2019<a href=\"https:\/\/avogel.fr\/complements-alimentaires\/1012-739-epf-ortie.html#\/24-contenance-50ml\" target=\"_blank\" rel=\"noopener\">extrait de plante fraiche d\u2019ortie<\/a> <strong>d\u00e8s l\u2019apparition des premiers sympt\u00f4mes<\/strong> d\u2019allergies. On en ajoute quelques gouttes \u00e0 son verre d\u2019eau ou de jus de l\u00e9gumes plusieurs fois par jour.<\/p>\n<h2><strong>Les infusions pour la respiration<\/strong><\/h2>\n<p>Certaines infusions, notamment au thym, \u00e0 l\u2019estragon ou au romarin permettent de <strong>d\u00e9gager les voies respiratoires<\/strong> en cas d\u2019allergies. Il suffit de faire infuser un peu de ces herbes aromatiques, pourquoi pas avec du th\u00e9 vert, pour se pr\u00e9parer une boisson chaude aidant \u00e0 mieux respirer.<\/p>\n<p>L\u2019id\u00e9al est de se pr\u00e9parer cette boisson en soir\u00e9e afin d\u2019\u00eatre bien d\u00e9tendu et de pouvoir profiter des capacit\u00e9s des substances de ces plantes pour <strong>d\u00e9congestionner le nez<\/strong> et la gorge. On peut y ajouter un peu d\u2019<a href=\"https:\/\/avogel.fr\/complements-alimentaires\/1017-744-epf-thym.html#\/24-contenance-50ml\" target=\"_blank\" rel=\"noopener\">EPF\u00ae de Thym<\/a> pour plus d\u2019efficacit\u00e9.<\/p>\n<h2><strong>Les jus contenant de la vitamine C <\/strong><\/h2>\n<p>Les <a href=\"https:\/\/avogel.fr\/15-boissons-bio\" target=\"_blank\" rel=\"noopener\">jus de fruits et de l\u00e9gumes<\/a> sont pleins de nutriments qui soutiennent le corps en toute situation, mais cela est d\u2019autant plus vrai lors des p\u00e9riodes d\u2019allergies. C\u2019est en effet \u00e0 ce moment que le corps a le plus besoin de soutien, et la <strong>vitamine C<\/strong> pr\u00e9sente dans ces jus est toute indiqu\u00e9e.<\/p>\n<p>En effet la plus c\u00e9l\u00e8bre des vitamines est une <strong>aide pr\u00e9cieuse contre les allergies<\/strong>, puisqu\u2019elle booste le syst\u00e8me immunitaire et aide \u00e0 surmonter l\u2019hypersensibilit\u00e9. Vous pouvez la retrouver dans les jus comme le <a href=\"https:\/\/avogel.fr\/boissons-bio\/1069-802-biotta-vita-7.html#\/11-contenance-500ml\" target=\"_blank\" rel=\"noopener\">Vita 7<\/a> ou le <a href=\"https:\/\/avogel.fr\/boissons-bio\/1066-799-biotta-petit-dejeuner.html#\/11-contenance-500ml\" target=\"_blank\" rel=\"noopener\">Biotta Petit D\u00e9jeuner<\/a>. Enfin vous pouvez la retrouver sous forme de <a href=\"https:\/\/avogel.fr\/complements-alimentaires\/1033-761-vitamine-c-naturelle.html#\/33-contenance-40_comprimes_40g\" target=\"_blank\" rel=\"noopener\">compl\u00e9ment alimentaire naturel<\/a>\u00a0!<\/p>\n<h2><strong>La menthe poivr\u00e9e \u00e0 inhaler <\/strong><\/h2>\n<p>La menthe poivr\u00e9e a une odeur d\u00e9licieuse qui <strong>d\u00e9gage \u00e9galement les voies respiratoires<\/strong>. Elle est elle aussi recommand\u00e9e sous forme d\u2019infusions et de tisanes, et vous pouvez d\u2019ailleurs l\u2019ajouter, fra\u00eeche ou s\u00e9ch\u00e9e, \u00e0 l\u2019infusion que nous avons recommand\u00e9e pr\u00e9c\u00e9demment.<\/p>\n<p>Cela \u00e9tant, elle fait \u00e9galement des merveilles <strong>sous forme d\u2019huile essentielle<\/strong>, a inhaler ou dilu\u00e9e \u00e0 pulv\u00e9riser directement dans le nez. On la retrouve ainsi dans le <a href=\"https:\/\/avogel.fr\/complements-alimentaires\/1038-766-spray-nasal.html#\/37-contenance-20ml\" target=\"_blank\" rel=\"noopener\">spray nasal de A. Vogel, parfait pour d\u00e9boucher un nez bouch\u00e9<\/a> par un rhume ou une allergie (attention cependant \u00e0 ne pas \u00eatre allergique \u00e0 une autre plante comprise dans le spray, sous peine de voir son utilisation \u00eatre contre-productive\u2026).<\/p>\n<h2><strong>L\u2019euphraise<\/strong><\/h2>\n<p>Cette petite fleur connue depuis l\u2019Antiquit\u00e9 pour ses vertus m\u00e9dicinales ne paie pas forc\u00e9ment de mine au premier abord. Elle a pourtant d\u2019importantes <strong>capacit\u00e9s anti-inflammatoires<\/strong>, qui en font entre autre un soutien id\u00e9al pour les yeux irrit\u00e9s par les allergies.<\/p>\n<p>On la retrouve dans les <a href=\"https:\/\/avogel.fr\/complements-alimentaires\/1037-765-gouttes-pour-les-yeux.html#\/36-contenance-10ml\" target=\"_blank\" rel=\"noopener\">gouttes pour les yeux de A. Vogel<\/a>, un produit id\u00e9al pour traiter <strong>les yeux secs ou irrit\u00e9s<\/strong>. Ce qui en fait bien s\u00fbr un alli\u00e9 indispensable lors des p\u00e9riodes o\u00f9 le pollen est de sortie au printemps\u00a0!<\/p>\n","protected":false},"excerpt":{"rendered":"<p>Il n\u2019est pas toujours facile de lutter contre les allergies printani\u00e8res, et on pourrait m\u00eame croire que les solutions naturelles manquent. Cependant tout espoir n\u2019est pas perdu puisque des plantes peuvent vous aider. A. Vogel vous le prouve avec ces 5 solutions\u00a0!<\/p>\n","protected":false},"author":8,"featured_media":8702,"comment_status":"closed","ping_status":"closed","sticky":false,"template":"","format":"standard","meta":{"_acf_changed":false,"footnotes":""},"categories":[1576],"tags":[],"class_list":["post-7534","post","type-post","status-publish","format-standard","has-post-thumbnail","hentry","category-allergies"],"acf":[],"yoast_head":"<!-- This site is optimized with the Yoast SEO plugin v22.0 - https:\/\/yoast.com\/wordpress\/plugins\/seo\/ -->\n<title>5 rem\u00e8des naturels contre les allergies printani\u00e8res | A.Vogel<\/title>\n<meta name=\"description\" content=\"Pour lutter naturellement contre les allergies printani\u00e8res, d\u00e9couvrez 5 plantes qui peuvent vous soulager vos yeux et d\u00e9congestionner le nez et la gorge\" \/>\n<meta name=\"robots\" content=\"index, follow, max-snippet:-1, max-image-preview:large, max-video-preview:-1\" \/>\n<link rel=\"canonical\" href=\"https:\/\/avogel.fr\/blog\/allergies\/5-solutions-naturelles-contre-allergies-printanieres\/\" \/>\n<meta property=\"og:locale\" content=\"fr_FR\" \/>\n<meta property=\"og:type\" content=\"article\" \/>\n<meta property=\"og:title\" content=\"5 rem\u00e8des naturels contre les allergies printani\u00e8res | A.Vogel\" \/>\n<meta property=\"og:description\" content=\"Pour lutter naturellement contre les allergies printani\u00e8res, d\u00e9couvrez 5 plantes qui peuvent vous soulager vos yeux et d\u00e9congestionner le nez et la gorge\" \/>\n<meta property=\"og:url\" content=\"https:\/\/avogel.fr\/blog\/allergies\/5-solutions-naturelles-contre-allergies-printanieres\/\" \/>\n<meta property=\"og:site_name\" content=\"A.Vogel - Compl\u00e9ments alimentaires naturels\" \/>\n<meta property=\"article:published_time\" content=\"2018-04-11T08:35:26+00:00\" \/>\n<meta property=\"article:modified_time\" content=\"2022-05-16T14:34:11+00:00\" \/>\n<meta property=\"og:image\" content=\"https:\/\/avogel.fr\/blog\/wp-content\/uploads\/2018\/04\/5-remedes-allergies-printaniere.jpg\" \/>\n\t<meta property=\"og:image:width\" content=\"1200\" \/>\n\t<meta property=\"og:image:height\" content=\"627\" \/>\n\t<meta property=\"og:image:type\" content=\"image\/jpeg\" \/>\n<meta name=\"twitter:card\" content=\"summary_large_image\" \/>\n<meta name=\"twitter:label1\" content=\"\u00c9crit par\" \/>\n\t<meta name=\"twitter:data1\" content=\"\" \/>\n\t<meta name=\"twitter:label2\" content=\"Dur\u00e9e de lecture estim\u00e9e\" \/>\n\t<meta name=\"twitter:data2\" content=\"3 minutes\" \/>\n<script type=\"application\/ld+json\" class=\"yoast-schema-graph\">{\"@context\":\"https:\/\/schema.org\",\"@graph\":[{\"@type\":\"WebPage\",\"@id\":\"https:\/\/avogel.fr\/blog\/allergies\/5-solutions-naturelles-contre-allergies-printanieres\/\",\"url\":\"https:\/\/avogel.fr\/blog\/allergies\/5-solutions-naturelles-contre-allergies-printanieres\/\",\"name\":\"5 rem\u00e8des naturels contre les allergies printani\u00e8res | A.Vogel\",\"isPartOf\":{\"@id\":\"https:\/\/avogel.fr\/blog\/#website\"},\"datePublished\":\"2018-04-11T08:35:26+00:00\",\"dateModified\":\"2022-05-16T14:34:11+00:00\",\"author\":{\"@id\":\"\"},\"description\":\"Pour lutter naturellement contre les allergies printani\u00e8res, d\u00e9couvrez 5 plantes qui peuvent vous soulager vos yeux et d\u00e9congestionner le nez et la gorge\",\"breadcrumb\":{\"@id\":\"https:\/\/avogel.fr\/blog\/allergies\/5-solutions-naturelles-contre-allergies-printanieres\/#breadcrumb\"},\"inLanguage\":\"fr-FR\",\"potentialAction\":[{\"@type\":\"ReadAction\",\"target\":[\"https:\/\/avogel.fr\/blog\/allergies\/5-solutions-naturelles-contre-allergies-printanieres\/\"]}]},{\"@type\":\"BreadcrumbList\",\"@id\":\"https:\/\/avogel.fr\/blog\/allergies\/5-solutions-naturelles-contre-allergies-printanieres\/#breadcrumb\",\"itemListElement\":[{\"@type\":\"ListItem\",\"position\":1,\"name\":\"Accueil\",\"item\":\"https:\/\/avogel.fr\/blog\/\"},{\"@type\":\"ListItem\",\"position\":2,\"name\":\"5 rem\u00e8des naturels contre les allergies printani\u00e8res\"}]},{\"@type\":\"WebSite\",\"@id\":\"https:\/\/avogel.fr\/blog\/#website\",\"url\":\"https:\/\/avogel.fr\/blog\/\",\"name\":\"A.Vogel - Compl\u00e9ments alimentaires naturels\",\"description\":\"Retrouvez tous nos conseils pour rester naturellement fort - Compl\u00e9ments \u00e0 base de plantes fra\u00eeches biologiques\",\"potentialAction\":[{\"@type\":\"SearchAction\",\"target\":{\"@type\":\"EntryPoint\",\"urlTemplate\":\"https:\/\/avogel.fr\/blog\/?s={search_term_string}\"},\"query-input\":\"required name=search_term_string\"}],\"inLanguage\":\"fr-FR\"},{\"@type\":\"Person\",\"@id\":\"\",\"url\":\"https:\/\/avogel.fr\/blog\/author\/\"}]}<\/script>\n<!-- \/ Yoast SEO plugin. -->","yoast_head_json":{"title":"5 rem\u00e8des naturels contre les allergies printani\u00e8res | A.Vogel","description":"Pour lutter naturellement contre les allergies printani\u00e8res, d\u00e9couvrez 5 plantes qui peuvent vous soulager vos yeux et d\u00e9congestionner le nez et la gorge","robots":{"index":"index","follow":"follow","max-snippet":"max-snippet:-1","max-image-preview":"max-image-preview:large","max-video-preview":"max-video-preview:-1"},"canonical":"https:\/\/avogel.fr\/blog\/allergies\/5-solutions-naturelles-contre-allergies-printanieres\/","og_locale":"fr_FR","og_type":"article","og_title":"5 rem\u00e8des naturels contre les allergies printani\u00e8res | A.Vogel","og_description":"Pour lutter naturellement contre les allergies printani\u00e8res, d\u00e9couvrez 5 plantes qui peuvent vous soulager vos yeux et d\u00e9congestionner le nez et la gorge","og_url":"https:\/\/avogel.fr\/blog\/allergies\/5-solutions-naturelles-contre-allergies-printanieres\/","og_site_name":"A.Vogel - Compl\u00e9ments alimentaires naturels","article_published_time":"2018-04-11T08:35:26+00:00","article_modified_time":"2022-05-16T14:34:11+00:00","og_image":[{"width":1200,"height":627,"url":"https:\/\/avogel.fr\/blog\/wp-content\/uploads\/2018\/04\/5-remedes-allergies-printaniere.jpg","type":"image\/jpeg"}],"twitter_card":"summary_large_image","twitter_misc":{"\u00c9crit par":"","Dur\u00e9e de lecture estim\u00e9e":"3 minutes"},"schema":{"@context":"https:\/\/schema.org","@graph":[{"@type":"WebPage","@id":"https:\/\/avogel.fr\/blog\/allergies\/5-solutions-naturelles-contre-allergies-printanieres\/","url":"https:\/\/avogel.fr\/blog\/allergies\/5-solutions-naturelles-contre-allergies-printanieres\/","name":"5 rem\u00e8des naturels contre les allergies printani\u00e8res | A.Vogel","isPartOf":{"@id":"https:\/\/avogel.fr\/blog\/#website"},"datePublished":"2018-04-11T08:35:26+00:00","dateModified":"2022-05-16T14:34:11+00:00","author":{"@id":""},"description":"Pour lutter naturellement contre les allergies printani\u00e8res, d\u00e9couvrez 5 plantes qui peuvent vous soulager vos yeux et d\u00e9congestionner le nez et la gorge","breadcrumb":{"@id":"https:\/\/avogel.fr\/blog\/allergies\/5-solutions-naturelles-contre-allergies-printanieres\/#breadcrumb"},"inLanguage":"fr-FR","potentialAction":[{"@type":"ReadAction","target":["https:\/\/avogel.fr\/blog\/allergies\/5-solutions-naturelles-contre-allergies-printanieres\/"]}]},{"@type":"BreadcrumbList","@id":"https:\/\/avogel.fr\/blog\/allergies\/5-solutions-naturelles-contre-allergies-printanieres\/#breadcrumb","itemListElement":[{"@type":"ListItem","position":1,"name":"Accueil","item":"https:\/\/avogel.fr\/blog\/"},{"@type":"ListItem","position":2,"name":"5 rem\u00e8des naturels contre les allergies printani\u00e8res"}]},{"@type":"WebSite","@id":"https:\/\/avogel.fr\/blog\/#website","url":"https:\/\/avogel.fr\/blog\/","name":"A.Vogel - Compl\u00e9ments alimentaires naturels","description":"Retrouvez tous nos conseils pour rester naturellement fort - Compl\u00e9ments \u00e0 base de plantes fra\u00eeches biologiques","potentialAction":[{"@type":"SearchAction","target":{"@type":"EntryPoint","urlTemplate":"https:\/\/avogel.fr\/blog\/?s={search_term_string}"},"query-input":"required name=search_term_string"}],"inLanguage":"fr-FR"},{"@type":"Person","@id":"","url":"https:\/\/avogel.fr\/blog\/author\/"}]}},"_links":{"self":[{"href":"https:\/\/avogel.fr\/blog\/wp-json\/wp\/v2\/posts\/7534","targetHints":{"allow":["GET"]}}],"collection":[{"href":"https:\/\/avogel.fr\/blog\/wp-json\/wp\/v2\/posts"}],"about":[{"href":"https:\/\/avogel.fr\/blog\/wp-json\/wp\/v2\/types\/post"}],"author":[{"embeddable":true,"href":"https:\/\/avogel.fr\/blog\/wp-json\/wp\/v2\/users\/8"}],"replies":[{"embeddable":true,"href":"https:\/\/avogel.fr\/blog\/wp-json\/wp\/v2\/comments?post=7534"}],"version-history":[{"count":11,"href":"https:\/\/avogel.fr\/blog\/wp-json\/wp\/v2\/posts\/7534\/revisions"}],"predecessor-version":[{"id":9000,"href":"https:\/\/avogel.fr\/blog\/wp-json\/wp\/v2\/posts\/7534\/revisions\/9000"}],"wp:featuredmedia":[{"embeddable":true,"href":"https:\/\/avogel.fr\/blog\/wp-json\/wp\/v2\/media\/8702"}],"wp:attachment":[{"href":"https:\/\/avogel.fr\/blog\/wp-json\/wp\/v2\/media?parent=7534"}],"wp:term":[{"taxonomy":"category","embeddable":true,"href":"https:\/\/avogel.fr\/blog\/wp-json\/wp\/v2\/categories?post=7534"},{"taxonomy":"post_tag","embeddable":true,"href":"https:\/\/avogel.fr\/blog\/wp-json\/wp\/v2\/tags?post=7534"}],"curies":[{"name":"wp","href":"https:\/\/api.w.org\/{rel}","templated":true}]}}