{"id":7520,"date":"2018-03-25T09:05:52","date_gmt":"2018-03-25T07:05:52","guid":{"rendered":"https:\/\/www.avogel.fr\/blog\/?p=7520"},"modified":"2021-10-29T16:49:24","modified_gmt":"2021-10-29T14:49:24","slug":"7-questions-frequentes-lhypertrophie-benigne-de-prostate","status":"publish","type":"post","link":"https:\/\/avogel.fr\/blog\/sante-au-masculin\/7-questions-frequentes-lhypertrophie-benigne-de-prostate\/","title":{"rendered":"7 questions fr\u00e9quentes sur l\u2019augmentation de la taille de la prostate"},"content":{"rendered":"<p><strong>L\u2019ad\u00e9nocarcinome prostatique fait peur. Mais derri\u00e8re ce nom barbare se cache un probl\u00e8me de sant\u00e9 relativement b\u00e9nin, et il suffit le de le conna\u00eetre pour moins l\u2019appr\u00e9hender et pouvoir mieux le vivre avec des m\u00e9thodes naturelles. A. Vogel r\u00e9pond \u00e0 vos questions fr\u00e9quentes sur l\u2019augmentation de la taille de la prostate.<\/strong><!--more--><\/p>\n<p>A. Vogel vous propose cette FAQ pour vous aider \u00e0 aborder l\u2019augmentation de la taille de la prostate mieux inform\u00e9 et plus serein !<\/p>\n<h2><strong>Tout d\u2019abord, c\u2019est quoi la prostate\u00a0? <\/strong><\/h2>\n<p>L\u2019une des premi\u00e8res difficult\u00e9s lorsque l\u2019on parle de l\u2019augmentation de la taille de la prostate (ou HBP pour faire plus court) vient tout simplement du fait que <strong>peu d\u2019hommes savent ce qu\u2019est la prostate<\/strong>\u2026 Lacune que nous allons corriger imm\u00e9diatement\u00a0!<\/p>\n<p>La prostate est une petite glande de la taille d\u2019une noisette et faisant partie de l\u2019appareil g\u00e9nital masculin. Elle se situe sous la vessie, au confluent des voies urinaires et spermatiques, et entoure l\u2019ur\u00e8tre, le canal d\u2019\u00e9coulement des urines. Elle <strong>produit une partie du liquide s\u00e9minal<\/strong> qui compose le sperme.<\/p>\n<h2><strong>Qu\u2019est-ce que l\u2019augmentation de la taille de la prostate ? <\/strong><\/h2>\n<p>Il s&rsquo;agit d\u2019une hypertrophie soit, <strong>une augmentation anormale du volume de la prostate<\/strong>. On l\u2019appelle aussi ad\u00e9nome prostatique, et elle affecte principalement la partie centrale de la glande, qui va gonfler.<\/p>\n<p>L\u2019ad\u00e9nome prostatique est techniquement une tumeur b\u00e9nigne, sans gravit\u00e9 donc, et elle n\u2019a <strong>pas de lien avec le cancer de la prostate<\/strong>. Cela \u00e9tant, l\u2019HBP touche de nombreux hommes au-del\u00e0 de 50 ans, et leur vie peut en \u00eatre s\u00e9v\u00e8rement impact\u00e9e.<\/p>\n<h2><strong>Quels sont les sympt\u00f4mes et signes de l\u2019augmentation de la taille de la prostate ? <\/strong><\/h2>\n<p>Cela apparait\u00a0<strong>g\u00e9n\u00e9ralement entre 45 &amp; 50 ans<\/strong>, devenant tr\u00e8s r\u00e9pandue au-del\u00e0 des 70 ans (pour des raisons mal comprises, les hommes d\u2019origines africaines et asiatiques sont moins touch\u00e9s). Elle se manifeste alors principalement par des probl\u00e8mes urinaires et peut m\u00eame provoquer des dysfonctionnements \u00e9rectiles.<\/p>\n<p>La prostate grossissant, elle comprime l\u2019ur\u00e8tre et la vessie, et <strong>emp\u00eache donc cette derni\u00e8re de se vider compl\u00e8tement<\/strong> \u00e0 chaque fois. De ce fait, un homme atteint d\u2019une\u00a0augmentation de la taille de la prostate aura des besoins plus fr\u00e9quents d\u2019uriner et urinera en moins grandes quantit\u00e9s \u00e0 chaque fois, sans vider enti\u00e8rement sa vessie.<\/p>\n<h2><strong>Son impact sur ma vie sera-t-il important\u00a0? <\/strong><\/h2>\n<p>Un besoin beaucoup plus fr\u00e9quent d\u2019uriner peut sembler relativement b\u00e9nin au premier abord, mais il s\u2019av\u00e8re rapidement <strong>tr\u00e8s incommodant<\/strong>. En effet avec ce genre de probl\u00e8me on se retrouve rapidement interrompu dans ce que l\u2019on fait, sans parler de la g\u00eane d\u2019un point de vue social\u2026<\/p>\n<p>Le probl\u00e8me est d\u2019autant plus handicapant la nuit, puisque que cela<strong>\u00a0oblige \u00e0 se lever plusieurs fois par nuit pour uriner\u00a0<\/strong>; on parle de pollakiurie nocturne ou de nycturie pour d\u00e9finir ce probl\u00e8me sp\u00e9cifique. Sous cet aspect, l\u2019HBP peut donc impacter le sommeil et ainsi l\u2019humeur de l\u2019homme qui en souffre.<\/p>\n<h2><strong>Quelles sont les causes de l\u2019augmentation de la taille de la prostate ? <\/strong><\/h2>\n<p>Les causes pr\u00e9cises ne sont <strong>pas clairement identifi\u00e9es et connues <\/strong>\u00e0 l\u2019heure actuelle. La seule chose que l\u2019on puisse avancer avec certitude est qu\u2019elle est li\u00e9e \u00e0 l\u2019\u00e2ge\u00a0: elle est extr\u00eamement rare avant la cinquantaine.<\/p>\n<p>Les experts ont cependant avanc\u00e9 <strong>plusieurs causes probables<\/strong>. La perturbation de la production d\u2019hormones m\u00e2les li\u00e9e \u00e0 l\u2019\u00e2ge pourrait \u00eatre \u00e0 l\u2019\u0153uvre, tout comme une simple d\u00e9g\u00e9n\u00e9rescence tissulaire elle aussi li\u00e9e au vieillissement. Il semblerait \u00e9galement que soit plus pr\u00e9sente chez les individus en surpoids.<\/p>\n<h2><strong>Peut-on traiter l\u2019augmentation de la taille de la prostate ? <\/strong><\/h2>\n<p>En cas de sympt\u00f4mes, <strong>un suivi m\u00e9dical aupr\u00e8s de votre m\u00e9decin traitant<\/strong> est important. Ce dernier sera en mesure de vous prescrire les traitements n\u00e9cessaires. Sachez \u00e9galement que dans les cas graves auquel aucun traitement n\u2019aurait fait effet, une intervention chirurgicale peut \u00eatre recommand\u00e9e.<\/p>\n<p>Notons \u00e9galement que des <strong>traitements efficaces \u00e0 base de plantes <\/strong>existent. C\u2019est notamment le cas du <a href=\"https:\/\/avogel.fr\/complements-alimentaires\/1032-760-prostasan.html#\/32-contenance-30_comprimes_144g\" target=\"_blank\" rel=\"noopener\">Prostasan\u00ae, destin\u00e9 \u00e0 limiter naturellement les troubles li\u00e9s \u00e0 l\u2019augmentation de la taille de la prostate<\/a>\u00a0et \u00e9labor\u00e9 \u00e0 partir d\u2019extrait du palmier nain <em>Sabal serrulata<\/em>.<\/p>\n<h2><strong>Est-il possible de la pr\u00e9venir\u00a0? <\/strong><\/h2>\n<p>La question est \u00e9pineuse puisque les causes m\u00eames de cette \u00e9volution de la prostate sont mal connues. Cependant, il semble qu\u2019<strong>un mode de vie particuli\u00e8rement sain<\/strong> limite les risques de pr\u00e9senter un ad\u00e9nome prostatique.<\/p>\n<p>Par mode de vie sain, on entend notamment une <strong>alimentation naturelle<\/strong> bas\u00e9e sur des produits frais et bio, mais aussi la pratique r\u00e9guli\u00e8re d\u2019une <strong>activit\u00e9 physique<\/strong> <strong>r\u00e9guli\u00e8re<\/strong> en toute s\u00e9curit\u00e9. M\u00eame si ces mesures n\u2019\u00e9loigneront pas \u00e0 coup s\u00fbr les sympt\u00f4mes elles seront b\u00e9n\u00e9fiques pour votre corps, alors pourquoi s\u2019en passer\u00a0?<\/p>\n","protected":false},"excerpt":{"rendered":"<p>L\u2019ad\u00e9nocarcinome prostatique fait peur. Mais derri\u00e8re ce nom barbare se cache un probl\u00e8me de sant\u00e9 relativement b\u00e9nin, et il suffit le de le conna\u00eetre pour moins l\u2019appr\u00e9hender et pouvoir mieux le vivre avec des m\u00e9thodes naturelles. A. Vogel r\u00e9pond \u00e0 vos questions fr\u00e9quentes sur l\u2019augmentation de la taille de la prostate.<\/p>\n","protected":false},"author":8,"featured_media":8699,"comment_status":"closed","ping_status":"closed","sticky":false,"template":"","format":"standard","meta":{"_acf_changed":false,"footnotes":""},"categories":[1575],"tags":[],"class_list":["post-7520","post","type-post","status-publish","format-standard","has-post-thumbnail","hentry","category-sante-au-masculin"],"acf":[],"yoast_head":"<!-- This site is optimized with the Yoast SEO plugin v22.0 - https:\/\/yoast.com\/wordpress\/plugins\/seo\/ -->\n<title>7 questions fr\u00e9quentes sur la prostate | A.Vogel<\/title>\n<meta name=\"description\" content=\"L\u2019ad\u00e9nocarcinome prostatique, ou augmentation de la prostate, fait peur. Mais ce trouble de sant\u00e9 masculin est g\u00e9rable par le biais de m\u00e9thodes naturelles.\" \/>\n<meta name=\"robots\" content=\"index, follow, max-snippet:-1, max-image-preview:large, max-video-preview:-1\" \/>\n<link rel=\"canonical\" href=\"https:\/\/avogel.fr\/blog\/sante-au-masculin\/7-questions-frequentes-lhypertrophie-benigne-de-prostate\/\" \/>\n<meta property=\"og:locale\" content=\"fr_FR\" \/>\n<meta property=\"og:type\" content=\"article\" \/>\n<meta property=\"og:title\" content=\"7 questions fr\u00e9quentes sur la prostate | A.Vogel\" \/>\n<meta property=\"og:description\" content=\"L\u2019ad\u00e9nocarcinome prostatique, ou augmentation de la prostate, fait peur. Mais ce trouble de sant\u00e9 masculin est g\u00e9rable par le biais de m\u00e9thodes naturelles.\" \/>\n<meta property=\"og:url\" content=\"https:\/\/avogel.fr\/blog\/sante-au-masculin\/7-questions-frequentes-lhypertrophie-benigne-de-prostate\/\" \/>\n<meta property=\"og:site_name\" content=\"A.Vogel - Compl\u00e9ments alimentaires naturels\" \/>\n<meta property=\"article:published_time\" content=\"2018-03-25T07:05:52+00:00\" \/>\n<meta property=\"article:modified_time\" content=\"2021-10-29T14:49:24+00:00\" \/>\n<meta property=\"og:image\" content=\"https:\/\/avogel.fr\/blog\/wp-content\/uploads\/2018\/03\/questions-frequentes-augmentation-prostate.jpg\" \/>\n\t<meta property=\"og:image:width\" content=\"1200\" \/>\n\t<meta property=\"og:image:height\" content=\"627\" \/>\n\t<meta property=\"og:image:type\" content=\"image\/jpeg\" \/>\n<meta name=\"twitter:card\" content=\"summary_large_image\" \/>\n<meta name=\"twitter:label1\" content=\"\u00c9crit par\" \/>\n\t<meta name=\"twitter:data1\" content=\"\" \/>\n\t<meta name=\"twitter:label2\" content=\"Dur\u00e9e de lecture estim\u00e9e\" \/>\n\t<meta name=\"twitter:data2\" content=\"4 minutes\" \/>\n<script type=\"application\/ld+json\" class=\"yoast-schema-graph\">{\"@context\":\"https:\/\/schema.org\",\"@graph\":[{\"@type\":\"WebPage\",\"@id\":\"https:\/\/avogel.fr\/blog\/sante-au-masculin\/7-questions-frequentes-lhypertrophie-benigne-de-prostate\/\",\"url\":\"https:\/\/avogel.fr\/blog\/sante-au-masculin\/7-questions-frequentes-lhypertrophie-benigne-de-prostate\/\",\"name\":\"7 questions fr\u00e9quentes sur la prostate | A.Vogel\",\"isPartOf\":{\"@id\":\"https:\/\/avogel.fr\/blog\/#website\"},\"datePublished\":\"2018-03-25T07:05:52+00:00\",\"dateModified\":\"2021-10-29T14:49:24+00:00\",\"author\":{\"@id\":\"\"},\"description\":\"L\u2019ad\u00e9nocarcinome prostatique, ou augmentation de la prostate, fait peur. Mais ce trouble de sant\u00e9 masculin est g\u00e9rable par le biais de m\u00e9thodes naturelles.\",\"breadcrumb\":{\"@id\":\"https:\/\/avogel.fr\/blog\/sante-au-masculin\/7-questions-frequentes-lhypertrophie-benigne-de-prostate\/#breadcrumb\"},\"inLanguage\":\"fr-FR\",\"potentialAction\":[{\"@type\":\"ReadAction\",\"target\":[\"https:\/\/avogel.fr\/blog\/sante-au-masculin\/7-questions-frequentes-lhypertrophie-benigne-de-prostate\/\"]}]},{\"@type\":\"BreadcrumbList\",\"@id\":\"https:\/\/avogel.fr\/blog\/sante-au-masculin\/7-questions-frequentes-lhypertrophie-benigne-de-prostate\/#breadcrumb\",\"itemListElement\":[{\"@type\":\"ListItem\",\"position\":1,\"name\":\"Accueil\",\"item\":\"https:\/\/avogel.fr\/blog\/\"},{\"@type\":\"ListItem\",\"position\":2,\"name\":\"7 questions fr\u00e9quentes sur l\u2019augmentation de la taille de la prostate\"}]},{\"@type\":\"WebSite\",\"@id\":\"https:\/\/avogel.fr\/blog\/#website\",\"url\":\"https:\/\/avogel.fr\/blog\/\",\"name\":\"A.Vogel - Compl\u00e9ments alimentaires naturels\",\"description\":\"Retrouvez tous nos conseils pour rester naturellement fort - Compl\u00e9ments \u00e0 base de plantes fra\u00eeches biologiques\",\"potentialAction\":[{\"@type\":\"SearchAction\",\"target\":{\"@type\":\"EntryPoint\",\"urlTemplate\":\"https:\/\/avogel.fr\/blog\/?s={search_term_string}\"},\"query-input\":\"required name=search_term_string\"}],\"inLanguage\":\"fr-FR\"},{\"@type\":\"Person\",\"@id\":\"\",\"url\":\"https:\/\/avogel.fr\/blog\/author\/\"}]}<\/script>\n<!-- \/ Yoast SEO plugin. -->","yoast_head_json":{"title":"7 questions fr\u00e9quentes sur la prostate | A.Vogel","description":"L\u2019ad\u00e9nocarcinome prostatique, ou augmentation de la prostate, fait peur. Mais ce trouble de sant\u00e9 masculin est g\u00e9rable par le biais de m\u00e9thodes naturelles.","robots":{"index":"index","follow":"follow","max-snippet":"max-snippet:-1","max-image-preview":"max-image-preview:large","max-video-preview":"max-video-preview:-1"},"canonical":"https:\/\/avogel.fr\/blog\/sante-au-masculin\/7-questions-frequentes-lhypertrophie-benigne-de-prostate\/","og_locale":"fr_FR","og_type":"article","og_title":"7 questions fr\u00e9quentes sur la prostate | A.Vogel","og_description":"L\u2019ad\u00e9nocarcinome prostatique, ou augmentation de la prostate, fait peur. Mais ce trouble de sant\u00e9 masculin est g\u00e9rable par le biais de m\u00e9thodes naturelles.","og_url":"https:\/\/avogel.fr\/blog\/sante-au-masculin\/7-questions-frequentes-lhypertrophie-benigne-de-prostate\/","og_site_name":"A.Vogel - Compl\u00e9ments alimentaires naturels","article_published_time":"2018-03-25T07:05:52+00:00","article_modified_time":"2021-10-29T14:49:24+00:00","og_image":[{"width":1200,"height":627,"url":"https:\/\/avogel.fr\/blog\/wp-content\/uploads\/2018\/03\/questions-frequentes-augmentation-prostate.jpg","type":"image\/jpeg"}],"twitter_card":"summary_large_image","twitter_misc":{"\u00c9crit par":"","Dur\u00e9e de lecture estim\u00e9e":"4 minutes"},"schema":{"@context":"https:\/\/schema.org","@graph":[{"@type":"WebPage","@id":"https:\/\/avogel.fr\/blog\/sante-au-masculin\/7-questions-frequentes-lhypertrophie-benigne-de-prostate\/","url":"https:\/\/avogel.fr\/blog\/sante-au-masculin\/7-questions-frequentes-lhypertrophie-benigne-de-prostate\/","name":"7 questions fr\u00e9quentes sur la prostate | A.Vogel","isPartOf":{"@id":"https:\/\/avogel.fr\/blog\/#website"},"datePublished":"2018-03-25T07:05:52+00:00","dateModified":"2021-10-29T14:49:24+00:00","author":{"@id":""},"description":"L\u2019ad\u00e9nocarcinome prostatique, ou augmentation de la prostate, fait peur. Mais ce trouble de sant\u00e9 masculin est g\u00e9rable par le biais de m\u00e9thodes naturelles.","breadcrumb":{"@id":"https:\/\/avogel.fr\/blog\/sante-au-masculin\/7-questions-frequentes-lhypertrophie-benigne-de-prostate\/#breadcrumb"},"inLanguage":"fr-FR","potentialAction":[{"@type":"ReadAction","target":["https:\/\/avogel.fr\/blog\/sante-au-masculin\/7-questions-frequentes-lhypertrophie-benigne-de-prostate\/"]}]},{"@type":"BreadcrumbList","@id":"https:\/\/avogel.fr\/blog\/sante-au-masculin\/7-questions-frequentes-lhypertrophie-benigne-de-prostate\/#breadcrumb","itemListElement":[{"@type":"ListItem","position":1,"name":"Accueil","item":"https:\/\/avogel.fr\/blog\/"},{"@type":"ListItem","position":2,"name":"7 questions fr\u00e9quentes sur l\u2019augmentation de la taille de la prostate"}]},{"@type":"WebSite","@id":"https:\/\/avogel.fr\/blog\/#website","url":"https:\/\/avogel.fr\/blog\/","name":"A.Vogel - Compl\u00e9ments alimentaires naturels","description":"Retrouvez tous nos conseils pour rester naturellement fort - Compl\u00e9ments \u00e0 base de plantes fra\u00eeches biologiques","potentialAction":[{"@type":"SearchAction","target":{"@type":"EntryPoint","urlTemplate":"https:\/\/avogel.fr\/blog\/?s={search_term_string}"},"query-input":"required name=search_term_string"}],"inLanguage":"fr-FR"},{"@type":"Person","@id":"","url":"https:\/\/avogel.fr\/blog\/author\/"}]}},"_links":{"self":[{"href":"https:\/\/avogel.fr\/blog\/wp-json\/wp\/v2\/posts\/7520","targetHints":{"allow":["GET"]}}],"collection":[{"href":"https:\/\/avogel.fr\/blog\/wp-json\/wp\/v2\/posts"}],"about":[{"href":"https:\/\/avogel.fr\/blog\/wp-json\/wp\/v2\/types\/post"}],"author":[{"embeddable":true,"href":"https:\/\/avogel.fr\/blog\/wp-json\/wp\/v2\/users\/8"}],"replies":[{"embeddable":true,"href":"https:\/\/avogel.fr\/blog\/wp-json\/wp\/v2\/comments?post=7520"}],"version-history":[{"count":6,"href":"https:\/\/avogel.fr\/blog\/wp-json\/wp\/v2\/posts\/7520\/revisions"}],"predecessor-version":[{"id":7984,"href":"https:\/\/avogel.fr\/blog\/wp-json\/wp\/v2\/posts\/7520\/revisions\/7984"}],"wp:featuredmedia":[{"embeddable":true,"href":"https:\/\/avogel.fr\/blog\/wp-json\/wp\/v2\/media\/8699"}],"wp:attachment":[{"href":"https:\/\/avogel.fr\/blog\/wp-json\/wp\/v2\/media?parent=7520"}],"wp:term":[{"taxonomy":"category","embeddable":true,"href":"https:\/\/avogel.fr\/blog\/wp-json\/wp\/v2\/categories?post=7520"},{"taxonomy":"post_tag","embeddable":true,"href":"https:\/\/avogel.fr\/blog\/wp-json\/wp\/v2\/tags?post=7520"}],"curies":[{"name":"wp","href":"https:\/\/api.w.org\/{rel}","templated":true}]}}