{"id":7519,"date":"2018-03-22T09:00:50","date_gmt":"2018-03-22T08:00:50","guid":{"rendered":"https:\/\/www.avogel.fr\/blog\/?p=7519"},"modified":"2021-11-02T08:44:57","modified_gmt":"2021-11-02T07:44:57","slug":"signes-symptomes-de-lhypertrophie-benigne-de-prostate","status":"publish","type":"post","link":"https:\/\/avogel.fr\/blog\/sante-au-masculin\/signes-symptomes-de-lhypertrophie-benigne-de-prostate\/","title":{"rendered":"Quels sont les signes et sympt\u00f4mes de l\u2019augmentation de la taille de la prostate ?"},"content":{"rendered":"<p><strong>L\u2019ad\u00e9nome prostatique appara\u00eet souvent discr\u00e8tement, sans pr\u00e9venir. Cette \u00e9volution de la prostate arrive en effet souvent progressivement, sans montrer de signes apparents. A. Vogel vous donne toutes les informations pour rep\u00e9rer les sympt\u00f4mes de l\u2019augmentation de la taille de la prostate.<\/strong><!--more--><\/p>\n<h2><strong>Tout d\u2019abord une question d\u2019\u00e2ge<\/strong><\/h2>\n<p>L\u2019augmentation de la taille de la prostate est avant tout li\u00e9e l\u2019\u00e2ge\u00a0: <strong>inutile de la soup\u00e7onner avant la quarantaine<\/strong>, car il y a vraiment tr\u00e8s peu de chances qu\u2019elle apparaisse avant cette \u00e9ch\u00e9ance. Si vous ressentez des d\u00e9sagr\u00e9ments au niveau de la sph\u00e8re urinaire ou intime avant cet \u00e2ge vous devez consulter votre m\u00e9decin.<\/p>\n<p>L\u2019ad\u00e9nome prostatique (l\u2019autre nom de l\u2019augmentation de la taille de la prostate) commence \u00e0 appara\u00eetre <strong>g\u00e9n\u00e9ralement vers la cinquantaine<\/strong>. Cependant elle ne devient vraiment fr\u00e9quente que chez les sexag\u00e9naires voire les septuag\u00e9naires. C\u2019est aux alentours de ces \u00e2ges que les sympt\u00f4mes doivent vous alerter.<\/p>\n<h2><strong>Des sympt\u00f4mes \u00e0 chercher quasi-exclusivement du cot\u00e9 de la sph\u00e8re urinaire<\/strong><\/h2>\n<p>Tout cela est bon \u00e0 savoir, mais ces sympt\u00f4mes quels sont-ils finalement\u00a0? Voici une liste plut\u00f4t compl\u00e8te des signes qui peuvent indiquer un ad\u00e9nome prostatique\u00a0:<\/p>\n<ul>\n<li><strong>besoin plus fr\u00e9quent d\u2019uriner<\/strong> (pollakiurie)<\/li>\n<li><strong>besoin d\u2019uriner la nuit<\/strong> (pollakiurie nocturne ou nycturie)<\/li>\n<li><strong>difficult\u00e9s \u00e0 commencer et \u00e0 terminer la miction<\/strong><\/li>\n<li><strong>miction de petits volumes<\/strong><\/li>\n<li><strong>ph\u00e9nom\u00e8ne de \u00ab\u00a0gouttes retardataires\u00a0\u00bb<\/strong><\/li>\n<\/ul>\n<p>Si vous pr\u00e9sentez ces sympt\u00f4mes, il est probable que vous ayez une augmentation de la taille de la prostate. Dans tous les cas, parlez-en \u00e0 votre m\u00e9decin traitant.<\/p>\n<h2><strong>Des probl\u00e8mes qui peuvent affecter le couple<\/strong><\/h2>\n<p>Les troubles li\u00e9s \u00e0 l\u2019augmentation de la taille de la prostate peuvent \u00e9galement <strong>affecter votre couple<\/strong>. Apr\u00e8s tout, ils vous forceront d\u00e9j\u00e0 \u00e0 vous lever plusieurs fois par nuit, ce qui risque tr\u00e8s probablement de r\u00e9veiller la personne avec qui vous dormez. Vous ne serez donc pas le seul dont le sommeil sera perturb\u00e9\u2026<\/p>\n<p>N\u2019oublions pas non plus de mentionner le fait que l\u2019augmentation de la taille de la prostate peut \u00e9galement \u00eatre responsable de <strong>dysfonctionnements \u00e9rectiles<\/strong>. Autant de probl\u00e8mes prostatiques incommodants que le palmier nain, <em>Sabal serrulata<\/em>, peut aider \u00e0 limiter naturellement, sous forme de <a href=\"https:\/\/avogel.fr\/complements-alimentaires\/1032-760-prostasan.html#\/32-contenance-30_comprimes_144g\" target=\"_blank\" rel=\"noopener\">comprim\u00e9s Prostasan\u00ae<\/a>.<\/p>\n","protected":false},"excerpt":{"rendered":"<p>L\u2019ad\u00e9nome prostatique appara\u00eet souvent discr\u00e8tement, sans pr\u00e9venir. Cette \u00e9volution de la prostate arrive en effet souvent progressivement, sans montrer de signes apparents. A. Vogel vous donne toutes les informations pour rep\u00e9rer les sympt\u00f4mes de l\u2019augmentation de la taille de la prostate.<\/p>\n","protected":false},"author":8,"featured_media":8757,"comment_status":"closed","ping_status":"closed","sticky":false,"template":"","format":"standard","meta":{"_acf_changed":false,"footnotes":""},"categories":[1575],"tags":[],"class_list":["post-7519","post","type-post","status-publish","format-standard","has-post-thumbnail","hentry","category-sante-au-masculin"],"acf":[],"yoast_head":"<!-- This site is optimized with the Yoast SEO plugin v22.0 - https:\/\/yoast.com\/wordpress\/plugins\/seo\/ -->\n<title>Sympt\u00f4mes des troubles de la prostate | A.Vogel<\/title>\n<meta name=\"description\" content=\"L\u2019ad\u00e9nome prostatique appara\u00eet souvent discr\u00e8tement, sans pr\u00e9venir. A. Vogel vous aide \u00e0 rep\u00e9rer les sympt\u00f4mes de l\u2019hypertrophie b\u00e9nigne de la prostate.\" \/>\n<meta name=\"robots\" content=\"index, follow, max-snippet:-1, max-image-preview:large, max-video-preview:-1\" \/>\n<link rel=\"canonical\" href=\"https:\/\/avogel.fr\/blog\/sante-au-masculin\/signes-symptomes-de-lhypertrophie-benigne-de-prostate\/\" \/>\n<meta property=\"og:locale\" content=\"fr_FR\" \/>\n<meta property=\"og:type\" content=\"article\" \/>\n<meta property=\"og:title\" content=\"Sympt\u00f4mes des troubles de la prostate | A.Vogel\" \/>\n<meta property=\"og:description\" content=\"L\u2019ad\u00e9nome prostatique appara\u00eet souvent discr\u00e8tement, sans pr\u00e9venir. A. Vogel vous aide \u00e0 rep\u00e9rer les sympt\u00f4mes de l\u2019hypertrophie b\u00e9nigne de la prostate.\" \/>\n<meta property=\"og:url\" content=\"https:\/\/avogel.fr\/blog\/sante-au-masculin\/signes-symptomes-de-lhypertrophie-benigne-de-prostate\/\" \/>\n<meta property=\"og:site_name\" content=\"A.Vogel - Compl\u00e9ments alimentaires naturels\" \/>\n<meta property=\"article:published_time\" content=\"2018-03-22T08:00:50+00:00\" \/>\n<meta property=\"article:modified_time\" content=\"2021-11-02T07:44:57+00:00\" \/>\n<meta property=\"og:image\" content=\"https:\/\/avogel.fr\/blog\/wp-content\/uploads\/2018\/03\/signes-symptomes-augmentation-taille-prostate.jpg\" \/>\n\t<meta property=\"og:image:width\" content=\"1200\" \/>\n\t<meta property=\"og:image:height\" content=\"627\" \/>\n\t<meta property=\"og:image:type\" content=\"image\/jpeg\" \/>\n<meta name=\"twitter:card\" content=\"summary_large_image\" \/>\n<meta name=\"twitter:label1\" content=\"\u00c9crit par\" \/>\n\t<meta name=\"twitter:data1\" content=\"\" \/>\n\t<meta name=\"twitter:label2\" content=\"Dur\u00e9e de lecture estim\u00e9e\" \/>\n\t<meta name=\"twitter:data2\" content=\"2 minutes\" \/>\n<script type=\"application\/ld+json\" class=\"yoast-schema-graph\">{\"@context\":\"https:\/\/schema.org\",\"@graph\":[{\"@type\":\"WebPage\",\"@id\":\"https:\/\/avogel.fr\/blog\/sante-au-masculin\/signes-symptomes-de-lhypertrophie-benigne-de-prostate\/\",\"url\":\"https:\/\/avogel.fr\/blog\/sante-au-masculin\/signes-symptomes-de-lhypertrophie-benigne-de-prostate\/\",\"name\":\"Sympt\u00f4mes des troubles de la prostate | A.Vogel\",\"isPartOf\":{\"@id\":\"https:\/\/avogel.fr\/blog\/#website\"},\"datePublished\":\"2018-03-22T08:00:50+00:00\",\"dateModified\":\"2021-11-02T07:44:57+00:00\",\"author\":{\"@id\":\"\"},\"description\":\"L\u2019ad\u00e9nome prostatique appara\u00eet souvent discr\u00e8tement, sans pr\u00e9venir. A. Vogel vous aide \u00e0 rep\u00e9rer les sympt\u00f4mes de l\u2019hypertrophie b\u00e9nigne de la prostate.\",\"breadcrumb\":{\"@id\":\"https:\/\/avogel.fr\/blog\/sante-au-masculin\/signes-symptomes-de-lhypertrophie-benigne-de-prostate\/#breadcrumb\"},\"inLanguage\":\"fr-FR\",\"potentialAction\":[{\"@type\":\"ReadAction\",\"target\":[\"https:\/\/avogel.fr\/blog\/sante-au-masculin\/signes-symptomes-de-lhypertrophie-benigne-de-prostate\/\"]}]},{\"@type\":\"BreadcrumbList\",\"@id\":\"https:\/\/avogel.fr\/blog\/sante-au-masculin\/signes-symptomes-de-lhypertrophie-benigne-de-prostate\/#breadcrumb\",\"itemListElement\":[{\"@type\":\"ListItem\",\"position\":1,\"name\":\"Accueil\",\"item\":\"https:\/\/avogel.fr\/blog\/\"},{\"@type\":\"ListItem\",\"position\":2,\"name\":\"Quels sont les signes et sympt\u00f4mes de l\u2019augmentation de la taille de la prostate ?\"}]},{\"@type\":\"WebSite\",\"@id\":\"https:\/\/avogel.fr\/blog\/#website\",\"url\":\"https:\/\/avogel.fr\/blog\/\",\"name\":\"A.Vogel - Compl\u00e9ments alimentaires naturels\",\"description\":\"Retrouvez tous nos conseils pour rester naturellement fort - Compl\u00e9ments \u00e0 base de plantes fra\u00eeches biologiques\",\"potentialAction\":[{\"@type\":\"SearchAction\",\"target\":{\"@type\":\"EntryPoint\",\"urlTemplate\":\"https:\/\/avogel.fr\/blog\/?s={search_term_string}\"},\"query-input\":\"required name=search_term_string\"}],\"inLanguage\":\"fr-FR\"},{\"@type\":\"Person\",\"@id\":\"\",\"url\":\"https:\/\/avogel.fr\/blog\/author\/\"}]}<\/script>\n<!-- \/ Yoast SEO plugin. -->","yoast_head_json":{"title":"Sympt\u00f4mes des troubles de la prostate | A.Vogel","description":"L\u2019ad\u00e9nome prostatique appara\u00eet souvent discr\u00e8tement, sans pr\u00e9venir. A. Vogel vous aide \u00e0 rep\u00e9rer les sympt\u00f4mes de l\u2019hypertrophie b\u00e9nigne de la prostate.","robots":{"index":"index","follow":"follow","max-snippet":"max-snippet:-1","max-image-preview":"max-image-preview:large","max-video-preview":"max-video-preview:-1"},"canonical":"https:\/\/avogel.fr\/blog\/sante-au-masculin\/signes-symptomes-de-lhypertrophie-benigne-de-prostate\/","og_locale":"fr_FR","og_type":"article","og_title":"Sympt\u00f4mes des troubles de la prostate | A.Vogel","og_description":"L\u2019ad\u00e9nome prostatique appara\u00eet souvent discr\u00e8tement, sans pr\u00e9venir. A. Vogel vous aide \u00e0 rep\u00e9rer les sympt\u00f4mes de l\u2019hypertrophie b\u00e9nigne de la prostate.","og_url":"https:\/\/avogel.fr\/blog\/sante-au-masculin\/signes-symptomes-de-lhypertrophie-benigne-de-prostate\/","og_site_name":"A.Vogel - Compl\u00e9ments alimentaires naturels","article_published_time":"2018-03-22T08:00:50+00:00","article_modified_time":"2021-11-02T07:44:57+00:00","og_image":[{"width":1200,"height":627,"url":"https:\/\/avogel.fr\/blog\/wp-content\/uploads\/2018\/03\/signes-symptomes-augmentation-taille-prostate.jpg","type":"image\/jpeg"}],"twitter_card":"summary_large_image","twitter_misc":{"\u00c9crit par":"","Dur\u00e9e de lecture estim\u00e9e":"2 minutes"},"schema":{"@context":"https:\/\/schema.org","@graph":[{"@type":"WebPage","@id":"https:\/\/avogel.fr\/blog\/sante-au-masculin\/signes-symptomes-de-lhypertrophie-benigne-de-prostate\/","url":"https:\/\/avogel.fr\/blog\/sante-au-masculin\/signes-symptomes-de-lhypertrophie-benigne-de-prostate\/","name":"Sympt\u00f4mes des troubles de la prostate | A.Vogel","isPartOf":{"@id":"https:\/\/avogel.fr\/blog\/#website"},"datePublished":"2018-03-22T08:00:50+00:00","dateModified":"2021-11-02T07:44:57+00:00","author":{"@id":""},"description":"L\u2019ad\u00e9nome prostatique appara\u00eet souvent discr\u00e8tement, sans pr\u00e9venir. A. Vogel vous aide \u00e0 rep\u00e9rer les sympt\u00f4mes de l\u2019hypertrophie b\u00e9nigne de la prostate.","breadcrumb":{"@id":"https:\/\/avogel.fr\/blog\/sante-au-masculin\/signes-symptomes-de-lhypertrophie-benigne-de-prostate\/#breadcrumb"},"inLanguage":"fr-FR","potentialAction":[{"@type":"ReadAction","target":["https:\/\/avogel.fr\/blog\/sante-au-masculin\/signes-symptomes-de-lhypertrophie-benigne-de-prostate\/"]}]},{"@type":"BreadcrumbList","@id":"https:\/\/avogel.fr\/blog\/sante-au-masculin\/signes-symptomes-de-lhypertrophie-benigne-de-prostate\/#breadcrumb","itemListElement":[{"@type":"ListItem","position":1,"name":"Accueil","item":"https:\/\/avogel.fr\/blog\/"},{"@type":"ListItem","position":2,"name":"Quels sont les signes et sympt\u00f4mes de l\u2019augmentation de la taille de la prostate ?"}]},{"@type":"WebSite","@id":"https:\/\/avogel.fr\/blog\/#website","url":"https:\/\/avogel.fr\/blog\/","name":"A.Vogel - Compl\u00e9ments alimentaires naturels","description":"Retrouvez tous nos conseils pour rester naturellement fort - Compl\u00e9ments \u00e0 base de plantes fra\u00eeches biologiques","potentialAction":[{"@type":"SearchAction","target":{"@type":"EntryPoint","urlTemplate":"https:\/\/avogel.fr\/blog\/?s={search_term_string}"},"query-input":"required name=search_term_string"}],"inLanguage":"fr-FR"},{"@type":"Person","@id":"","url":"https:\/\/avogel.fr\/blog\/author\/"}]}},"_links":{"self":[{"href":"https:\/\/avogel.fr\/blog\/wp-json\/wp\/v2\/posts\/7519","targetHints":{"allow":["GET"]}}],"collection":[{"href":"https:\/\/avogel.fr\/blog\/wp-json\/wp\/v2\/posts"}],"about":[{"href":"https:\/\/avogel.fr\/blog\/wp-json\/wp\/v2\/types\/post"}],"author":[{"embeddable":true,"href":"https:\/\/avogel.fr\/blog\/wp-json\/wp\/v2\/users\/8"}],"replies":[{"embeddable":true,"href":"https:\/\/avogel.fr\/blog\/wp-json\/wp\/v2\/comments?post=7519"}],"version-history":[{"count":7,"href":"https:\/\/avogel.fr\/blog\/wp-json\/wp\/v2\/posts\/7519\/revisions"}],"predecessor-version":[{"id":7986,"href":"https:\/\/avogel.fr\/blog\/wp-json\/wp\/v2\/posts\/7519\/revisions\/7986"}],"wp:featuredmedia":[{"embeddable":true,"href":"https:\/\/avogel.fr\/blog\/wp-json\/wp\/v2\/media\/8757"}],"wp:attachment":[{"href":"https:\/\/avogel.fr\/blog\/wp-json\/wp\/v2\/media?parent=7519"}],"wp:term":[{"taxonomy":"category","embeddable":true,"href":"https:\/\/avogel.fr\/blog\/wp-json\/wp\/v2\/categories?post=7519"},{"taxonomy":"post_tag","embeddable":true,"href":"https:\/\/avogel.fr\/blog\/wp-json\/wp\/v2\/tags?post=7519"}],"curies":[{"name":"wp","href":"https:\/\/api.w.org\/{rel}","templated":true}]}}