{"id":7509,"date":"2018-03-08T10:08:42","date_gmt":"2018-03-08T09:08:42","guid":{"rendered":"https:\/\/www.avogel.fr\/blog\/?p=7509"},"modified":"2020-09-09T09:52:21","modified_gmt":"2020-09-09T07:52:21","slug":"substitut-de-cafe-bio-vegan-bambu","status":"publish","type":"post","link":"https:\/\/avogel.fr\/blog\/epicerie\/substitut-de-cafe-bio-vegan-bambu\/","title":{"rendered":"Substitut de caf\u00e9 BIO &#038; VEGAN : Bambu\u00ae"},"content":{"rendered":"<p>Certains r\u00e9gimes n\u00e9cessitent de laisse de c\u00f4t\u00e9 la caf\u00e9ine. Mais cela signifie-t-il forc\u00e9ment d&rsquo;abandonner le bon go\u00fbt de la chicor\u00e9e ? Bambu\u00ae est un substitut de caf\u00e9 BIO &amp; VEGAN \u00e0 base de fruits et de c\u00e9r\u00e9ales soluble (instantan\u00e9), qui vous permettra de remplacer le caf\u00e9 de mani\u00e8re naturelle. Un caf\u00e9 sans caf\u00e9ine &#8230; \u00e9trange nous direz-vous ?! Peut-\u00eatre, mais contrairement au caf\u00e9 ordinaire, Bambu\u00ae\u00a0ne cr\u00e9e pas de d\u00e9pendance et n&rsquo;affecte pas le sommeil. De plus, la chicor\u00e9e exerce un effet positif sur la digestion !<\/p>\n<p>Mais en plus d&rsquo;\u00eatre bu, il peut-\u00eatre l&rsquo;ingr\u00e9dient de nombreuses de vos recettes : Smoothie, truffes, brownies etc&#8230;<\/p>\n<p>Cliquez pour recevoir gratuitement notre livre de d\u00e9licieuses recettes.<\/p>\n<p><a href=\"https:\/\/mailchi.mp\/a5c4f3e4c1c0\/livre-de-recettes-bambu\"><img loading=\"lazy\" decoding=\"async\" class=\"aligncenter wp-image-7510 size-full\" src=\"https:\/\/avogel.fr\/blog\/wp-content\/uploads\/2018\/03\/visuel-produit.png\" alt=\"Substitut caf\u00e9\" width=\"700\" height=\"700\" srcset=\"https:\/\/avogel.fr\/blog\/wp-content\/uploads\/2018\/03\/visuel-produit.png 700w, https:\/\/avogel.fr\/blog\/wp-content\/uploads\/2018\/03\/visuel-produit-150x150.png 150w, https:\/\/avogel.fr\/blog\/wp-content\/uploads\/2018\/03\/visuel-produit-300x300.png 300w\" sizes=\"auto, (max-width: 700px) 100vw, 700px\" \/><\/a><\/p>\n","protected":false},"excerpt":{"rendered":"<p>Certains r\u00e9gimes n\u00e9cessitent de laisse de c\u00f4t\u00e9 la caf\u00e9ine. Mais cela signifie-t-il forc\u00e9ment d&rsquo;abandonner le bon go\u00fbt de la chicor\u00e9e ? Bambu\u00ae est un substitut de caf\u00e9 BIO &amp; VEGAN \u00e0 base de fruits et de c\u00e9r\u00e9ales soluble (instantan\u00e9), qui vous permettra de remplacer le caf\u00e9 de mani\u00e8re naturelle. Un caf\u00e9 sans caf\u00e9ine &#8230; \u00e9trange [&hellip;]<\/p>\n","protected":false},"author":17,"featured_media":7518,"comment_status":"closed","ping_status":"closed","sticky":false,"template":"","format":"standard","meta":{"_acf_changed":false,"footnotes":""},"categories":[1563],"tags":[],"class_list":["post-7509","post","type-post","status-publish","format-standard","has-post-thumbnail","hentry","category-epicerie"],"acf":[],"yoast_head":"<!-- This site is optimized with the Yoast SEO plugin v22.0 - https:\/\/yoast.com\/wordpress\/plugins\/seo\/ -->\n<title>Substitut de caf\u00e9 BIO &amp; VEGAN : Bambu\u00ae - A.Vogel - Compl\u00e9ments alimentaires naturels<\/title>\n<meta name=\"robots\" content=\"index, follow, max-snippet:-1, max-image-preview:large, max-video-preview:-1\" \/>\n<link rel=\"canonical\" href=\"https:\/\/avogel.fr\/blog\/epicerie\/substitut-de-cafe-bio-vegan-bambu\/\" \/>\n<meta property=\"og:locale\" content=\"fr_FR\" \/>\n<meta property=\"og:type\" content=\"article\" \/>\n<meta property=\"og:title\" content=\"Substitut de caf\u00e9 BIO &amp; VEGAN : Bambu\u00ae - A.Vogel - Compl\u00e9ments alimentaires naturels\" \/>\n<meta property=\"og:description\" content=\"Certains r\u00e9gimes n\u00e9cessitent de laisse de c\u00f4t\u00e9 la caf\u00e9ine. Mais cela signifie-t-il forc\u00e9ment d&rsquo;abandonner le bon go\u00fbt de la chicor\u00e9e ? Bambu\u00ae est un substitut de caf\u00e9 BIO &amp; VEGAN \u00e0 base de fruits et de c\u00e9r\u00e9ales soluble (instantan\u00e9), qui vous permettra de remplacer le caf\u00e9 de mani\u00e8re naturelle. Un caf\u00e9 sans caf\u00e9ine &#8230; \u00e9trange [&hellip;]\" \/>\n<meta property=\"og:url\" content=\"https:\/\/avogel.fr\/blog\/epicerie\/substitut-de-cafe-bio-vegan-bambu\/\" \/>\n<meta property=\"og:site_name\" content=\"A.Vogel - Compl\u00e9ments alimentaires naturels\" \/>\n<meta property=\"article:published_time\" content=\"2018-03-08T09:08:42+00:00\" \/>\n<meta property=\"article:modified_time\" content=\"2020-09-09T07:52:21+00:00\" \/>\n<meta property=\"og:image\" content=\"https:\/\/avogel.fr\/blog\/wp-content\/uploads\/2018\/03\/bandeau-bambu-blog.png\" \/>\n\t<meta property=\"og:image:width\" content=\"1228\" \/>\n\t<meta property=\"og:image:height\" content=\"498\" \/>\n\t<meta property=\"og:image:type\" content=\"image\/png\" \/>\n<meta name=\"author\" content=\"ysid\" \/>\n<meta name=\"twitter:card\" content=\"summary_large_image\" \/>\n<meta name=\"twitter:label1\" content=\"\u00c9crit par\" \/>\n\t<meta name=\"twitter:data1\" content=\"ysid\" \/>\n\t<meta name=\"twitter:label2\" content=\"Dur\u00e9e de lecture estim\u00e9e\" \/>\n\t<meta name=\"twitter:data2\" content=\"1 minute\" \/>\n<script type=\"application\/ld+json\" class=\"yoast-schema-graph\">{\"@context\":\"https:\/\/schema.org\",\"@graph\":[{\"@type\":\"WebPage\",\"@id\":\"https:\/\/avogel.fr\/blog\/epicerie\/substitut-de-cafe-bio-vegan-bambu\/\",\"url\":\"https:\/\/avogel.fr\/blog\/epicerie\/substitut-de-cafe-bio-vegan-bambu\/\",\"name\":\"Substitut de caf\u00e9 BIO & VEGAN : Bambu\u00ae - A.Vogel - Compl\u00e9ments alimentaires naturels\",\"isPartOf\":{\"@id\":\"https:\/\/avogel.fr\/blog\/#website\"},\"datePublished\":\"2018-03-08T09:08:42+00:00\",\"dateModified\":\"2020-09-09T07:52:21+00:00\",\"author\":{\"@id\":\"https:\/\/avogel.fr\/blog\/#\/schema\/person\/882e946b7c5cb320ab225ef6d9499fd5\"},\"breadcrumb\":{\"@id\":\"https:\/\/avogel.fr\/blog\/epicerie\/substitut-de-cafe-bio-vegan-bambu\/#breadcrumb\"},\"inLanguage\":\"fr-FR\",\"potentialAction\":[{\"@type\":\"ReadAction\",\"target\":[\"https:\/\/avogel.fr\/blog\/epicerie\/substitut-de-cafe-bio-vegan-bambu\/\"]}]},{\"@type\":\"BreadcrumbList\",\"@id\":\"https:\/\/avogel.fr\/blog\/epicerie\/substitut-de-cafe-bio-vegan-bambu\/#breadcrumb\",\"itemListElement\":[{\"@type\":\"ListItem\",\"position\":1,\"name\":\"Accueil\",\"item\":\"https:\/\/avogel.fr\/blog\/\"},{\"@type\":\"ListItem\",\"position\":2,\"name\":\"Substitut de caf\u00e9 BIO &#038; VEGAN : Bambu\u00ae\"}]},{\"@type\":\"WebSite\",\"@id\":\"https:\/\/avogel.fr\/blog\/#website\",\"url\":\"https:\/\/avogel.fr\/blog\/\",\"name\":\"A.Vogel - Compl\u00e9ments alimentaires naturels\",\"description\":\"Retrouvez tous nos conseils pour rester naturellement fort - Compl\u00e9ments \u00e0 base de plantes fra\u00eeches biologiques\",\"potentialAction\":[{\"@type\":\"SearchAction\",\"target\":{\"@type\":\"EntryPoint\",\"urlTemplate\":\"https:\/\/avogel.fr\/blog\/?s={search_term_string}\"},\"query-input\":\"required name=search_term_string\"}],\"inLanguage\":\"fr-FR\"},{\"@type\":\"Person\",\"@id\":\"https:\/\/avogel.fr\/blog\/#\/schema\/person\/882e946b7c5cb320ab225ef6d9499fd5\",\"name\":\"ysid\",\"url\":\"https:\/\/avogel.fr\/blog\/author\/ysid\/\"}]}<\/script>\n<!-- \/ Yoast SEO plugin. -->","yoast_head_json":{"title":"Substitut de caf\u00e9 BIO & VEGAN : Bambu\u00ae - A.Vogel - Compl\u00e9ments alimentaires naturels","robots":{"index":"index","follow":"follow","max-snippet":"max-snippet:-1","max-image-preview":"max-image-preview:large","max-video-preview":"max-video-preview:-1"},"canonical":"https:\/\/avogel.fr\/blog\/epicerie\/substitut-de-cafe-bio-vegan-bambu\/","og_locale":"fr_FR","og_type":"article","og_title":"Substitut de caf\u00e9 BIO & VEGAN : Bambu\u00ae - A.Vogel - Compl\u00e9ments alimentaires naturels","og_description":"Certains r\u00e9gimes n\u00e9cessitent de laisse de c\u00f4t\u00e9 la caf\u00e9ine. Mais cela signifie-t-il forc\u00e9ment d&rsquo;abandonner le bon go\u00fbt de la chicor\u00e9e ? Bambu\u00ae est un substitut de caf\u00e9 BIO &amp; VEGAN \u00e0 base de fruits et de c\u00e9r\u00e9ales soluble (instantan\u00e9), qui vous permettra de remplacer le caf\u00e9 de mani\u00e8re naturelle. Un caf\u00e9 sans caf\u00e9ine &#8230; \u00e9trange [&hellip;]","og_url":"https:\/\/avogel.fr\/blog\/epicerie\/substitut-de-cafe-bio-vegan-bambu\/","og_site_name":"A.Vogel - Compl\u00e9ments alimentaires naturels","article_published_time":"2018-03-08T09:08:42+00:00","article_modified_time":"2020-09-09T07:52:21+00:00","og_image":[{"width":1228,"height":498,"url":"https:\/\/avogel.fr\/blog\/wp-content\/uploads\/2018\/03\/bandeau-bambu-blog.png","type":"image\/png"}],"author":"ysid","twitter_card":"summary_large_image","twitter_misc":{"\u00c9crit par":"ysid","Dur\u00e9e de lecture estim\u00e9e":"1 minute"},"schema":{"@context":"https:\/\/schema.org","@graph":[{"@type":"WebPage","@id":"https:\/\/avogel.fr\/blog\/epicerie\/substitut-de-cafe-bio-vegan-bambu\/","url":"https:\/\/avogel.fr\/blog\/epicerie\/substitut-de-cafe-bio-vegan-bambu\/","name":"Substitut de caf\u00e9 BIO & VEGAN : Bambu\u00ae - A.Vogel - Compl\u00e9ments alimentaires naturels","isPartOf":{"@id":"https:\/\/avogel.fr\/blog\/#website"},"datePublished":"2018-03-08T09:08:42+00:00","dateModified":"2020-09-09T07:52:21+00:00","author":{"@id":"https:\/\/avogel.fr\/blog\/#\/schema\/person\/882e946b7c5cb320ab225ef6d9499fd5"},"breadcrumb":{"@id":"https:\/\/avogel.fr\/blog\/epicerie\/substitut-de-cafe-bio-vegan-bambu\/#breadcrumb"},"inLanguage":"fr-FR","potentialAction":[{"@type":"ReadAction","target":["https:\/\/avogel.fr\/blog\/epicerie\/substitut-de-cafe-bio-vegan-bambu\/"]}]},{"@type":"BreadcrumbList","@id":"https:\/\/avogel.fr\/blog\/epicerie\/substitut-de-cafe-bio-vegan-bambu\/#breadcrumb","itemListElement":[{"@type":"ListItem","position":1,"name":"Accueil","item":"https:\/\/avogel.fr\/blog\/"},{"@type":"ListItem","position":2,"name":"Substitut de caf\u00e9 BIO &#038; VEGAN : Bambu\u00ae"}]},{"@type":"WebSite","@id":"https:\/\/avogel.fr\/blog\/#website","url":"https:\/\/avogel.fr\/blog\/","name":"A.Vogel - Compl\u00e9ments alimentaires naturels","description":"Retrouvez tous nos conseils pour rester naturellement fort - Compl\u00e9ments \u00e0 base de plantes fra\u00eeches biologiques","potentialAction":[{"@type":"SearchAction","target":{"@type":"EntryPoint","urlTemplate":"https:\/\/avogel.fr\/blog\/?s={search_term_string}"},"query-input":"required name=search_term_string"}],"inLanguage":"fr-FR"},{"@type":"Person","@id":"https:\/\/avogel.fr\/blog\/#\/schema\/person\/882e946b7c5cb320ab225ef6d9499fd5","name":"ysid","url":"https:\/\/avogel.fr\/blog\/author\/ysid\/"}]}},"_links":{"self":[{"href":"https:\/\/avogel.fr\/blog\/wp-json\/wp\/v2\/posts\/7509","targetHints":{"allow":["GET"]}}],"collection":[{"href":"https:\/\/avogel.fr\/blog\/wp-json\/wp\/v2\/posts"}],"about":[{"href":"https:\/\/avogel.fr\/blog\/wp-json\/wp\/v2\/types\/post"}],"author":[{"embeddable":true,"href":"https:\/\/avogel.fr\/blog\/wp-json\/wp\/v2\/users\/17"}],"replies":[{"embeddable":true,"href":"https:\/\/avogel.fr\/blog\/wp-json\/wp\/v2\/comments?post=7509"}],"version-history":[{"count":5,"href":"https:\/\/avogel.fr\/blog\/wp-json\/wp\/v2\/posts\/7509\/revisions"}],"predecessor-version":[{"id":8290,"href":"https:\/\/avogel.fr\/blog\/wp-json\/wp\/v2\/posts\/7509\/revisions\/8290"}],"wp:featuredmedia":[{"embeddable":true,"href":"https:\/\/avogel.fr\/blog\/wp-json\/wp\/v2\/media\/7518"}],"wp:attachment":[{"href":"https:\/\/avogel.fr\/blog\/wp-json\/wp\/v2\/media?parent=7509"}],"wp:term":[{"taxonomy":"category","embeddable":true,"href":"https:\/\/avogel.fr\/blog\/wp-json\/wp\/v2\/categories?post=7509"},{"taxonomy":"post_tag","embeddable":true,"href":"https:\/\/avogel.fr\/blog\/wp-json\/wp\/v2\/tags?post=7509"}],"curies":[{"name":"wp","href":"https:\/\/api.w.org\/{rel}","templated":true}]}}