{"id":7328,"date":"2018-02-23T14:00:43","date_gmt":"2018-02-23T13:00:43","guid":{"rendered":"https:\/\/www.avogel.fr\/blog\/?p=7328"},"modified":"2021-10-29T21:01:10","modified_gmt":"2021-10-29T19:01:10","slug":"cancer-de-prostate-hypertrophie-benigne-y-a-t-lien","status":"publish","type":"post","link":"https:\/\/avogel.fr\/blog\/sante-au-masculin\/cancer-de-prostate-hypertrophie-benigne-y-a-t-lien\/","title":{"rendered":"Cancer de la prostate et augmentation de la taille de la prostate : y a-t-il un lien ?"},"content":{"rendered":"<p><strong>On parle souvent de cancer de la prostate et d\u2019augmentation de la taille de la prostate, mais quels sont les liens entre les deux\u00a0? Quand faut-il s\u2019inqui\u00e9ter et quels sont les r\u00e9flexes \u00e0 avoir\u00a0? A. Vogel vous apporte ses r\u00e9ponses pour vous rassurer et prendre soin de votre sant\u00e9 intime.<\/strong><br \/>\n<!--more--><\/p>\n<h2><strong>Rappel\u00a0: la prostate, qu\u2019est-ce que c\u2019est\u00a0? <\/strong><\/h2>\n<p>La prostate est <strong>une glande<\/strong> ayant grossi\u00e8rement la taille et la forme d\u2019une ch\u00e2taigne, faisant partie int\u00e9grante de l\u2019appareil reproducteur masculin. Elle produit une partie du liquide s\u00e9minal pr\u00e9sent dans le sperme et entoure l\u2019ur\u00e8tre (le canal par lequel l\u2019urine est \u00e9vacu\u00e9e). Lorsque apparaissent des <strong>troubles de la prostate<\/strong>, la miction (le fait d\u2019uriner) et les fonctions reproductrices peuvent \u00eatre perturb\u00e9es.<\/p>\n<h2><strong>Cancer de la prostate et augmentation de la taille de la prostate : d\u00e9finitions <\/strong><\/h2>\n<p>Le <strong>cancer de la prostate<\/strong> est l\u2019un des cancers les plus r\u00e9pandus en occident. Cette fr\u00e9quence est peut-\u00eatre due \u00e0 de meilleurs d\u00e9pistages. En effet, la majorit\u00e9 des cancers de la prostate sont <strong>b\u00e9nins<\/strong>, et m\u00eame asymptomatiques (ne pr\u00e9sentant pas de sympt\u00f4mes). Cela \u00e9tant, ils peuvent devenir graves dans de rares cas, alors il faut y prendre garde et rester vigilant.<\/p>\n<p><strong>L\u2019augmentation de la taille de la prostate<\/strong>\u00a0consiste en <a href=\"https:\/\/avogel.fr\/blog\/hypertrophie-benigne-prostate\/\" target=\"_blank\" rel=\"noopener\">une \u00e9volution naturelle de la glande prostatique<\/a>. En effet au fil du temps cette derni\u00e8re augmente en volume, entrainant \u00e0 terme une compression de l\u2019ur\u00e8tre et des difficult\u00e9s \u00e0 uriner et \u00e0 maintenir une \u00e9rection. Ces probl\u00e8mes peuvent devenir <strong>l\u00e9g\u00e8rement handicapants<\/strong>, notamment en obligeant \u00e0 aller plus fr\u00e9quemment aux toilettes notamment la nuit, la vessie ne pouvant plus se vider enti\u00e8rement.<\/p>\n<h2><strong>Des similarit\u00e9s\u2026 <\/strong><\/h2>\n<p>Cancer de la prostate et augmentation de la taille de la prostate peuvent para\u00eetre similaires sur certains points\u00a0:<\/p>\n<ul>\n<li>tous deux touchent bien s\u00fbr la prostate<\/li>\n<li>tous deux apparaissent \u00e0 partir d\u2019un certain \u00e2ge, en g\u00e9n\u00e9ral aux alentours de 50 ans<\/li>\n<li>tous deux peuvent rester non-d\u00e9clar\u00e9s pendant de nombreuses ann\u00e9es<\/li>\n<\/ul>\n<p>Cela \u00e9tant, les ressemblance s\u2019arr\u00eatent l\u00e0.<\/p>\n<h2><strong>\u2026 Mais pas de liens\u00a0!<\/strong><\/h2>\n<p>En effet, ce qu\u2019il faut surtout retenir c\u2019est que, pour aussi similaire qu\u2019elles puissent sembler au premier abord, ces deux changements de la prostate ne sont pas li\u00e9s. <strong>L\u2019augmentation de la taille de la prostate n\u2019\u00e9volue pas en cancer de la prostate<\/strong>. Cela peut s\u2019expliquer ainsi :<\/p>\n<ul>\n<li>L\u2019<strong>augmentation de la taille de la prostate\u00a0<\/strong>est une \u00e9volution naturelle de la prostate pass\u00e9 un certain \u00e2ge. Elle consiste simplement en une augmentation du volume de ses tissus. Surtout, elle n\u2019\u00e9volue pas d\u2019autres mani\u00e8res.<\/li>\n<li>Le <strong>cancer de la prostate<\/strong> est, comme son nom l\u2019indique, un cancer, soit une prolif\u00e9ration de cellules prenant la forme d\u2019une tumeur, et pouvant se d\u00e9velopper rapidement.<\/li>\n<\/ul>\n<h2><strong>Quels r\u00e9flexes prendre pour \u00e9viter l\u2019inqui\u00e9tude\u00a0? <\/strong><\/h2>\n<p>Hors de question de se rendre malade au sujet de sa prostate puisque la situation a, dans un cas comme dans l\u2019autre, <strong>peu de chance d\u2019\u00e9voluer de mani\u00e8re grave<\/strong>. Cela \u00e9tant il faut cependant surveiller sa sant\u00e9\u00a0! Voici comment faire pour chaque cas\u00a0:<\/p>\n<ul>\n<li><strong>Pour le cancer de la prostate\u00a0:<\/strong> les causes du cancer de la prostate ne sont pas connues, et il est g\u00e9n\u00e9ralement asymptomatique. La seule solution est donc d\u2019assurer un suivi m\u00e9dical r\u00e9gulier et de se faire d\u00e9pister r\u00e9guli\u00e8rement \u00e0 partir d\u2019un certain \u00e2ge. Parlez-en \u00e0 votre m\u00e9decin traitant.<\/li>\n<li><strong>Pour l\u2019augmentation de la taille de la prostate :<\/strong> il existe des pistes pour pr\u00e9venir ce ph\u00e9nom\u00e8ne, comme faire du sport et manger sainement. On peut \u00e9galement utiliser du <a href=\"https:\/\/avogel.fr\/complements-alimentaires\/1032-760-prostasan.html#\/32-contenance-30_comprimes_144g\" target=\"_blank\" rel=\"noopener\">Prostasan\u00ae de A. Vogel<\/a>, un produit naturel qui permet, gr\u00e2ce \u00e0 son extrait de palmier nain, de limiter l\u2019augmentation de la taille de la prostate.<\/li>\n<\/ul>\n","protected":false},"excerpt":{"rendered":"<p>On parle souvent de cancer de la prostate et d\u2019augmentation de la taille de la prostate, mais quels sont les liens entre les deux\u00a0? Quand faut-il s\u2019inqui\u00e9ter et quels sont les r\u00e9flexes \u00e0 avoir\u00a0? A. Vogel vous apporte ses r\u00e9ponses pour vous rassurer et prendre soin de votre sant\u00e9 intime.<\/p>\n","protected":false},"author":8,"featured_media":8746,"comment_status":"closed","ping_status":"closed","sticky":false,"template":"","format":"standard","meta":{"_acf_changed":false,"footnotes":""},"categories":[1575],"tags":[],"class_list":["post-7328","post","type-post","status-publish","format-standard","has-post-thumbnail","hentry","category-sante-au-masculin"],"acf":[],"yoast_head":"<!-- This site is optimized with the Yoast SEO plugin v22.0 - https:\/\/yoast.com\/wordpress\/plugins\/seo\/ -->\n<title>Hypertrophie b\u00e9nigne de la prostate et cancer | A.Vogel<\/title>\n<meta name=\"description\" content=\"On parle souvent de cancer de la prostate et d\u2019hypertrophie b\u00e9nigne de la prostate, mais quels sont les liens entre les deux ? Faut-il s\u2019inqui\u00e9ter ? .\" \/>\n<meta name=\"robots\" content=\"index, follow, max-snippet:-1, max-image-preview:large, max-video-preview:-1\" \/>\n<link rel=\"canonical\" href=\"https:\/\/avogel.fr\/blog\/sante-au-masculin\/cancer-de-prostate-hypertrophie-benigne-y-a-t-lien\/\" \/>\n<meta property=\"og:locale\" content=\"fr_FR\" \/>\n<meta property=\"og:type\" content=\"article\" \/>\n<meta property=\"og:title\" content=\"Hypertrophie b\u00e9nigne de la prostate et cancer | A.Vogel\" \/>\n<meta property=\"og:description\" content=\"On parle souvent de cancer de la prostate et d\u2019hypertrophie b\u00e9nigne de la prostate, mais quels sont les liens entre les deux ? Faut-il s\u2019inqui\u00e9ter ? .\" \/>\n<meta property=\"og:url\" content=\"https:\/\/avogel.fr\/blog\/sante-au-masculin\/cancer-de-prostate-hypertrophie-benigne-y-a-t-lien\/\" \/>\n<meta property=\"og:site_name\" content=\"A.Vogel - Compl\u00e9ments alimentaires naturels\" \/>\n<meta property=\"article:published_time\" content=\"2018-02-23T13:00:43+00:00\" \/>\n<meta property=\"article:modified_time\" content=\"2021-10-29T19:01:10+00:00\" \/>\n<meta property=\"og:image\" content=\"https:\/\/avogel.fr\/blog\/wp-content\/uploads\/2018\/02\/lien-cancer-prostate-augmentation-taille-prostate.jpg\" \/>\n\t<meta property=\"og:image:width\" content=\"1200\" \/>\n\t<meta property=\"og:image:height\" content=\"627\" \/>\n\t<meta property=\"og:image:type\" content=\"image\/jpeg\" \/>\n<meta name=\"twitter:card\" content=\"summary_large_image\" \/>\n<meta name=\"twitter:label1\" content=\"\u00c9crit par\" \/>\n\t<meta name=\"twitter:data1\" content=\"\" \/>\n\t<meta name=\"twitter:label2\" content=\"Dur\u00e9e de lecture estim\u00e9e\" \/>\n\t<meta name=\"twitter:data2\" content=\"3 minutes\" \/>\n<script type=\"application\/ld+json\" class=\"yoast-schema-graph\">{\"@context\":\"https:\/\/schema.org\",\"@graph\":[{\"@type\":\"WebPage\",\"@id\":\"https:\/\/avogel.fr\/blog\/sante-au-masculin\/cancer-de-prostate-hypertrophie-benigne-y-a-t-lien\/\",\"url\":\"https:\/\/avogel.fr\/blog\/sante-au-masculin\/cancer-de-prostate-hypertrophie-benigne-y-a-t-lien\/\",\"name\":\"Hypertrophie b\u00e9nigne de la prostate et cancer | A.Vogel\",\"isPartOf\":{\"@id\":\"https:\/\/avogel.fr\/blog\/#website\"},\"datePublished\":\"2018-02-23T13:00:43+00:00\",\"dateModified\":\"2021-10-29T19:01:10+00:00\",\"author\":{\"@id\":\"\"},\"description\":\"On parle souvent de cancer de la prostate et d\u2019hypertrophie b\u00e9nigne de la prostate, mais quels sont les liens entre les deux ? Faut-il s\u2019inqui\u00e9ter ? .\",\"breadcrumb\":{\"@id\":\"https:\/\/avogel.fr\/blog\/sante-au-masculin\/cancer-de-prostate-hypertrophie-benigne-y-a-t-lien\/#breadcrumb\"},\"inLanguage\":\"fr-FR\",\"potentialAction\":[{\"@type\":\"ReadAction\",\"target\":[\"https:\/\/avogel.fr\/blog\/sante-au-masculin\/cancer-de-prostate-hypertrophie-benigne-y-a-t-lien\/\"]}]},{\"@type\":\"BreadcrumbList\",\"@id\":\"https:\/\/avogel.fr\/blog\/sante-au-masculin\/cancer-de-prostate-hypertrophie-benigne-y-a-t-lien\/#breadcrumb\",\"itemListElement\":[{\"@type\":\"ListItem\",\"position\":1,\"name\":\"Accueil\",\"item\":\"https:\/\/avogel.fr\/blog\/\"},{\"@type\":\"ListItem\",\"position\":2,\"name\":\"Cancer de la prostate et augmentation de la taille de la prostate : y a-t-il un lien ?\"}]},{\"@type\":\"WebSite\",\"@id\":\"https:\/\/avogel.fr\/blog\/#website\",\"url\":\"https:\/\/avogel.fr\/blog\/\",\"name\":\"A.Vogel - Compl\u00e9ments alimentaires naturels\",\"description\":\"Retrouvez tous nos conseils pour rester naturellement fort - Compl\u00e9ments \u00e0 base de plantes fra\u00eeches biologiques\",\"potentialAction\":[{\"@type\":\"SearchAction\",\"target\":{\"@type\":\"EntryPoint\",\"urlTemplate\":\"https:\/\/avogel.fr\/blog\/?s={search_term_string}\"},\"query-input\":\"required name=search_term_string\"}],\"inLanguage\":\"fr-FR\"},{\"@type\":\"Person\",\"@id\":\"\",\"url\":\"https:\/\/avogel.fr\/blog\/author\/\"}]}<\/script>\n<!-- \/ Yoast SEO plugin. -->","yoast_head_json":{"title":"Hypertrophie b\u00e9nigne de la prostate et cancer | A.Vogel","description":"On parle souvent de cancer de la prostate et d\u2019hypertrophie b\u00e9nigne de la prostate, mais quels sont les liens entre les deux ? Faut-il s\u2019inqui\u00e9ter ? .","robots":{"index":"index","follow":"follow","max-snippet":"max-snippet:-1","max-image-preview":"max-image-preview:large","max-video-preview":"max-video-preview:-1"},"canonical":"https:\/\/avogel.fr\/blog\/sante-au-masculin\/cancer-de-prostate-hypertrophie-benigne-y-a-t-lien\/","og_locale":"fr_FR","og_type":"article","og_title":"Hypertrophie b\u00e9nigne de la prostate et cancer | A.Vogel","og_description":"On parle souvent de cancer de la prostate et d\u2019hypertrophie b\u00e9nigne de la prostate, mais quels sont les liens entre les deux ? Faut-il s\u2019inqui\u00e9ter ? .","og_url":"https:\/\/avogel.fr\/blog\/sante-au-masculin\/cancer-de-prostate-hypertrophie-benigne-y-a-t-lien\/","og_site_name":"A.Vogel - Compl\u00e9ments alimentaires naturels","article_published_time":"2018-02-23T13:00:43+00:00","article_modified_time":"2021-10-29T19:01:10+00:00","og_image":[{"width":1200,"height":627,"url":"https:\/\/avogel.fr\/blog\/wp-content\/uploads\/2018\/02\/lien-cancer-prostate-augmentation-taille-prostate.jpg","type":"image\/jpeg"}],"twitter_card":"summary_large_image","twitter_misc":{"\u00c9crit par":"","Dur\u00e9e de lecture estim\u00e9e":"3 minutes"},"schema":{"@context":"https:\/\/schema.org","@graph":[{"@type":"WebPage","@id":"https:\/\/avogel.fr\/blog\/sante-au-masculin\/cancer-de-prostate-hypertrophie-benigne-y-a-t-lien\/","url":"https:\/\/avogel.fr\/blog\/sante-au-masculin\/cancer-de-prostate-hypertrophie-benigne-y-a-t-lien\/","name":"Hypertrophie b\u00e9nigne de la prostate et cancer | A.Vogel","isPartOf":{"@id":"https:\/\/avogel.fr\/blog\/#website"},"datePublished":"2018-02-23T13:00:43+00:00","dateModified":"2021-10-29T19:01:10+00:00","author":{"@id":""},"description":"On parle souvent de cancer de la prostate et d\u2019hypertrophie b\u00e9nigne de la prostate, mais quels sont les liens entre les deux ? Faut-il s\u2019inqui\u00e9ter ? .","breadcrumb":{"@id":"https:\/\/avogel.fr\/blog\/sante-au-masculin\/cancer-de-prostate-hypertrophie-benigne-y-a-t-lien\/#breadcrumb"},"inLanguage":"fr-FR","potentialAction":[{"@type":"ReadAction","target":["https:\/\/avogel.fr\/blog\/sante-au-masculin\/cancer-de-prostate-hypertrophie-benigne-y-a-t-lien\/"]}]},{"@type":"BreadcrumbList","@id":"https:\/\/avogel.fr\/blog\/sante-au-masculin\/cancer-de-prostate-hypertrophie-benigne-y-a-t-lien\/#breadcrumb","itemListElement":[{"@type":"ListItem","position":1,"name":"Accueil","item":"https:\/\/avogel.fr\/blog\/"},{"@type":"ListItem","position":2,"name":"Cancer de la prostate et augmentation de la taille de la prostate : y a-t-il un lien ?"}]},{"@type":"WebSite","@id":"https:\/\/avogel.fr\/blog\/#website","url":"https:\/\/avogel.fr\/blog\/","name":"A.Vogel - Compl\u00e9ments alimentaires naturels","description":"Retrouvez tous nos conseils pour rester naturellement fort - Compl\u00e9ments \u00e0 base de plantes fra\u00eeches biologiques","potentialAction":[{"@type":"SearchAction","target":{"@type":"EntryPoint","urlTemplate":"https:\/\/avogel.fr\/blog\/?s={search_term_string}"},"query-input":"required name=search_term_string"}],"inLanguage":"fr-FR"},{"@type":"Person","@id":"","url":"https:\/\/avogel.fr\/blog\/author\/"}]}},"_links":{"self":[{"href":"https:\/\/avogel.fr\/blog\/wp-json\/wp\/v2\/posts\/7328","targetHints":{"allow":["GET"]}}],"collection":[{"href":"https:\/\/avogel.fr\/blog\/wp-json\/wp\/v2\/posts"}],"about":[{"href":"https:\/\/avogel.fr\/blog\/wp-json\/wp\/v2\/types\/post"}],"author":[{"embeddable":true,"href":"https:\/\/avogel.fr\/blog\/wp-json\/wp\/v2\/users\/8"}],"replies":[{"embeddable":true,"href":"https:\/\/avogel.fr\/blog\/wp-json\/wp\/v2\/comments?post=7328"}],"version-history":[{"count":5,"href":"https:\/\/avogel.fr\/blog\/wp-json\/wp\/v2\/posts\/7328\/revisions"}],"predecessor-version":[{"id":7988,"href":"https:\/\/avogel.fr\/blog\/wp-json\/wp\/v2\/posts\/7328\/revisions\/7988"}],"wp:featuredmedia":[{"embeddable":true,"href":"https:\/\/avogel.fr\/blog\/wp-json\/wp\/v2\/media\/8746"}],"wp:attachment":[{"href":"https:\/\/avogel.fr\/blog\/wp-json\/wp\/v2\/media?parent=7328"}],"wp:term":[{"taxonomy":"category","embeddable":true,"href":"https:\/\/avogel.fr\/blog\/wp-json\/wp\/v2\/categories?post=7328"},{"taxonomy":"post_tag","embeddable":true,"href":"https:\/\/avogel.fr\/blog\/wp-json\/wp\/v2\/tags?post=7328"}],"curies":[{"name":"wp","href":"https:\/\/api.w.org\/{rel}","templated":true}]}}