{"id":6679,"date":"2017-01-30T12:00:20","date_gmt":"2017-01-30T11:00:20","guid":{"rendered":"https:\/\/www.avogel.fr\/blog\/?p=6679"},"modified":"2021-10-29T08:45:57","modified_gmt":"2021-10-29T06:45:57","slug":"strath-convient-a-tous","status":"publish","type":"post","link":"https:\/\/avogel.fr\/blog\/vitamines-et-tonus\/strath-convient-a-tous\/","title":{"rendered":"D\u00e9couvrez en quoi Strath convient \u00e0 tous !"},"content":{"rendered":"<p><strong>Strath est un compl\u00e9ment alimentaire \u00e0 base de levure v\u00e9g\u00e9tale contenant pas moins de 61 substances vitales indispensables\u00a0! Strath convient \u00e0 tous avec des effets particuli\u00e8rement b\u00e9n\u00e9fiques\u00a0! A. Vogel vous explique plus en d\u00e9tails comment Strath peut vous aider \u00e0 n\u2019importe quelle \u00e9tape de votre vie.<\/strong> <!--more--><\/p>\n<h2><strong>Le tonifiant Strath<sup>\u00ae<\/sup> chez les adultes<\/strong><\/h2>\n<p>Le rythme effr\u00e9n\u00e9 et les multiples stress de la vie d\u2019aujourd\u2019hui ont de quoi laisser plus d\u2019un adulte compl\u00e8tement ext\u00e9nu\u00e9.<\/p>\n<p><a href=\"https:\/\/avogel.fr\/12-complements-alimentaires?q=Marques-Strath\" target=\"_blank\" rel=\"noopener\">Strath<sup>\u00ae<\/sup><\/a> vous aide \u00e0 maintenir le cap !<\/p>\n<p>La fatigue, le manque de sommeil, le stress du travail ou de la vie quotidienne, \u2026De nombreux facteurs peuvent affaiblir notre organisme. Pourtant nous avons besoin de rester concentr\u00e9s et efficaces. Bien souvent, notre rythme de vie nous contraint \u00e0 n\u00e9gliger notre alimentation : repas sur le pouce, d\u00e9s\u00e9quilibr\u00e9s, \u00e0 des horaires irr\u00e9guliers\u2026<\/p>\n<p>Il y a des moments o\u00f9 nous devons soutenir notre corps pour entretenir notre capacit\u00e9 de r\u00e9sistance si importante !<\/p>\n<p>Si vous d\u00e9sirez<\/p>\n<ul>\n<li>Am\u00e9liorer votre efficacit\u00e9 au travail, dans les loisirs ou \u00e0 la maison sur les plans physique et intellectuel<\/li>\n<li>Accro\u00eetre votre r\u00e9sistance en g\u00e9n\u00e9ral en toutes saisons<\/li>\n<li>Pallier \u00e0 une alimentation d\u00e9ficiente<\/li>\n<li>Pensez <a href=\"https:\/\/avogel.fr\/12-complements-alimentaires?q=Marques-Strath\" target=\"_blank\" rel=\"noopener\">Strath<sup>\u00ae<\/sup><\/a> !<\/li>\n<\/ul>\n<p><em><br \/>\n\u00ab J\u2019aime mon m\u00e9tier. J\u2019aime l\u2019effervescence, le rythme, la vitesse. Assumer des responsabilit\u00e9s, je vois cela comme un vrai d\u00e9fi. Prendre Strath<sup>\u00ae<\/sup> quotidiennement me permet d\u2019\u00eatre toujours au top !\u00a0 \u00bb<\/em><br \/>\nPatrick M., Londres.<\/p>\n<h2>Le tonifiant Strath<sup>\u00ae<\/sup> chez les personnes \u00e2g\u00e9es<\/h2>\n<p>La fontaine de Jouvence n\u2019ayant toujours pas \u00e9t\u00e9 d\u00e9couverte, nous n\u2019avons pas de moyen de stopper le vieillissement. Mais on peut vieillir sans se sentir vieux !<\/p>\n<p>Le fait de vieillir ne signifie plus que l\u2019on devient v\u00e9ritablement vieux. Bien au contraire, \u00e0 partir de 50 ans et au-del\u00e0, les gens se sentent rajeunir, et donnent visiblement cette impression. Hygi\u00e8ne de vie, profession, sport et alimentation participent \u00e0 cette \u00e9volution, et le fait de s\u2019int\u00e9resser \u00e0 de nombreuses choses maintient non seulement le corps en alerte, mais aussi l\u2019esprit !<\/p>\n<p>Le <a href=\"https:\/\/avogel.fr\/12-complements-alimentaires?q=Marques-Strath\" target=\"_blank\" rel=\"noopener\">Strath<sup>\u00ae<\/sup><\/a> contribue \u00e0 cette dynamique, en rendant au corps ce que l\u2019\u00e2ge lui fait perdre. Vous ne rajeunissez pas, certes, mais vous restez jeune !<\/p>\n<p>Avec l\u2019\u00e2ge, le corps demande davantage de substances vitales, et une nourriture insuffisante ou d\u00e9s\u00e9quilibr\u00e9e provoque souvent des carences alimentaires. Le capital bien-\u00eatre est alors r\u00e9duit et votre corps affaibli. <a href=\"https:\/\/avogel.fr\/12-complements-alimentaires?q=Marques-Strath\" target=\"_blank\" rel=\"noopener\">Strath<sup>\u00ae<\/sup><\/a> vous permet de pr\u00e9venir ces influences n\u00e9gatives et leurs cons\u00e9quences physiques.<\/p>\n<p>Scientifiquement prouv\u00e9 :<\/p>\n<ul>\n<li>Am\u00e9lioration de la m\u00e9moire \u00e0 court terme<\/li>\n<li>Am\u00e9lioration des capacit\u00e9s physiques et intellectuelles<\/li>\n<li>Meilleur \u00e9tat g\u00e9n\u00e9ral et convalescence moins longue<\/li>\n<\/ul>\n<h2>Le tonifiant Strath<sup>\u00ae<\/sup> chez les \u00e9coliers<\/h2>\n<p>Aujourd\u2019hui, les enfants sont soumis \u00e0 de plus grandes exigences, aussi bien \u00e0 l\u2019\u00e9cole que pendant leurs loisirs.Donnez \u00e0 vos enfants la facult\u00e9 de se concentrer sur l\u2019essentiel !<\/p>\n<p>En p\u00e9riode d\u2019examens scolaires principalement, la pression et le stress , la nervosit\u00e9 et l\u2019angoisse agissent n\u00e9gativement sur la pr\u00e9paration de ces \u00e9preuves et, par cons\u00e9quent, sur les r\u00e9sultats.<\/p>\n<p>D\u2019autre part, le stress, la fatigue, un entra\u00eenement sportif intense, une pouss\u00e9 de croissance, des probl\u00e8mes \u00e0 l\u2019\u00e9cole ou au sein de la famille peuvent affaiblir notre organisme.<\/p>\n<p>Les tonifiants <a href=\"https:\/\/avogel.fr\/12-complements-alimentaires?q=Marques-Strath\" target=\"_blank\" rel=\"noopener\">Strath<sup>\u00ae<\/sup><\/a> contiennent de nombreuses substances vitales essentielles dont notre corps a besoin et qui l\u2019aide \u00e0 pallier les d\u00e9ficits.<\/p>\n<p>Pendant 15 ans, des chercheurs ont observ\u00e9 l\u2019effet du tonifiant <a href=\"https:\/\/avogel.fr\/12-complements-alimentaires?q=Marques-Strath\" target=\"_blank\" rel=\"noopener\">Strath<sup>\u00ae<\/sup><\/a> chez les \u00e9coliers.<br \/>\nLes r\u00e9sultats se sont av\u00e9r\u00e9s spectaculaires !<\/p>\n<ul>\n<li>Am\u00e9lioration du niveau d\u2019\u00e9nergie chez 90 % des sujets<\/li>\n<li>Am\u00e9lioration de la r\u00e9sistance physique chez 88 % des sujets<\/li>\n<li>Am\u00e9lioration de la concentration chez 85 % des sujets<\/li>\n<\/ul>\n<p>En r\u00e9sum\u00e9, les \u00e9coliers ayant pris du <a href=\"https:\/\/avogel.fr\/12-complements-alimentaires?q=Marques-Strath\" target=\"_blank\" rel=\"noopener\">Strath<sup>\u00ae<\/sup><\/a> ont vu leur niveau d\u2019\u00e9nergie augmenter dans leurs activit\u00e9s scolaires et sportives. Le taux d\u2019absent\u00e9isme a chut\u00e9, la m\u00e9moire s\u2019est am\u00e9lior\u00e9e et les r\u00e9sultats scolaires ont grimp\u00e9.<\/p>\n<p>Vendu depuis plus de 45 ans \u00e0 travers le monde, <a href=\"https:\/\/avogel.fr\/12-complements-alimentaires?q=Marques-Strath\" target=\"_blank\" rel=\"noopener\">Strath<sup>\u00ae<\/sup><\/a> est s\u00fbr et a \u00e9t\u00e9 test\u00e9 cliniquement. Il a \u00e9t\u00e9 maintes fois prouv\u00e9 qu\u2019il peut \u00eatre utilis\u00e9 r\u00e9guli\u00e8rement et \u00e0 long terme sans danger.<br \/>\nComme de nombreux parents, n\u2019h\u00e9sitez pas \u00e0 donner du <a href=\"https:\/\/avogel.fr\/12-complements-alimentaires?q=Marques-Strath\" target=\"_blank\" rel=\"noopener\">Strath<sup>\u00ae<\/sup><\/a> \u00e0 vos enfants !<\/p>\n<p>&nbsp;<\/p>\n<h2>Le tonifiant Strath<sup>\u00ae<\/sup> lors de la grossesse<\/h2>\n<h4>Le meilleur pour la m\u00e8re et l\u2019enfant<\/h4>\n<p>Les femmes enceintes ou celles qui allaitent ont besoin davantage de fer. Ces femmes ont donc tendance \u00e0 privil\u00e9gier une alimentation qui soit la plus compl\u00e8te possible. Fruits et l\u00e9gumes, bl\u00e9 complet, viande maigre et produits laitiers font partie de leur programme alimentaire. Mais cela n\u2019est pas toujours facile. Les tonifiants <a href=\"https:\/\/avogel.fr\/12-complements-alimentaires?q=Marques-Strath\" target=\"_blank\" rel=\"noopener\">Strath<sup>\u00ae<\/sup><\/a> compl\u00e8tent l\u2019apport en substances essentielles n\u00e9cessaires \u00e0 l\u2019organisme. De plus, il facilite l\u2019assimilation du fer contenu dans les aliments.<\/p>\n<p>Le <a href=\"https:\/\/avogel.fr\/12-complements-alimentaires?q=Marques-Strath\" target=\"_blank\" rel=\"noopener\">Strath<sup>\u00ae<\/sup><\/a> n\u2019est pas seulement b\u00e9n\u00e9fique pour la m\u00e8re, mais aussi pour l\u2019enfant !<\/p>\n<p>Les tonifiants <a href=\"https:\/\/avogel.fr\/12-complements-alimentaires?q=Marques-Strath\" target=\"_blank\" rel=\"noopener\">Strath<sup>\u00ae<\/sup><\/a> sont 100% naturels : ils sont fabriqu\u00e9s exclusivement \u00e0 base de produits naturels, et sont exempts de toute substance synth\u00e9tique.<\/p>\n<p><em>\u00ab Je prends du Strath<sup>\u00ae<\/sup> tous les jours. Je suis convaincue de son efficacit\u00e9 et je compte bien continuer \u00e0 en prendre pendant mon allaitement puis en donner \u00e0 mon enfant \u00bb.<\/em><br \/>\nKeitaro Y., Tokyo<\/p>\n<h2>Le tonifiant Strath<sup>\u00ae<\/sup> chez les sportifs<\/h2>\n<p>On dit bien souvent que la performance d\u2019un athl\u00e8te repose sur ses capacit\u00e9s mentales autant que physiques. Et si vous boostiez les deux ?<\/p>\n<p>Une alimentation \u00e9quilibr\u00e9e et un peu d\u2019exercice physique sont indispensables \u00e0 la sant\u00e9.<\/p>\n<p>Le <a href=\"https:\/\/avogel.fr\/12-complements-alimentaires?q=Marques-Strath\" target=\"_blank\" rel=\"noopener\">Strath<sup>\u00ae<\/sup><\/a> permet d\u2019augmenter la force et la r\u00e9sistance, mais \u00e9galement de r\u00e9cup\u00e9rer plus vite et facilement apr\u00e8s l\u2019effort et de lutter contre la fatigue.<\/p>\n<p>Les tonifiants <a href=\"https:\/\/avogel.fr\/12-complements-alimentaires?q=Marques-Strath\" target=\"_blank\" rel=\"noopener\">Strath<sup>\u00ae<\/sup><\/a> sont fabriqu\u00e9s exclusivement \u00e0 base de produits naturels, et sont exempts de toute substance synth\u00e9tique. Ils peuvent \u00eatre utilis\u00e9s lors de comp\u00e9titions car ils ne contiennent pas de produits dopants.<\/p>\n<p>Astuce :<br \/>\nAvant de partir pour une randonn\u00e9e \u00e0 v\u00e9lo, une course \u00e0 pied ou une s\u00e9ance d\u2019entra\u00eenement, m\u00e9langez du <a href=\"https:\/\/avogel.fr\/12-complements-alimentaires?q=Marques-Strath\" target=\"_blank\" rel=\"noopener\">Strath<sup>\u00ae<\/sup><\/a> \u00e0 votre eau et d\u00e9salt\u00e9rez-vous r\u00e9guli\u00e8rement. Cela vous aidera \u00e0 maintenir votre effort physique.<\/p>\n<p>&nbsp;<\/p>\n","protected":false},"excerpt":{"rendered":"<p>Strath est un compl\u00e9ment alimentaire \u00e0 base de levure v\u00e9g\u00e9tale contenant pas moins de 61 substances vitales indispensables\u00a0! Strath convient \u00e0 tous avec des effets particuli\u00e8rement b\u00e9n\u00e9fiques\u00a0! A. Vogel vous explique plus en d\u00e9tails comment Strath peut vous aider \u00e0 n\u2019importe quelle \u00e9tape de votre vie.<\/p>\n","protected":false},"author":8,"featured_media":8604,"comment_status":"closed","ping_status":"closed","sticky":false,"template":"","format":"standard","meta":{"_acf_changed":false,"footnotes":""},"categories":[1570],"tags":[],"class_list":["post-6679","post","type-post","status-publish","format-standard","has-post-thumbnail","hentry","category-vitamines-et-tonus"],"acf":[],"yoast_head":"<!-- This site is optimized with the Yoast SEO plugin v22.0 - https:\/\/yoast.com\/wordpress\/plugins\/seo\/ -->\n<title>D\u00e9couvrez en quoi Strath convient \u00e0 tous | A.Vogel<\/title>\n<meta name=\"description\" content=\"Strath convient \u00e0 tous, adultes, sportifs, s\u00e9niors et m\u00eame enfants ! D\u00e9couvrez les bienfaits que la consommation de Strath peut vous apporter.\" \/>\n<meta name=\"robots\" content=\"index, follow, max-snippet:-1, max-image-preview:large, max-video-preview:-1\" \/>\n<link rel=\"canonical\" href=\"https:\/\/avogel.fr\/blog\/vitamines-et-tonus\/strath-convient-a-tous\/\" \/>\n<meta property=\"og:locale\" content=\"fr_FR\" \/>\n<meta property=\"og:type\" content=\"article\" \/>\n<meta property=\"og:title\" content=\"D\u00e9couvrez en quoi Strath convient \u00e0 tous | A.Vogel\" \/>\n<meta property=\"og:description\" content=\"Strath convient \u00e0 tous, adultes, sportifs, s\u00e9niors et m\u00eame enfants ! D\u00e9couvrez les bienfaits que la consommation de Strath peut vous apporter.\" \/>\n<meta property=\"og:url\" content=\"https:\/\/avogel.fr\/blog\/vitamines-et-tonus\/strath-convient-a-tous\/\" \/>\n<meta property=\"og:site_name\" content=\"A.Vogel - Compl\u00e9ments alimentaires naturels\" \/>\n<meta property=\"article:published_time\" content=\"2017-01-30T11:00:20+00:00\" \/>\n<meta property=\"article:modified_time\" content=\"2021-10-29T06:45:57+00:00\" \/>\n<meta property=\"og:image\" content=\"https:\/\/avogel.fr\/blog\/wp-content\/uploads\/2017\/01\/strath-pour-tous.jpg\" \/>\n\t<meta property=\"og:image:width\" content=\"1200\" \/>\n\t<meta property=\"og:image:height\" content=\"627\" \/>\n\t<meta property=\"og:image:type\" content=\"image\/jpeg\" \/>\n<meta name=\"twitter:card\" content=\"summary_large_image\" \/>\n<meta name=\"twitter:label1\" content=\"\u00c9crit par\" \/>\n\t<meta name=\"twitter:data1\" content=\"\" \/>\n\t<meta name=\"twitter:label2\" content=\"Dur\u00e9e de lecture estim\u00e9e\" \/>\n\t<meta name=\"twitter:data2\" content=\"5 minutes\" \/>\n<script type=\"application\/ld+json\" class=\"yoast-schema-graph\">{\"@context\":\"https:\/\/schema.org\",\"@graph\":[{\"@type\":\"WebPage\",\"@id\":\"https:\/\/avogel.fr\/blog\/vitamines-et-tonus\/strath-convient-a-tous\/\",\"url\":\"https:\/\/avogel.fr\/blog\/vitamines-et-tonus\/strath-convient-a-tous\/\",\"name\":\"D\u00e9couvrez en quoi Strath convient \u00e0 tous | A.Vogel\",\"isPartOf\":{\"@id\":\"https:\/\/avogel.fr\/blog\/#website\"},\"datePublished\":\"2017-01-30T11:00:20+00:00\",\"dateModified\":\"2021-10-29T06:45:57+00:00\",\"author\":{\"@id\":\"\"},\"description\":\"Strath convient \u00e0 tous, adultes, sportifs, s\u00e9niors et m\u00eame enfants ! D\u00e9couvrez les bienfaits que la consommation de Strath peut vous apporter.\",\"breadcrumb\":{\"@id\":\"https:\/\/avogel.fr\/blog\/vitamines-et-tonus\/strath-convient-a-tous\/#breadcrumb\"},\"inLanguage\":\"fr-FR\",\"potentialAction\":[{\"@type\":\"ReadAction\",\"target\":[\"https:\/\/avogel.fr\/blog\/vitamines-et-tonus\/strath-convient-a-tous\/\"]}]},{\"@type\":\"BreadcrumbList\",\"@id\":\"https:\/\/avogel.fr\/blog\/vitamines-et-tonus\/strath-convient-a-tous\/#breadcrumb\",\"itemListElement\":[{\"@type\":\"ListItem\",\"position\":1,\"name\":\"Accueil\",\"item\":\"https:\/\/avogel.fr\/blog\/\"},{\"@type\":\"ListItem\",\"position\":2,\"name\":\"D\u00e9couvrez en quoi Strath convient \u00e0 tous !\"}]},{\"@type\":\"WebSite\",\"@id\":\"https:\/\/avogel.fr\/blog\/#website\",\"url\":\"https:\/\/avogel.fr\/blog\/\",\"name\":\"A.Vogel - Compl\u00e9ments alimentaires naturels\",\"description\":\"Retrouvez tous nos conseils pour rester naturellement fort - Compl\u00e9ments \u00e0 base de plantes fra\u00eeches biologiques\",\"potentialAction\":[{\"@type\":\"SearchAction\",\"target\":{\"@type\":\"EntryPoint\",\"urlTemplate\":\"https:\/\/avogel.fr\/blog\/?s={search_term_string}\"},\"query-input\":\"required name=search_term_string\"}],\"inLanguage\":\"fr-FR\"},{\"@type\":\"Person\",\"@id\":\"\",\"url\":\"https:\/\/avogel.fr\/blog\/author\/\"}]}<\/script>\n<!-- \/ Yoast SEO plugin. -->","yoast_head_json":{"title":"D\u00e9couvrez en quoi Strath convient \u00e0 tous | A.Vogel","description":"Strath convient \u00e0 tous, adultes, sportifs, s\u00e9niors et m\u00eame enfants ! D\u00e9couvrez les bienfaits que la consommation de Strath peut vous apporter.","robots":{"index":"index","follow":"follow","max-snippet":"max-snippet:-1","max-image-preview":"max-image-preview:large","max-video-preview":"max-video-preview:-1"},"canonical":"https:\/\/avogel.fr\/blog\/vitamines-et-tonus\/strath-convient-a-tous\/","og_locale":"fr_FR","og_type":"article","og_title":"D\u00e9couvrez en quoi Strath convient \u00e0 tous | A.Vogel","og_description":"Strath convient \u00e0 tous, adultes, sportifs, s\u00e9niors et m\u00eame enfants ! D\u00e9couvrez les bienfaits que la consommation de Strath peut vous apporter.","og_url":"https:\/\/avogel.fr\/blog\/vitamines-et-tonus\/strath-convient-a-tous\/","og_site_name":"A.Vogel - Compl\u00e9ments alimentaires naturels","article_published_time":"2017-01-30T11:00:20+00:00","article_modified_time":"2021-10-29T06:45:57+00:00","og_image":[{"width":1200,"height":627,"url":"https:\/\/avogel.fr\/blog\/wp-content\/uploads\/2017\/01\/strath-pour-tous.jpg","type":"image\/jpeg"}],"twitter_card":"summary_large_image","twitter_misc":{"\u00c9crit par":"","Dur\u00e9e de lecture estim\u00e9e":"5 minutes"},"schema":{"@context":"https:\/\/schema.org","@graph":[{"@type":"WebPage","@id":"https:\/\/avogel.fr\/blog\/vitamines-et-tonus\/strath-convient-a-tous\/","url":"https:\/\/avogel.fr\/blog\/vitamines-et-tonus\/strath-convient-a-tous\/","name":"D\u00e9couvrez en quoi Strath convient \u00e0 tous | A.Vogel","isPartOf":{"@id":"https:\/\/avogel.fr\/blog\/#website"},"datePublished":"2017-01-30T11:00:20+00:00","dateModified":"2021-10-29T06:45:57+00:00","author":{"@id":""},"description":"Strath convient \u00e0 tous, adultes, sportifs, s\u00e9niors et m\u00eame enfants ! D\u00e9couvrez les bienfaits que la consommation de Strath peut vous apporter.","breadcrumb":{"@id":"https:\/\/avogel.fr\/blog\/vitamines-et-tonus\/strath-convient-a-tous\/#breadcrumb"},"inLanguage":"fr-FR","potentialAction":[{"@type":"ReadAction","target":["https:\/\/avogel.fr\/blog\/vitamines-et-tonus\/strath-convient-a-tous\/"]}]},{"@type":"BreadcrumbList","@id":"https:\/\/avogel.fr\/blog\/vitamines-et-tonus\/strath-convient-a-tous\/#breadcrumb","itemListElement":[{"@type":"ListItem","position":1,"name":"Accueil","item":"https:\/\/avogel.fr\/blog\/"},{"@type":"ListItem","position":2,"name":"D\u00e9couvrez en quoi Strath convient \u00e0 tous !"}]},{"@type":"WebSite","@id":"https:\/\/avogel.fr\/blog\/#website","url":"https:\/\/avogel.fr\/blog\/","name":"A.Vogel - Compl\u00e9ments alimentaires naturels","description":"Retrouvez tous nos conseils pour rester naturellement fort - Compl\u00e9ments \u00e0 base de plantes fra\u00eeches biologiques","potentialAction":[{"@type":"SearchAction","target":{"@type":"EntryPoint","urlTemplate":"https:\/\/avogel.fr\/blog\/?s={search_term_string}"},"query-input":"required name=search_term_string"}],"inLanguage":"fr-FR"},{"@type":"Person","@id":"","url":"https:\/\/avogel.fr\/blog\/author\/"}]}},"_links":{"self":[{"href":"https:\/\/avogel.fr\/blog\/wp-json\/wp\/v2\/posts\/6679","targetHints":{"allow":["GET"]}}],"collection":[{"href":"https:\/\/avogel.fr\/blog\/wp-json\/wp\/v2\/posts"}],"about":[{"href":"https:\/\/avogel.fr\/blog\/wp-json\/wp\/v2\/types\/post"}],"author":[{"embeddable":true,"href":"https:\/\/avogel.fr\/blog\/wp-json\/wp\/v2\/users\/8"}],"replies":[{"embeddable":true,"href":"https:\/\/avogel.fr\/blog\/wp-json\/wp\/v2\/comments?post=6679"}],"version-history":[{"count":4,"href":"https:\/\/avogel.fr\/blog\/wp-json\/wp\/v2\/posts\/6679\/revisions"}],"predecessor-version":[{"id":6683,"href":"https:\/\/avogel.fr\/blog\/wp-json\/wp\/v2\/posts\/6679\/revisions\/6683"}],"wp:featuredmedia":[{"embeddable":true,"href":"https:\/\/avogel.fr\/blog\/wp-json\/wp\/v2\/media\/8604"}],"wp:attachment":[{"href":"https:\/\/avogel.fr\/blog\/wp-json\/wp\/v2\/media?parent=6679"}],"wp:term":[{"taxonomy":"category","embeddable":true,"href":"https:\/\/avogel.fr\/blog\/wp-json\/wp\/v2\/categories?post=6679"},{"taxonomy":"post_tag","embeddable":true,"href":"https:\/\/avogel.fr\/blog\/wp-json\/wp\/v2\/tags?post=6679"}],"curies":[{"name":"wp","href":"https:\/\/api.w.org\/{rel}","templated":true}]}}