{"id":4662,"date":"2017-03-22T16:00:20","date_gmt":"2017-03-22T15:00:20","guid":{"rendered":"http:\/\/www.avogel.fr\/blog\/?p=4662"},"modified":"2022-05-16T16:11:10","modified_gmt":"2022-05-16T14:11:10","slug":"carotte-noire","status":"publish","type":"post","link":"https:\/\/avogel.fr\/blog\/epicerie\/carotte-noire\/","title":{"rendered":"D\u00e9couvrez tous les surprenants atouts de la carotte noire !"},"content":{"rendered":"<p><strong>Vari\u00e9t\u00e9 oubli\u00e9e de carotte, la carotte noire ne manquera pas de vous surprendre avec son aspect pour le moins inhabituel. Mais ce n\u2019est pas tout\u00a0! Riche en \u00e9l\u00e9ments et d\u2019une grande qualit\u00e9 nutritive, ce l\u00e9gume m\u00e9rite sa place dans votre menu. A. Vogel vous en explique plus sur ce l\u00e9gume\u00a0\u00e9tonnant. <\/strong><!--more--><\/p>\n<p>La carotte telle que nous la connaissons dans sa forme la plus courante, orange, est le second l\u00e9gume le plus populaire en France apr\u00e8s la pomme de terre. La preuve, plus des trois quarts des m\u00e9nages fran\u00e7ais ach\u00e8tent des carottes au moins une fois par semaine. Ces carottes peuvent \u00eatre consomm\u00e9es crues et r\u00e2p\u00e9es, cuites \u00e0 l\u2019eau, en pur\u00e9e, en soupe, sous forme de d\u00e9licieux <a href=\"https:\/\/avogel.fr\/boissons-bio\/1059-792-biotta-jus-de-carottes.html#\/11-contenance-500ml\" target=\"_blank\" rel=\"noopener\">jus de carottes bio<\/a>\u2026 Les mani\u00e8res d\u2019en profiter ne manquent pas.<\/p>\n<p>Cependant, notre ch\u00e8re carotte orange n\u2019est pas la seule dont on puisse profiter, bien au contraire. Depuis quelques temps, vous avez sans doute pu voir ressurgir des vari\u00e9t\u00e9s inhabituelles de carottes sur les \u00e9tals comme les carottes blanches, les carottes rouges\u2026 Et parmi elles notre fameuse carotte noire \u00e0 l\u2019aspect si d\u00e9concertant.<\/p>\n<h2><strong>Une histoire ancienne<\/strong><\/h2>\n<p>La consommation humaine de carotte remonterait \u00e0 au moins 5 000 ans et aurait d\u00e9but\u00e9 dans ce qui est aujourd\u2019hui l\u2019Iran. A l\u2019\u00e9poque, la carotte n\u2019est encore qu\u2019une petite racine p\u00e2le, filandreuse et am\u00e8re, et il faudra encore des si\u00e8cles de s\u00e9lections pour qu\u2019elle devienne plus conforme aux besoins humains.<\/p>\n<p>A l\u2019\u00e9poque romaine, la carotte se d\u00e9cline d\u00e9j\u00e0 en de nombreuses vari\u00e9t\u00e9s, notamment la carotte blanche, populaire dans la cuisine romaine antique, et notre fameuse carotte noire, largement consomm\u00e9e de l\u2019est du bassin m\u00e9diterran\u00e9en \u00e0 l\u2019Inde en passant par la Perse. Elle entre alors dans de tr\u00e8s nombreuses pr\u00e9parations aussi bien crue\u00a0que cuite\u00a0et sert \u00e0 l\u2019alimentation de populations enti\u00e8res.<\/p>\n<p>Il faut attendre le XVI\u00e8me si\u00e8cle pour que des horticulteurs hollandais croisent des carottes blanches avec des carottes rouges pour obtenir notre fameuse carotte orange \u00e0 la chair uniforme et \u00e0 la saveur douce. C\u2019est ensuite cette vari\u00e9t\u00e9 qui va dominer dans le monde occidental, alors qu\u2019en orient, notamment en Turquie, en Inde et en Chine, la carotte noire reste largement populaire jusqu\u2019\u00e0 nos jours.<\/p>\n<h2><strong>Un l\u00e9gume unique dans l\u2019assiette<\/strong><\/h2>\n<p>Avec sa peau d\u2019un beau violet presque noir, nervur\u00e9 de blanc, la carotte noire ne passe pas inaper\u00e7ue sur les \u00e9tals ou dans votre panier de l\u00e9gumes. Elle ne manquera d\u2019ailleurs pas de surprendre de nouveau une fois coup\u00e9e\u00a0: si la partie ext\u00e9rieure de la racine est elle\u00a0aussi d\u2019un violet tirant sur le noir, son c\u0153ur est g\u00e9n\u00e9ralement d\u2019un jaune-orang\u00e9 ou d&rsquo;une blancheur du plus bel effet\u00a0!<\/p>\n<p>A n\u2019en pas douter, la carotte noire ne manquera pas d\u2019ajouter une touche d\u2019originalit\u00e9 esth\u00e9tique et sophistiqu\u00e9e \u00e0 vos plats, mais c\u2019est aussi pour ses qualit\u00e9s gustatives que vous voudrez l\u2019adopter. Sa chair est uniforme, croquante crue et fondante apr\u00e8s la cuisson, et son go\u00fbt rappelle celui de la carotte orange tout en \u00e9tant plus marqu\u00e9 et plus sucr\u00e9.<\/p>\n<p>Vous pouvez donc consommer cette \u00e9tonnante carotte aussi bien en salade que cuite, sous forme de pur\u00e9e, de potage ou de jus. Sachez d\u2019ailleurs que la teinte \u00e9tonnante de la carotte noire r\u00e9siste bien \u00e0 la cuisson, et que c\u2019est \u00e9galement pour cette surprenante\u00a0propri\u00e9t\u00e9 que son extrait est utilis\u00e9 comme colorant alimentaire naturel.<\/p>\n<p><a href=\"https:\/\/avogel.fr\/boissons\/1058-791-biotta-jus-de-carottes-noires.html#\/11-contenance-500ml\"><img loading=\"lazy\" decoding=\"async\" class=\"alignnone size-medium wp-image-8351\" src=\"https:\/\/avogel.fr\/blog\/wp-content\/uploads\/2017\/03\/biotta-carotte-noire-avogel-bienfaits-300x130.png\" alt=\"\" width=\"300\" height=\"130\" srcset=\"https:\/\/avogel.fr\/blog\/wp-content\/uploads\/2017\/03\/biotta-carotte-noire-avogel-bienfaits-300x130.png 300w, https:\/\/avogel.fr\/blog\/wp-content\/uploads\/2017\/03\/biotta-carotte-noire-avogel-bienfaits-768x333.png 768w, https:\/\/avogel.fr\/blog\/wp-content\/uploads\/2017\/03\/biotta-carotte-noire-avogel-bienfaits.png 959w\" sizes=\"auto, (max-width: 300px) 100vw, 300px\" \/><\/a><\/p>\n<h2><strong>Les \u00e9tonnantes propri\u00e9t\u00e9s\u00a0de la carotte noire<br \/>\n<\/strong><\/h2>\n<p>Si la carotte noire est d\u00e9j\u00e0 pleine d\u2019agr\u00e9ables surprises, elle ach\u00e8ve de nous conqu\u00e9rir gr\u00e2ce \u00e0 ses propri\u00e9t\u00e9s nutritives. Elle concentre en effet de nombreux \u00e9l\u00e9ments nutritifs de tr\u00e8s grande qualit\u00e9, notamment lorsqu\u2019elle est consomm\u00e9e sous forme de <a href=\"https:\/\/avogel.fr\/boissons-bio\/1058-791-biotta-jus-de-carottes-noires.html#\/11-contenance-500ml\" target=\"_blank\" rel=\"noopener\">jus de carotte noire bio<\/a>. Voici quelques uns des \u00e9l\u00e9ments que votre corps peut y puiser\u00a0:<\/p>\n<ul>\n<li><strong>B\u00eata-carot\u00e8ne \/ Vitamine A :<\/strong> La vitamine A, contenue sous forme de b\u00eata-carot\u00e8ne dans les carottes mais surtout dans la carotte orange et la carotte noire, est fondamentale pour l\u2019entretien de la sant\u00e9 des yeux, des os, de la peau et des cheveux.<\/li>\n<li><strong>Anthocyanines \/ Antioxydants\u00a0:<\/strong> Les anthocyanines sont des substances pr\u00e9sentes en tr\u00e8s grande quantit\u00e9s dans les carottes noires et elles leurs doivent leur couleur si particuli\u00e8re. Elles ont l\u2019int\u00e9r\u00eat d\u2019\u00eatre de puissants antioxydants, prot\u00e9geant les tissus contre les d\u00e9g\u00e2ts oxydatifs et les radicaux libres.<\/li>\n<li><strong>Magn\u00e9sium\u00a0:<\/strong> Le magn\u00e9sium est pr\u00e9sent en belle quantit\u00e9 dans la carotte noire. Cet \u00e9l\u00e9ment nutritif sert \u00e0 entretenir les os et les muscles et soutient\u00a0\u00e9galement la sant\u00e9 du syst\u00e8me nerveux.<\/li>\n<li><strong>Potassium\u00a0:<\/strong> Pr\u00e9sent dans des\u00a0proportions int\u00e9ressantes dans la carotte noire, le potassium aide \u00e0 maintenir la sant\u00e9 des cellules et \u00e0 garantir une bonne activit\u00e9 cellulaire.<\/li>\n<li><strong>Calcium\u00a0:<\/strong> Le calcium est essentiel \u00e0 la sant\u00e9 du squelette et des articulations. Il est lui aussi pr\u00e9sent dans des proportions remarquables dans la carotte noire.<\/li>\n<li><strong>Zinc\u00a0:<\/strong> Le zinc est un autre nutriment essentiel \u00e0 notre m\u00e9tabolisme, au sein duquel il soutient le syst\u00e8me immunitaire. On en retrouve aussi une quantit\u00e9 int\u00e9ressante dans les carottes noires.<\/li>\n<li><strong>Fer\u00a0:<\/strong> La carotte noire, de par sa forte teneur en fer, aide \u00e0 lutter contre l\u2019an\u00e9mie. Le fer est \u00e9galement l\u2019un des oligo-\u00e9l\u00e9ments qui soutiennent le transport de l\u2019oxyg\u00e8ne dans le sang.<\/li>\n<\/ul>\n<p>La carotte noire sous forme de jus poss\u00e8de \u00e9galement d\u2019importantes capacit\u00e9s d\u00e9toxifiantes, ce qui la rend particuli\u00e8rement int\u00e9ressante dans le cadre d\u2019une cure de d\u00e9tox. Autant de raisons de vouloir adopter ce l\u00e9gume original\u00a0et b\u00e9n\u00e9fique\u00a0!<\/p>\n","protected":false},"excerpt":{"rendered":"<p>Vari\u00e9t\u00e9 oubli\u00e9e de carotte, la carotte noire ne manquera pas de vous surprendre avec son aspect pour le moins inhabituel. Mais ce n\u2019est pas tout\u00a0! Riche en \u00e9l\u00e9ments et d\u2019une grande qualit\u00e9 nutritive, ce l\u00e9gume m\u00e9rite sa place dans votre menu. A. Vogel vous en explique plus sur ce l\u00e9gume\u00a0\u00e9tonnant.<\/p>\n","protected":false},"author":8,"featured_media":8580,"comment_status":"open","ping_status":"open","sticky":false,"template":"","format":"standard","meta":{"_acf_changed":false,"footnotes":""},"categories":[1563],"tags":[],"class_list":["post-4662","post","type-post","status-publish","format-standard","has-post-thumbnail","hentry","category-epicerie"],"acf":[],"yoast_head":"<!-- This site is optimized with the Yoast SEO plugin v22.0 - https:\/\/yoast.com\/wordpress\/plugins\/seo\/ -->\n<title>D\u00e9couvrez tous les surprenants atouts de la carotte noire ! - A.Vogel - Compl\u00e9ments alimentaires naturels<\/title>\n<meta name=\"description\" content=\"A. Vogel vous r\u00e9v\u00e8le les multiples bienfaits de la carotte noire, un surprenant l\u00e9gume aux multiples qualit\u00e9s !\" \/>\n<meta name=\"robots\" content=\"index, follow, max-snippet:-1, max-image-preview:large, max-video-preview:-1\" \/>\n<link rel=\"canonical\" href=\"https:\/\/avogel.fr\/blog\/epicerie\/carotte-noire\/\" \/>\n<meta property=\"og:locale\" content=\"fr_FR\" \/>\n<meta property=\"og:type\" content=\"article\" \/>\n<meta property=\"og:title\" content=\"D\u00e9couvrez tous les surprenants atouts de la carotte noire ! - A.Vogel - Compl\u00e9ments alimentaires naturels\" \/>\n<meta property=\"og:description\" content=\"A. Vogel vous r\u00e9v\u00e8le les multiples bienfaits de la carotte noire, un surprenant l\u00e9gume aux multiples qualit\u00e9s !\" \/>\n<meta property=\"og:url\" content=\"https:\/\/avogel.fr\/blog\/epicerie\/carotte-noire\/\" \/>\n<meta property=\"og:site_name\" content=\"A.Vogel - Compl\u00e9ments alimentaires naturels\" \/>\n<meta property=\"article:published_time\" content=\"2017-03-22T15:00:20+00:00\" \/>\n<meta property=\"article:modified_time\" content=\"2022-05-16T14:11:10+00:00\" \/>\n<meta property=\"og:image\" content=\"https:\/\/avogel.fr\/blog\/wp-content\/uploads\/2017\/03\/carotte-noire-1.jpg\" \/>\n\t<meta property=\"og:image:width\" content=\"1200\" \/>\n\t<meta property=\"og:image:height\" content=\"627\" \/>\n\t<meta property=\"og:image:type\" content=\"image\/jpeg\" \/>\n<meta name=\"twitter:card\" content=\"summary_large_image\" \/>\n<meta name=\"twitter:label1\" content=\"\u00c9crit par\" \/>\n\t<meta name=\"twitter:data1\" content=\"\" \/>\n\t<meta name=\"twitter:label2\" content=\"Dur\u00e9e de lecture estim\u00e9e\" \/>\n\t<meta name=\"twitter:data2\" content=\"5 minutes\" \/>\n<script type=\"application\/ld+json\" class=\"yoast-schema-graph\">{\"@context\":\"https:\/\/schema.org\",\"@graph\":[{\"@type\":\"WebPage\",\"@id\":\"https:\/\/avogel.fr\/blog\/epicerie\/carotte-noire\/\",\"url\":\"https:\/\/avogel.fr\/blog\/epicerie\/carotte-noire\/\",\"name\":\"D\u00e9couvrez tous les surprenants atouts de la carotte noire ! - A.Vogel - Compl\u00e9ments alimentaires naturels\",\"isPartOf\":{\"@id\":\"https:\/\/avogel.fr\/blog\/#website\"},\"datePublished\":\"2017-03-22T15:00:20+00:00\",\"dateModified\":\"2022-05-16T14:11:10+00:00\",\"author\":{\"@id\":\"\"},\"description\":\"A. Vogel vous r\u00e9v\u00e8le les multiples bienfaits de la carotte noire, un surprenant l\u00e9gume aux multiples qualit\u00e9s !\",\"breadcrumb\":{\"@id\":\"https:\/\/avogel.fr\/blog\/epicerie\/carotte-noire\/#breadcrumb\"},\"inLanguage\":\"fr-FR\",\"potentialAction\":[{\"@type\":\"ReadAction\",\"target\":[\"https:\/\/avogel.fr\/blog\/epicerie\/carotte-noire\/\"]}]},{\"@type\":\"BreadcrumbList\",\"@id\":\"https:\/\/avogel.fr\/blog\/epicerie\/carotte-noire\/#breadcrumb\",\"itemListElement\":[{\"@type\":\"ListItem\",\"position\":1,\"name\":\"Accueil\",\"item\":\"https:\/\/avogel.fr\/blog\/\"},{\"@type\":\"ListItem\",\"position\":2,\"name\":\"D\u00e9couvrez tous les surprenants atouts de la carotte noire !\"}]},{\"@type\":\"WebSite\",\"@id\":\"https:\/\/avogel.fr\/blog\/#website\",\"url\":\"https:\/\/avogel.fr\/blog\/\",\"name\":\"A.Vogel - Compl\u00e9ments alimentaires naturels\",\"description\":\"Retrouvez tous nos conseils pour rester naturellement fort - Compl\u00e9ments \u00e0 base de plantes fra\u00eeches biologiques\",\"potentialAction\":[{\"@type\":\"SearchAction\",\"target\":{\"@type\":\"EntryPoint\",\"urlTemplate\":\"https:\/\/avogel.fr\/blog\/?s={search_term_string}\"},\"query-input\":\"required name=search_term_string\"}],\"inLanguage\":\"fr-FR\"},{\"@type\":\"Person\",\"@id\":\"\",\"url\":\"https:\/\/avogel.fr\/blog\/author\/\"}]}<\/script>\n<!-- \/ Yoast SEO plugin. -->","yoast_head_json":{"title":"D\u00e9couvrez tous les surprenants atouts de la carotte noire ! - A.Vogel - Compl\u00e9ments alimentaires naturels","description":"A. Vogel vous r\u00e9v\u00e8le les multiples bienfaits de la carotte noire, un surprenant l\u00e9gume aux multiples qualit\u00e9s !","robots":{"index":"index","follow":"follow","max-snippet":"max-snippet:-1","max-image-preview":"max-image-preview:large","max-video-preview":"max-video-preview:-1"},"canonical":"https:\/\/avogel.fr\/blog\/epicerie\/carotte-noire\/","og_locale":"fr_FR","og_type":"article","og_title":"D\u00e9couvrez tous les surprenants atouts de la carotte noire ! - A.Vogel - Compl\u00e9ments alimentaires naturels","og_description":"A. Vogel vous r\u00e9v\u00e8le les multiples bienfaits de la carotte noire, un surprenant l\u00e9gume aux multiples qualit\u00e9s !","og_url":"https:\/\/avogel.fr\/blog\/epicerie\/carotte-noire\/","og_site_name":"A.Vogel - Compl\u00e9ments alimentaires naturels","article_published_time":"2017-03-22T15:00:20+00:00","article_modified_time":"2022-05-16T14:11:10+00:00","og_image":[{"width":1200,"height":627,"url":"https:\/\/avogel.fr\/blog\/wp-content\/uploads\/2017\/03\/carotte-noire-1.jpg","type":"image\/jpeg"}],"twitter_card":"summary_large_image","twitter_misc":{"\u00c9crit par":"","Dur\u00e9e de lecture estim\u00e9e":"5 minutes"},"schema":{"@context":"https:\/\/schema.org","@graph":[{"@type":"WebPage","@id":"https:\/\/avogel.fr\/blog\/epicerie\/carotte-noire\/","url":"https:\/\/avogel.fr\/blog\/epicerie\/carotte-noire\/","name":"D\u00e9couvrez tous les surprenants atouts de la carotte noire ! - A.Vogel - Compl\u00e9ments alimentaires naturels","isPartOf":{"@id":"https:\/\/avogel.fr\/blog\/#website"},"datePublished":"2017-03-22T15:00:20+00:00","dateModified":"2022-05-16T14:11:10+00:00","author":{"@id":""},"description":"A. Vogel vous r\u00e9v\u00e8le les multiples bienfaits de la carotte noire, un surprenant l\u00e9gume aux multiples qualit\u00e9s !","breadcrumb":{"@id":"https:\/\/avogel.fr\/blog\/epicerie\/carotte-noire\/#breadcrumb"},"inLanguage":"fr-FR","potentialAction":[{"@type":"ReadAction","target":["https:\/\/avogel.fr\/blog\/epicerie\/carotte-noire\/"]}]},{"@type":"BreadcrumbList","@id":"https:\/\/avogel.fr\/blog\/epicerie\/carotte-noire\/#breadcrumb","itemListElement":[{"@type":"ListItem","position":1,"name":"Accueil","item":"https:\/\/avogel.fr\/blog\/"},{"@type":"ListItem","position":2,"name":"D\u00e9couvrez tous les surprenants atouts de la carotte noire !"}]},{"@type":"WebSite","@id":"https:\/\/avogel.fr\/blog\/#website","url":"https:\/\/avogel.fr\/blog\/","name":"A.Vogel - Compl\u00e9ments alimentaires naturels","description":"Retrouvez tous nos conseils pour rester naturellement fort - Compl\u00e9ments \u00e0 base de plantes fra\u00eeches biologiques","potentialAction":[{"@type":"SearchAction","target":{"@type":"EntryPoint","urlTemplate":"https:\/\/avogel.fr\/blog\/?s={search_term_string}"},"query-input":"required name=search_term_string"}],"inLanguage":"fr-FR"},{"@type":"Person","@id":"","url":"https:\/\/avogel.fr\/blog\/author\/"}]}},"_links":{"self":[{"href":"https:\/\/avogel.fr\/blog\/wp-json\/wp\/v2\/posts\/4662","targetHints":{"allow":["GET"]}}],"collection":[{"href":"https:\/\/avogel.fr\/blog\/wp-json\/wp\/v2\/posts"}],"about":[{"href":"https:\/\/avogel.fr\/blog\/wp-json\/wp\/v2\/types\/post"}],"author":[{"embeddable":true,"href":"https:\/\/avogel.fr\/blog\/wp-json\/wp\/v2\/users\/8"}],"replies":[{"embeddable":true,"href":"https:\/\/avogel.fr\/blog\/wp-json\/wp\/v2\/comments?post=4662"}],"version-history":[{"count":6,"href":"https:\/\/avogel.fr\/blog\/wp-json\/wp\/v2\/posts\/4662\/revisions"}],"predecessor-version":[{"id":8996,"href":"https:\/\/avogel.fr\/blog\/wp-json\/wp\/v2\/posts\/4662\/revisions\/8996"}],"wp:featuredmedia":[{"embeddable":true,"href":"https:\/\/avogel.fr\/blog\/wp-json\/wp\/v2\/media\/8580"}],"wp:attachment":[{"href":"https:\/\/avogel.fr\/blog\/wp-json\/wp\/v2\/media?parent=4662"}],"wp:term":[{"taxonomy":"category","embeddable":true,"href":"https:\/\/avogel.fr\/blog\/wp-json\/wp\/v2\/categories?post=4662"},{"taxonomy":"post_tag","embeddable":true,"href":"https:\/\/avogel.fr\/blog\/wp-json\/wp\/v2\/tags?post=4662"}],"curies":[{"name":"wp","href":"https:\/\/api.w.org\/{rel}","templated":true}]}}