{"id":4054,"date":"2016-10-28T16:00:03","date_gmt":"2016-10-28T14:00:03","guid":{"rendered":"http:\/\/www.avogel.fr\/blog\/?p=4054"},"modified":"2021-10-29T18:26:58","modified_gmt":"2021-10-29T16:26:58","slug":"passage-heure-hiver","status":"publish","type":"post","link":"https:\/\/avogel.fr\/blog\/moral\/passage-heure-hiver\/","title":{"rendered":"Surmonter les d\u00e9sagr\u00e9ments du passage \u00e0 l&rsquo;heure d&rsquo;hiver"},"content":{"rendered":"<p><strong>Le changement d&rsquo;heure, m\u00eame lorsqu&rsquo;il s&rsquo;agit du passage \u00e0 l&rsquo;heure d&rsquo;hiver, peut mettre notre organisme \u00e0 rude \u00e9preuve et son impact ne doit pas \u00eatre sous-estim\u00e9. Heureusement, il existe de nombreuses aides naturelles, que l&rsquo;on peut trouver dans les plantes, et qui peuvent soutenir notre organisme lors de cette transition d\u00e9licate.<\/strong><!--more--><\/p>\n<p>Le <strong>changement d&rsquo;heure<\/strong> intervient deux fois par an en France. \u00c0\u00a0la fin du mois d&rsquo;Octobre, on avance nos horloges d&rsquo;une heure pour revenir \u00e0 <strong>l&rsquo;heure d&rsquo;hiver<\/strong>. On dit qu&rsquo;on \u00ab\u00a0gagne une heure\u00a0\u00bb de sommeil. Si on aura plus tendance \u00e0 penser que \u00ab\u00a0perdre\u00a0\u00bb une heure est plus n\u00e9faste que d&rsquo;en \u00ab\u00a0gagner\u00a0\u00bb une, le passage \u00e0 l&rsquo;heure d&rsquo;hiver a \u00e9galement un impact sur notre organisme, puisque cela signifie tout de m\u00eame <strong>un d\u00e9calage de notre horloge biologique<\/strong> de fa\u00e7on abrupte.<\/p>\n<p>En effet, la production de l&rsquo;hormone li\u00e9e au sommeil, la m\u00e9latonine, est naturellement cal\u00e9e sur l&rsquo;ensoleillement et la luminosit\u00e9. Un <strong>changement abrupt va donc perturber<\/strong> sa production et rendre plus difficile le fait de trouver le sommeil ou de se r\u00e9veiller, causant de fait fatigue, anxi\u00e9t\u00e9 et irritabilit\u00e9. La fatigue et la mauvaise humeur fragilisent alors les d\u00e9fenses immunitaires. De m\u00eame, le changement d&rsquo;heure modifie l&rsquo;heure \u00e0 laquelle nous prenons nos repas, ce qui peut l\u00e0 aussi provoquer des probl\u00e8mes d&rsquo;app\u00e9tit et de digestion.<\/p>\n<p>S&rsquo;il est d\u00e9j\u00e0 perturbant en soit et relativement difficile \u00e0 encaisser sur le coup, <strong>le passage \u00e0 l&rsquo;heure d&rsquo;hiver<\/strong> s&rsquo;effectue en plus \u00e0 un moment de l&rsquo;ann\u00e9e qui peut \u00eatre difficile \u00e0 n\u00e9gocier pour notre organisme. Humeur morose \u00e0 cause de la baisse de l&rsquo;ensoleillement dont nous profitons, sommeil perturb\u00e9 par le d\u00e9calage des nuits, d\u00e9fenses naturelles en berne \u00e0 cause de la fatigue&#8230;<strong> Il faut en moyenne une semaine pour s&rsquo;adapter au changement d&rsquo;heure<\/strong>. Mais chez certaines personnes telles que\u00a0les enfants ou les personnes \u00e2g\u00e9es, le temps d&rsquo;adaptation peut s&rsquo;\u00e9tendre \u00e0 pr\u00e8s d&rsquo;un mois.<\/p>\n<p>Il est cependant <strong>possible de se pr\u00e9parer au changement d&rsquo;heure<\/strong> et au passage \u00e0 l&rsquo;heure d&rsquo;hiver notamment en r\u00e9duisant le stress dans les jours le pr\u00e9c\u00e9dent. On peut ainsi avancer quotidiennement d&rsquo;un quart d&rsquo;heure l&rsquo;ensemble de nos activit\u00e9s quotidiennes (repas, heure du coucher, heure du r\u00e9veil&#8230;) dans les quatre jours pr\u00e9c\u00e9dents\u00a0<strong>le passage \u00e0 l&rsquo;heure d&rsquo;hiver<\/strong> lorsque cela est possible. Apr\u00e8s <strong>le passage \u00e0 l&rsquo;heure d&rsquo;hiver<\/strong> on s&rsquo;efforcera au maximum de profiter de la lumi\u00e8re du soleil le matin puisqu&rsquo;on en est priv\u00e9 en soir\u00e9e. De cette mani\u00e8re, la transition sera d\u00e9j\u00e0 nettement plus douce.<\/p>\n<p>Il existe \u00e9galement des <strong>aides naturelles \u00e0 base de plantes<\/strong>, pour surmonter les effets n\u00e9gatifs du passage \u00e0 l&rsquo;heure d&rsquo;hiver.\u00a0Par exemple, des plantes telles que la <a href=\"https:\/\/avogel.fr\/complements-alimentaires\/1018-745-epf-valeriane.html#\/24-contenance-50ml\" target=\"_blank\" rel=\"noopener\">Val\u00e9riane<\/a>\u00a0ou\u00a0la <a href=\"https:\/\/avogel.fr\/complements-alimentaires\/1013-740-epf-passiflore.html#\/24-contenance-50ml\" target=\"_blank\" rel=\"noopener\">Passiflore<\/a>\u00a0peuvent aider \u00e0 retrouver un cycle du sommeil \u00e9quilibr\u00e9 et apais\u00e9. Le <a href=\"https:\/\/avogel.fr\/complements-alimentaires\/1030-758-millpertuis-comprimes.html#\/30-contenance-60_comprimes_165g\" target=\"_blank\" rel=\"noopener\">Millepertuis<\/a>\u00a0permet lui\u00a0de stabiliser l&rsquo;humeur et de r\u00e9duire le stress, pour mieux pr\u00e9venir la d\u00e9pression saisonni\u00e8re. Pour ce qui est du transit, notre choix\u00a0se portera sur l&rsquo;<a href=\"https:\/\/avogel.fr\/complements-alimentaires\/1004-731-epf-artichaut.html#\/24-contenance-50ml\" target=\"_blank\" rel=\"noopener\">Artichaut<\/a> et le <a href=\"https:\/\/avogel.fr\/complements-alimentaires\/1007-734-epf-chardon-marie.html#\/24-contenance-50ml\" target=\"_blank\" rel=\"noopener\">Chardon-Marie<\/a>, puisqu&rsquo;elles favorisent\u00a0une bonne digestion. Enfin pour soutenir et renforcer\u00a0les d\u00e9fenses naturelles, on recommandera l&rsquo;Echinac\u00e9e, sous la forme d&rsquo;<a href=\"https:\/\/avogel.fr\/complements-alimentaires\/1020-747-epf-echinaforce.html#\/24-contenance-50ml\" target=\"_blank\" rel=\"noopener\">Extrait de Plante Fra\u00eeche\u00ae<\/a>, de <a href=\"https:\/\/avogel.fr\/complements-alimentaires\/1026-754-echinaforce-forte.html#\/27-contenance-30_comprimes_225g\" target=\"_blank\" rel=\"noopener\">comprim\u00e9s<\/a>\u00a0(existe aussi pour <a href=\"https:\/\/avogel.fr\/complements-alimentaires\/1027-755-echinaforce-junior.html#\/28-contenance-120_comprimes_36g\" target=\"_blank\" rel=\"noopener\">toute la famille<\/a>, \u00e0 l&rsquo;ar\u00f4me naturel d&rsquo;orange). Avec ces\u00a0compl\u00e9ments, le passage \u00e0 l&rsquo;heure d&rsquo;hiver se fera en toute tranquillit\u00e9\u00a0et on pourra aborder l&rsquo;hiver en toute s\u00e9r\u00e9nit\u00e9.<\/p>\n","protected":false},"excerpt":{"rendered":"<p>Le changement d&rsquo;heure, m\u00eame lorsqu&rsquo;il s&rsquo;agit du passage \u00e0 l&rsquo;heure d&rsquo;hiver, peut mettre notre organisme \u00e0 rude \u00e9preuve et son impact ne doit pas \u00eatre sous-estim\u00e9. Heureusement, il existe de nombreuses aides naturelles, que l&rsquo;on peut trouver dans les plantes, et qui peuvent soutenir notre organisme lors de cette transition d\u00e9licate.<\/p>\n","protected":false},"author":8,"featured_media":8726,"comment_status":"open","ping_status":"open","sticky":false,"template":"","format":"standard","meta":{"_acf_changed":false,"footnotes":""},"categories":[1573],"tags":[],"class_list":["post-4054","post","type-post","status-publish","format-standard","has-post-thumbnail","hentry","category-moral"],"acf":[],"yoast_head":"<!-- This site is optimized with the Yoast SEO plugin v22.0 - https:\/\/yoast.com\/wordpress\/plugins\/seo\/ -->\n<title>Surmonter les d\u00e9sagr\u00e9ments du passage \u00e0 l&#039;heure d&#039;hiver | A.Vogel<\/title>\n<meta name=\"description\" content=\"Le changement d&#039;heure est toujours un moment d\u00e9licat. Le passage \u00e0 l&#039;heure d&#039;hiver peut cependant se faire en douceur.\" \/>\n<meta name=\"robots\" content=\"index, follow, max-snippet:-1, max-image-preview:large, max-video-preview:-1\" \/>\n<link rel=\"canonical\" href=\"https:\/\/avogel.fr\/blog\/moral\/passage-heure-hiver\/\" \/>\n<meta property=\"og:locale\" content=\"fr_FR\" \/>\n<meta property=\"og:type\" content=\"article\" \/>\n<meta property=\"og:title\" content=\"Surmonter les d\u00e9sagr\u00e9ments du passage \u00e0 l&#039;heure d&#039;hiver | A.Vogel\" \/>\n<meta property=\"og:description\" content=\"Le changement d&#039;heure est toujours un moment d\u00e9licat. Le passage \u00e0 l&#039;heure d&#039;hiver peut cependant se faire en douceur.\" \/>\n<meta property=\"og:url\" content=\"https:\/\/avogel.fr\/blog\/moral\/passage-heure-hiver\/\" \/>\n<meta property=\"og:site_name\" content=\"A.Vogel - Compl\u00e9ments alimentaires naturels\" \/>\n<meta property=\"article:published_time\" content=\"2016-10-28T14:00:03+00:00\" \/>\n<meta property=\"article:modified_time\" content=\"2021-10-29T16:26:58+00:00\" \/>\n<meta property=\"og:image\" content=\"https:\/\/avogel.fr\/blog\/wp-content\/uploads\/2016\/10\/passage-heure-hiver.jpg\" \/>\n\t<meta property=\"og:image:width\" content=\"1200\" \/>\n\t<meta property=\"og:image:height\" content=\"627\" \/>\n\t<meta property=\"og:image:type\" content=\"image\/jpeg\" \/>\n<meta name=\"twitter:card\" content=\"summary_large_image\" \/>\n<meta name=\"twitter:label1\" content=\"\u00c9crit par\" \/>\n\t<meta name=\"twitter:data1\" content=\"\" \/>\n\t<meta name=\"twitter:label2\" content=\"Dur\u00e9e de lecture estim\u00e9e\" \/>\n\t<meta name=\"twitter:data2\" content=\"3 minutes\" \/>\n<script type=\"application\/ld+json\" class=\"yoast-schema-graph\">{\"@context\":\"https:\/\/schema.org\",\"@graph\":[{\"@type\":\"WebPage\",\"@id\":\"https:\/\/avogel.fr\/blog\/moral\/passage-heure-hiver\/\",\"url\":\"https:\/\/avogel.fr\/blog\/moral\/passage-heure-hiver\/\",\"name\":\"Surmonter les d\u00e9sagr\u00e9ments du passage \u00e0 l'heure d'hiver | A.Vogel\",\"isPartOf\":{\"@id\":\"https:\/\/avogel.fr\/blog\/#website\"},\"datePublished\":\"2016-10-28T14:00:03+00:00\",\"dateModified\":\"2021-10-29T16:26:58+00:00\",\"author\":{\"@id\":\"\"},\"description\":\"Le changement d'heure est toujours un moment d\u00e9licat. Le passage \u00e0 l'heure d'hiver peut cependant se faire en douceur.\",\"breadcrumb\":{\"@id\":\"https:\/\/avogel.fr\/blog\/moral\/passage-heure-hiver\/#breadcrumb\"},\"inLanguage\":\"fr-FR\",\"potentialAction\":[{\"@type\":\"ReadAction\",\"target\":[\"https:\/\/avogel.fr\/blog\/moral\/passage-heure-hiver\/\"]}]},{\"@type\":\"BreadcrumbList\",\"@id\":\"https:\/\/avogel.fr\/blog\/moral\/passage-heure-hiver\/#breadcrumb\",\"itemListElement\":[{\"@type\":\"ListItem\",\"position\":1,\"name\":\"Accueil\",\"item\":\"https:\/\/avogel.fr\/blog\/\"},{\"@type\":\"ListItem\",\"position\":2,\"name\":\"Surmonter les d\u00e9sagr\u00e9ments du passage \u00e0 l&rsquo;heure d&rsquo;hiver\"}]},{\"@type\":\"WebSite\",\"@id\":\"https:\/\/avogel.fr\/blog\/#website\",\"url\":\"https:\/\/avogel.fr\/blog\/\",\"name\":\"A.Vogel - Compl\u00e9ments alimentaires naturels\",\"description\":\"Retrouvez tous nos conseils pour rester naturellement fort - Compl\u00e9ments \u00e0 base de plantes fra\u00eeches biologiques\",\"potentialAction\":[{\"@type\":\"SearchAction\",\"target\":{\"@type\":\"EntryPoint\",\"urlTemplate\":\"https:\/\/avogel.fr\/blog\/?s={search_term_string}\"},\"query-input\":\"required name=search_term_string\"}],\"inLanguage\":\"fr-FR\"},{\"@type\":\"Person\",\"@id\":\"\",\"url\":\"https:\/\/avogel.fr\/blog\/author\/\"}]}<\/script>\n<!-- \/ Yoast SEO plugin. -->","yoast_head_json":{"title":"Surmonter les d\u00e9sagr\u00e9ments du passage \u00e0 l'heure d'hiver | A.Vogel","description":"Le changement d'heure est toujours un moment d\u00e9licat. Le passage \u00e0 l'heure d'hiver peut cependant se faire en douceur.","robots":{"index":"index","follow":"follow","max-snippet":"max-snippet:-1","max-image-preview":"max-image-preview:large","max-video-preview":"max-video-preview:-1"},"canonical":"https:\/\/avogel.fr\/blog\/moral\/passage-heure-hiver\/","og_locale":"fr_FR","og_type":"article","og_title":"Surmonter les d\u00e9sagr\u00e9ments du passage \u00e0 l'heure d'hiver | A.Vogel","og_description":"Le changement d'heure est toujours un moment d\u00e9licat. Le passage \u00e0 l'heure d'hiver peut cependant se faire en douceur.","og_url":"https:\/\/avogel.fr\/blog\/moral\/passage-heure-hiver\/","og_site_name":"A.Vogel - Compl\u00e9ments alimentaires naturels","article_published_time":"2016-10-28T14:00:03+00:00","article_modified_time":"2021-10-29T16:26:58+00:00","og_image":[{"width":1200,"height":627,"url":"https:\/\/avogel.fr\/blog\/wp-content\/uploads\/2016\/10\/passage-heure-hiver.jpg","type":"image\/jpeg"}],"twitter_card":"summary_large_image","twitter_misc":{"\u00c9crit par":"","Dur\u00e9e de lecture estim\u00e9e":"3 minutes"},"schema":{"@context":"https:\/\/schema.org","@graph":[{"@type":"WebPage","@id":"https:\/\/avogel.fr\/blog\/moral\/passage-heure-hiver\/","url":"https:\/\/avogel.fr\/blog\/moral\/passage-heure-hiver\/","name":"Surmonter les d\u00e9sagr\u00e9ments du passage \u00e0 l'heure d'hiver | A.Vogel","isPartOf":{"@id":"https:\/\/avogel.fr\/blog\/#website"},"datePublished":"2016-10-28T14:00:03+00:00","dateModified":"2021-10-29T16:26:58+00:00","author":{"@id":""},"description":"Le changement d'heure est toujours un moment d\u00e9licat. Le passage \u00e0 l'heure d'hiver peut cependant se faire en douceur.","breadcrumb":{"@id":"https:\/\/avogel.fr\/blog\/moral\/passage-heure-hiver\/#breadcrumb"},"inLanguage":"fr-FR","potentialAction":[{"@type":"ReadAction","target":["https:\/\/avogel.fr\/blog\/moral\/passage-heure-hiver\/"]}]},{"@type":"BreadcrumbList","@id":"https:\/\/avogel.fr\/blog\/moral\/passage-heure-hiver\/#breadcrumb","itemListElement":[{"@type":"ListItem","position":1,"name":"Accueil","item":"https:\/\/avogel.fr\/blog\/"},{"@type":"ListItem","position":2,"name":"Surmonter les d\u00e9sagr\u00e9ments du passage \u00e0 l&rsquo;heure d&rsquo;hiver"}]},{"@type":"WebSite","@id":"https:\/\/avogel.fr\/blog\/#website","url":"https:\/\/avogel.fr\/blog\/","name":"A.Vogel - Compl\u00e9ments alimentaires naturels","description":"Retrouvez tous nos conseils pour rester naturellement fort - Compl\u00e9ments \u00e0 base de plantes fra\u00eeches biologiques","potentialAction":[{"@type":"SearchAction","target":{"@type":"EntryPoint","urlTemplate":"https:\/\/avogel.fr\/blog\/?s={search_term_string}"},"query-input":"required name=search_term_string"}],"inLanguage":"fr-FR"},{"@type":"Person","@id":"","url":"https:\/\/avogel.fr\/blog\/author\/"}]}},"_links":{"self":[{"href":"https:\/\/avogel.fr\/blog\/wp-json\/wp\/v2\/posts\/4054","targetHints":{"allow":["GET"]}}],"collection":[{"href":"https:\/\/avogel.fr\/blog\/wp-json\/wp\/v2\/posts"}],"about":[{"href":"https:\/\/avogel.fr\/blog\/wp-json\/wp\/v2\/types\/post"}],"author":[{"embeddable":true,"href":"https:\/\/avogel.fr\/blog\/wp-json\/wp\/v2\/users\/8"}],"replies":[{"embeddable":true,"href":"https:\/\/avogel.fr\/blog\/wp-json\/wp\/v2\/comments?post=4054"}],"version-history":[{"count":2,"href":"https:\/\/avogel.fr\/blog\/wp-json\/wp\/v2\/posts\/4054\/revisions"}],"predecessor-version":[{"id":6131,"href":"https:\/\/avogel.fr\/blog\/wp-json\/wp\/v2\/posts\/4054\/revisions\/6131"}],"wp:featuredmedia":[{"embeddable":true,"href":"https:\/\/avogel.fr\/blog\/wp-json\/wp\/v2\/media\/8726"}],"wp:attachment":[{"href":"https:\/\/avogel.fr\/blog\/wp-json\/wp\/v2\/media?parent=4054"}],"wp:term":[{"taxonomy":"category","embeddable":true,"href":"https:\/\/avogel.fr\/blog\/wp-json\/wp\/v2\/categories?post=4054"},{"taxonomy":"post_tag","embeddable":true,"href":"https:\/\/avogel.fr\/blog\/wp-json\/wp\/v2\/tags?post=4054"}],"curies":[{"name":"wp","href":"https:\/\/api.w.org\/{rel}","templated":true}]}}