{"id":3796,"date":"2015-12-22T09:00:57","date_gmt":"2015-12-22T08:00:57","guid":{"rendered":"http:\/\/www.avogel.fr\/blog\/?p=3796"},"modified":"2021-10-29T17:19:54","modified_gmt":"2021-10-29T15:19:54","slug":"comment-eviter-le-stress-de-la-fin-dannee","status":"publish","type":"post","link":"https:\/\/avogel.fr\/blog\/stress\/comment-eviter-le-stress-de-la-fin-dannee\/","title":{"rendered":"Comment \u00e9viter le stress de la fin d\u2019ann\u00e9e ?"},"content":{"rendered":"<p style=\"text-align: justify;\">La fin de l\u2019ann\u00e9e est synonyme de <strong>f\u00eates<\/strong> et de r\u00e9unions familiales, mais pas seulement. Vers la fin de l\u2019ann\u00e9e, la <strong>fatigue<\/strong> se fait bien plus ressentir qu\u2019au d\u00e9but. Les enfants sont en examens, la charge de boulot p\u00e8se et il faut trouver du temps pour pr\u00e9parer les d\u00eeners de f\u00eate et les cadeaux.\u00a0Pour \u00e9viter d\u2019\u00eatre sous tension, <strong>stress\u00e9<\/strong> et de ne pas profiter assez de cette fin d\u2019ann\u00e9e, <!--morequelques conseils sont \u00e0 appliquer.-->quelques conseils sont \u00e0 appliquer.<\/p>\n<h2 style=\"text-align: left;\">Identifiez les signes<\/h2>\n<p style=\"text-align: left;\">Vous devez \u00e9couter votre corps et <strong>identifier certains signes<\/strong>. Vous \u00eates \u00e9puis\u00e9\u00a0? Vos muscles se raidissent\u00a0? Les maux de t\u00eate sont r\u00e9currents\u00a0? Il est temps d\u2019agir\u00a0!<\/p>\n<h2 style=\"text-align: left;\">Dormir<\/h2>\n<p style=\"text-align: justify;\"><strong>Dormir<\/strong> est le rem\u00e8de miracle \u00e0 port\u00e9e de main. Il faut dormir un nombre suffisant d\u2019heures pour que le sommeil soit r\u00e9parateur. Si vous \u00eates fatigu\u00e9, vous n\u2019aurez pas le temps de pr\u00e9parer vos d\u00eeners, vos cadeaux, ni m\u00eame de profiter de chaque instant. Pr\u00e9parez votre corps au sommeil, ne planifiez pas d\u2019activit\u00e9s intensives avant d\u2019aller dormir. Assurez-vous de dormir 7 heures de sommeil ininterrompu. Ceci vous permettra de profiter pleinement de votre journ\u00e9e en \u00e9tant de bonne humeur.\u00a0<a href=\"https:\/\/avogel.fr\/complements-alimentaires\/1022-750-dormeasan.html#\/24-contenance-50ml\">A.Vogel Complexe Sommeil<\/a> peut aussi vous aider. Cette astuce naturelle \u00e0 base de Val\u00e9riane et Houblon aide \u00e0 s\u2019endormir et assure un sommeil de bonne qualit\u00e9.<\/p>\n<p style=\"text-align: justify;\"><img loading=\"lazy\" decoding=\"async\" class=\"alignnone wp-image-3798\" src=\"https:\/\/avogel.fr\/blog\/wp-content\/uploads\/2015\/12\/Comment-\u00e9viter-le-stress-de-la-fin-d-ann\u00e9e-1.jpg\" alt=\"Stress\" width=\"620\" height=\"413\" \/><\/p>\n<h2 style=\"text-align: left;\">Faites-vous aider<\/h2>\n<p style=\"text-align: justify;\">Certains <strong>produits naturels<\/strong> peuvent vous <strong>aider \u00e0 affronter le stress<\/strong> et \u00e0 \u00e9prouver une sensation de bien-\u00eatre, comme le <a href=\"https:\/\/avogel.fr\/complements-alimentaires\/1030-758-millpertuis-comprimes.html#\/30-contenance-60_comprimes_165g\">Millepertuis d\u2019A.Vogel<\/a>. Fait \u00e0 base de plantes fra\u00eeches, ce complexe apporte une sant\u00e9 mentale et un \u00e9quilibre \u00e9motionnel, il entretient une humeur positive et un sommeil sain. De plus, il a un effet calmant. <a href=\"https:\/\/avogel.fr\/complements-alimentaires\/1013-740-epf-passiflore.html#\/24-contenance-50ml\">L\u2019EPF\u00ae Passiflore<\/a> incite \u00e0 la relaxation, favorise le sommeil et vous aide de cette mani\u00e8re \u00e0 affronter la fatigue de la semaine. L\u2019<a href=\"https:\/\/avogel.fr\/complements-alimentaires\/1006-733-epf-avoine.html#\/24-contenance-50ml\">EPF<sup>\u00ae<\/sup>\u00a0Avoine<\/a> vous aide \u00e0 combattre les probl\u00e8mes intestinaux dus au stress. Il am\u00e9liore l\u2019app\u00e9tit, favorise la digestion et d\u00e9sintoxique l\u2019organisme.<\/p>\n<h2 style=\"text-align: left;\">Une bonne alimentation<\/h2>\n<p style=\"text-align: justify;\">Pour g\u00e9rer le stress, votre organisme a besoin d\u2019aliments nutritifs. \u00c9vitez le sucre, la caf\u00e9ine ou encore le gras. Pr\u00e9f\u00e9rez les aliments riches en fibres, les fruits et les l\u00e9gumes. <strong>Une alimentation saine et \u00e9quilibr\u00e9e<\/strong> vous apportera l\u2019\u00e9nergie n\u00e9cessaire pour faire face aux imp\u00e9ratifs de la fin d\u2019ann\u00e9e.<\/p>\n<h2 style=\"text-align: left;\">Pratiquez une activit\u00e9 physique une fois par semaine<\/h2>\n<p style=\"text-align: justify;\">En <strong>pratiquant une activit\u00e9 physique<\/strong>, vous \u00e9liminez les substances chimiques de votre corps, ce qui favorise la bonne humeur. Voil\u00e0 pourquoi il faut faire du sport une fois par semaine, de pr\u00e9f\u00e9rence accompagn\u00e9, puisque cela vous motivera davantage.<\/p>\n<p style=\"text-align: justify;\"><img loading=\"lazy\" decoding=\"async\" class=\"alignnone wp-image-3799\" src=\"https:\/\/avogel.fr\/blog\/wp-content\/uploads\/2015\/12\/Comment-\u00e9viter-le-stress-de-la-fin-d-ann\u00e9e-3.jpg\" alt=\"Stress\" width=\"620\" height=\"421\" \/><\/p>\n<h2 style=\"text-align: left;\">Profitez des f\u00eates<\/h2>\n<p style=\"text-align: justify;\">Ne cherchez pas la perfection. Donnez le temps n\u00e9cessaire \u00e0 vos pr\u00e9parations. Ne voyez pas trop grand, osez demander de l\u2019aide, et dire non\u00a0! Les f\u00eates sont faites pour en <strong>profiter<\/strong> et passer du temps en famille et non derri\u00e8re les fourneaux\u00a0! Alors on se fait un planning r\u00e9alisable et on fonce !<\/p>\n","protected":false},"excerpt":{"rendered":"<p>La fin de l\u2019ann\u00e9e est synonyme de f\u00eates et de r\u00e9unions familiales, mais pas seulement. Vers la fin de l\u2019ann\u00e9e, la fatigue se fait bien plus ressentir qu\u2019au d\u00e9but. Les enfants sont en examens, la charge de boulot p\u00e8se et il faut trouver du temps pour pr\u00e9parer les d\u00eeners de f\u00eate et les cadeaux.\u00a0Pour \u00e9viter [&hellip;]<\/p>\n","protected":false},"author":5,"featured_media":8708,"comment_status":"open","ping_status":"open","sticky":false,"template":"","format":"standard","meta":{"_acf_changed":false,"footnotes":""},"categories":[1579],"tags":[],"class_list":["post-3796","post","type-post","status-publish","format-standard","has-post-thumbnail","hentry","category-stress"],"acf":[],"yoast_head":"<!-- This site is optimized with the Yoast SEO plugin v22.0 - https:\/\/yoast.com\/wordpress\/plugins\/seo\/ -->\n<title>Comment \u00e9viter le stress de la fin d\u2019ann\u00e9e ? | A.Vogel<\/title>\n<meta name=\"description\" content=\"Comment \u00e9viter le stress de la fin d\u2019ann\u00e9e? Nos conseils pour \u00e9viter la fatigue, absorber la charge de boulot et il faut trouver du temps pour pr\u00e9parer les d\u00eeners de f\u00eate et les cadeaux\" \/>\n<meta name=\"robots\" content=\"index, follow, max-snippet:-1, max-image-preview:large, max-video-preview:-1\" \/>\n<link rel=\"canonical\" href=\"https:\/\/avogel.fr\/blog\/stress\/comment-eviter-le-stress-de-la-fin-dannee\/\" \/>\n<meta property=\"og:locale\" content=\"fr_FR\" \/>\n<meta property=\"og:type\" content=\"article\" \/>\n<meta property=\"og:title\" content=\"Comment \u00e9viter le stress de la fin d\u2019ann\u00e9e ? | A.Vogel\" \/>\n<meta property=\"og:description\" content=\"Comment \u00e9viter le stress de la fin d\u2019ann\u00e9e? Nos conseils pour \u00e9viter la fatigue, absorber la charge de boulot et il faut trouver du temps pour pr\u00e9parer les d\u00eeners de f\u00eate et les cadeaux\" \/>\n<meta property=\"og:url\" content=\"https:\/\/avogel.fr\/blog\/stress\/comment-eviter-le-stress-de-la-fin-dannee\/\" \/>\n<meta property=\"og:site_name\" content=\"A.Vogel - Compl\u00e9ments alimentaires naturels\" \/>\n<meta property=\"article:published_time\" content=\"2015-12-22T08:00:57+00:00\" \/>\n<meta property=\"article:modified_time\" content=\"2021-10-29T15:19:54+00:00\" \/>\n<meta property=\"og:image\" content=\"https:\/\/avogel.fr\/blog\/wp-content\/uploads\/2015\/12\/eviter-stress-fin-annee.jpg\" \/>\n\t<meta property=\"og:image:width\" content=\"1200\" \/>\n\t<meta property=\"og:image:height\" content=\"627\" \/>\n\t<meta property=\"og:image:type\" content=\"image\/jpeg\" \/>\n<meta name=\"twitter:card\" content=\"summary_large_image\" \/>\n<meta name=\"twitter:label1\" content=\"\u00c9crit par\" \/>\n\t<meta name=\"twitter:data1\" content=\"\" \/>\n\t<meta name=\"twitter:label2\" content=\"Dur\u00e9e de lecture estim\u00e9e\" \/>\n\t<meta name=\"twitter:data2\" content=\"3 minutes\" \/>\n<script type=\"application\/ld+json\" class=\"yoast-schema-graph\">{\"@context\":\"https:\/\/schema.org\",\"@graph\":[{\"@type\":\"WebPage\",\"@id\":\"https:\/\/avogel.fr\/blog\/stress\/comment-eviter-le-stress-de-la-fin-dannee\/\",\"url\":\"https:\/\/avogel.fr\/blog\/stress\/comment-eviter-le-stress-de-la-fin-dannee\/\",\"name\":\"Comment \u00e9viter le stress de la fin d\u2019ann\u00e9e ? | A.Vogel\",\"isPartOf\":{\"@id\":\"https:\/\/avogel.fr\/blog\/#website\"},\"datePublished\":\"2015-12-22T08:00:57+00:00\",\"dateModified\":\"2021-10-29T15:19:54+00:00\",\"author\":{\"@id\":\"\"},\"description\":\"Comment \u00e9viter le stress de la fin d\u2019ann\u00e9e? Nos conseils pour \u00e9viter la fatigue, absorber la charge de boulot et il faut trouver du temps pour pr\u00e9parer les d\u00eeners de f\u00eate et les cadeaux\",\"breadcrumb\":{\"@id\":\"https:\/\/avogel.fr\/blog\/stress\/comment-eviter-le-stress-de-la-fin-dannee\/#breadcrumb\"},\"inLanguage\":\"fr-FR\",\"potentialAction\":[{\"@type\":\"ReadAction\",\"target\":[\"https:\/\/avogel.fr\/blog\/stress\/comment-eviter-le-stress-de-la-fin-dannee\/\"]}]},{\"@type\":\"BreadcrumbList\",\"@id\":\"https:\/\/avogel.fr\/blog\/stress\/comment-eviter-le-stress-de-la-fin-dannee\/#breadcrumb\",\"itemListElement\":[{\"@type\":\"ListItem\",\"position\":1,\"name\":\"Accueil\",\"item\":\"https:\/\/avogel.fr\/blog\/\"},{\"@type\":\"ListItem\",\"position\":2,\"name\":\"Comment \u00e9viter le stress de la fin d\u2019ann\u00e9e ?\"}]},{\"@type\":\"WebSite\",\"@id\":\"https:\/\/avogel.fr\/blog\/#website\",\"url\":\"https:\/\/avogel.fr\/blog\/\",\"name\":\"A.Vogel - Compl\u00e9ments alimentaires naturels\",\"description\":\"Retrouvez tous nos conseils pour rester naturellement fort - Compl\u00e9ments \u00e0 base de plantes fra\u00eeches biologiques\",\"potentialAction\":[{\"@type\":\"SearchAction\",\"target\":{\"@type\":\"EntryPoint\",\"urlTemplate\":\"https:\/\/avogel.fr\/blog\/?s={search_term_string}\"},\"query-input\":\"required name=search_term_string\"}],\"inLanguage\":\"fr-FR\"},{\"@type\":\"Person\",\"@id\":\"\",\"url\":\"https:\/\/avogel.fr\/blog\/author\/\"}]}<\/script>\n<!-- \/ Yoast SEO plugin. -->","yoast_head_json":{"title":"Comment \u00e9viter le stress de la fin d\u2019ann\u00e9e ? | A.Vogel","description":"Comment \u00e9viter le stress de la fin d\u2019ann\u00e9e? Nos conseils pour \u00e9viter la fatigue, absorber la charge de boulot et il faut trouver du temps pour pr\u00e9parer les d\u00eeners de f\u00eate et les cadeaux","robots":{"index":"index","follow":"follow","max-snippet":"max-snippet:-1","max-image-preview":"max-image-preview:large","max-video-preview":"max-video-preview:-1"},"canonical":"https:\/\/avogel.fr\/blog\/stress\/comment-eviter-le-stress-de-la-fin-dannee\/","og_locale":"fr_FR","og_type":"article","og_title":"Comment \u00e9viter le stress de la fin d\u2019ann\u00e9e ? | A.Vogel","og_description":"Comment \u00e9viter le stress de la fin d\u2019ann\u00e9e? Nos conseils pour \u00e9viter la fatigue, absorber la charge de boulot et il faut trouver du temps pour pr\u00e9parer les d\u00eeners de f\u00eate et les cadeaux","og_url":"https:\/\/avogel.fr\/blog\/stress\/comment-eviter-le-stress-de-la-fin-dannee\/","og_site_name":"A.Vogel - Compl\u00e9ments alimentaires naturels","article_published_time":"2015-12-22T08:00:57+00:00","article_modified_time":"2021-10-29T15:19:54+00:00","og_image":[{"width":1200,"height":627,"url":"https:\/\/avogel.fr\/blog\/wp-content\/uploads\/2015\/12\/eviter-stress-fin-annee.jpg","type":"image\/jpeg"}],"twitter_card":"summary_large_image","twitter_misc":{"\u00c9crit par":"","Dur\u00e9e de lecture estim\u00e9e":"3 minutes"},"schema":{"@context":"https:\/\/schema.org","@graph":[{"@type":"WebPage","@id":"https:\/\/avogel.fr\/blog\/stress\/comment-eviter-le-stress-de-la-fin-dannee\/","url":"https:\/\/avogel.fr\/blog\/stress\/comment-eviter-le-stress-de-la-fin-dannee\/","name":"Comment \u00e9viter le stress de la fin d\u2019ann\u00e9e ? | A.Vogel","isPartOf":{"@id":"https:\/\/avogel.fr\/blog\/#website"},"datePublished":"2015-12-22T08:00:57+00:00","dateModified":"2021-10-29T15:19:54+00:00","author":{"@id":""},"description":"Comment \u00e9viter le stress de la fin d\u2019ann\u00e9e? Nos conseils pour \u00e9viter la fatigue, absorber la charge de boulot et il faut trouver du temps pour pr\u00e9parer les d\u00eeners de f\u00eate et les cadeaux","breadcrumb":{"@id":"https:\/\/avogel.fr\/blog\/stress\/comment-eviter-le-stress-de-la-fin-dannee\/#breadcrumb"},"inLanguage":"fr-FR","potentialAction":[{"@type":"ReadAction","target":["https:\/\/avogel.fr\/blog\/stress\/comment-eviter-le-stress-de-la-fin-dannee\/"]}]},{"@type":"BreadcrumbList","@id":"https:\/\/avogel.fr\/blog\/stress\/comment-eviter-le-stress-de-la-fin-dannee\/#breadcrumb","itemListElement":[{"@type":"ListItem","position":1,"name":"Accueil","item":"https:\/\/avogel.fr\/blog\/"},{"@type":"ListItem","position":2,"name":"Comment \u00e9viter le stress de la fin d\u2019ann\u00e9e ?"}]},{"@type":"WebSite","@id":"https:\/\/avogel.fr\/blog\/#website","url":"https:\/\/avogel.fr\/blog\/","name":"A.Vogel - Compl\u00e9ments alimentaires naturels","description":"Retrouvez tous nos conseils pour rester naturellement fort - Compl\u00e9ments \u00e0 base de plantes fra\u00eeches biologiques","potentialAction":[{"@type":"SearchAction","target":{"@type":"EntryPoint","urlTemplate":"https:\/\/avogel.fr\/blog\/?s={search_term_string}"},"query-input":"required name=search_term_string"}],"inLanguage":"fr-FR"},{"@type":"Person","@id":"","url":"https:\/\/avogel.fr\/blog\/author\/"}]}},"_links":{"self":[{"href":"https:\/\/avogel.fr\/blog\/wp-json\/wp\/v2\/posts\/3796","targetHints":{"allow":["GET"]}}],"collection":[{"href":"https:\/\/avogel.fr\/blog\/wp-json\/wp\/v2\/posts"}],"about":[{"href":"https:\/\/avogel.fr\/blog\/wp-json\/wp\/v2\/types\/post"}],"author":[{"embeddable":true,"href":"https:\/\/avogel.fr\/blog\/wp-json\/wp\/v2\/users\/5"}],"replies":[{"embeddable":true,"href":"https:\/\/avogel.fr\/blog\/wp-json\/wp\/v2\/comments?post=3796"}],"version-history":[{"count":2,"href":"https:\/\/avogel.fr\/blog\/wp-json\/wp\/v2\/posts\/3796\/revisions"}],"predecessor-version":[{"id":6106,"href":"https:\/\/avogel.fr\/blog\/wp-json\/wp\/v2\/posts\/3796\/revisions\/6106"}],"wp:featuredmedia":[{"embeddable":true,"href":"https:\/\/avogel.fr\/blog\/wp-json\/wp\/v2\/media\/8708"}],"wp:attachment":[{"href":"https:\/\/avogel.fr\/blog\/wp-json\/wp\/v2\/media?parent=3796"}],"wp:term":[{"taxonomy":"category","embeddable":true,"href":"https:\/\/avogel.fr\/blog\/wp-json\/wp\/v2\/categories?post=3796"},{"taxonomy":"post_tag","embeddable":true,"href":"https:\/\/avogel.fr\/blog\/wp-json\/wp\/v2\/tags?post=3796"}],"curies":[{"name":"wp","href":"https:\/\/api.w.org\/{rel}","templated":true}]}}