{"id":3740,"date":"2015-11-17T09:00:16","date_gmt":"2015-11-17T08:00:16","guid":{"rendered":"http:\/\/www.avogel.fr\/blog\/?p=3740"},"modified":"2021-11-02T10:34:32","modified_gmt":"2021-11-02T09:34:32","slug":"astuces-pour-lutter-contre-la-depression-hivernale","status":"publish","type":"post","link":"https:\/\/avogel.fr\/blog\/moral\/astuces-pour-lutter-contre-la-depression-hivernale\/","title":{"rendered":"Astuces pour lutter contre la d\u00e9pression hivernale"},"content":{"rendered":"<p style=\"text-align: justify;\">L\u2019hiver pointe le bout de son nez, et vous n\u2019avez pas le moral ou manquez d\u2019\u00e9nergie ? Il est alors assez probable que vous souffriez de <strong>d\u00e9pression hivernale<\/strong>. Le changement de saison est l\u2019une des causes majeures de ce ph\u00e9nom\u00e8ne. Heureusement, certaines solutions peuvent vous aider \u00e0 retrouver votre motivation. <!--moreLisez nos conseils !-->Lisez nos conseils\u00a0!<\/p>\n<h2 style=\"text-align: left;\">Faites entrer la lumi\u00e8re\u00a0!<\/h2>\n<p style=\"text-align: justify;\">Le fait que le soleil se couche si t\u00f4t en hiver a un impact n\u00e9gatif sur le moral de nombreuses personnes. D\u2019o\u00f9 l\u2019importance de profiter au maximum de la <strong>lumi\u00e8re\u00a0naturelle<\/strong>\u00a0! Ouvrez par exemple les rideaux \u00e0 votre r\u00e9veil ou prenez l\u2019air lors de votre pause de midi. Si le manque de lumi\u00e8re se fait r\u00e9ellement ressentir, envisagez quelques s\u00e9ances de luminoth\u00e9rapie.<\/p>\n<h2 style=\"text-align: left;\">Accordez suffisamment d\u2019attention \u00e0 votre alimentation<\/h2>\n<p style=\"text-align: justify;\">L\u2019hiver est aussi la p\u00e9riode des f\u00eates de fin d\u2019ann\u00e9e, durant lesquelles on mange g\u00e9n\u00e9ralement tr\u00e8s gras. Ce n\u2019est cependant pas une excuse pour vous laisser aller. Les aliments gras et riches en sucre favorisent en effet la d\u00e9pression. Pour garder la ligne, privil\u00e9giez plut\u00f4t les recettes saines.<\/p>\n<p style=\"text-align: justify;\">Par ailleurs, de nombreuses personnes souffrent d\u2019une carence en vitamine D en hiver. Celle-ci est en effet produite naturellement par le corps sous l\u2019effet des rayons du soleil. Lorsque vous ne profitez pas assez de la lumi\u00e8re du soleil, une <strong>cure de vitamine D<\/strong> est recommand\u00e9e\u00a0!<\/p>\n<p style=\"text-align: justify;\"><img loading=\"lazy\" decoding=\"async\" class=\"alignnone wp-image-3744\" src=\"https:\/\/avogel.fr\/blog\/wp-content\/uploads\/2015\/11\/Quelques-conseils-pour-lutter-contre-la-d\u00e9pression-hivernale-2.jpg\" alt=\"D\u00e9pression hivernale\" width=\"620\" height=\"413\" \/><\/p>\n<h2 style=\"text-align: left;\">Pensez aux bienfaits des plantes<\/h2>\n<p style=\"text-align: justify;\">Les plantes peuvent \u00e9galement jouer un r\u00f4le non n\u00e9gligeable sur la d\u00e9pression hivernale. C\u2019est le cas du <a href=\"https:\/\/avogel.fr\/complements-alimentaires\/1030-758-millpertuis-comprimes.html#\/30-contenance-60_comprimes_165g\">millepertuis<\/a>, qui aide \u00e0 conserver une humeur \u00e9gale. Il r\u00e9duit les sympt\u00f4mes d\u00e9pressifs avec la m\u00eame <strong>efficacit\u00e9<\/strong> que d\u2019autres traitements antid\u00e9presseurs, tout en provoquant moins d\u2019effets secondaires d\u00e9sagr\u00e9ables.<\/p>\n<p style=\"text-align: justify;\">La prise d\u2019un comprim\u00e9 de millepertuis deux fois par jour contribue \u00e0 l&rsquo;\u00e9quilibre \u00e9motionnel et au bien-\u00eatre mental. Veillez \u00e0 respecter les doses journali\u00e8res recommand\u00e9es et \u00e0 <strong>consulter votre m\u00e9decin <\/strong>en cas de doute ou si les sympt\u00f4mes de la d\u00e9pression hivernale persistent.<\/p>\n","protected":false},"excerpt":{"rendered":"<p>L\u2019hiver pointe le bout de son nez, et vous n\u2019avez pas le moral ou manquez d\u2019\u00e9nergie ? Il est alors assez probable que vous souffriez de d\u00e9pression hivernale. Le changement de saison est l\u2019une des causes majeures de ce ph\u00e9nom\u00e8ne. Heureusement, certaines solutions peuvent vous aider \u00e0 retrouver votre motivation.<\/p>\n","protected":false},"author":5,"featured_media":8769,"comment_status":"open","ping_status":"open","sticky":false,"template":"","format":"standard","meta":{"_acf_changed":false,"footnotes":""},"categories":[1573],"tags":[],"class_list":["post-3740","post","type-post","status-publish","format-standard","has-post-thumbnail","hentry","category-moral"],"acf":[],"yoast_head":"<!-- This site is optimized with the Yoast SEO plugin v22.0 - https:\/\/yoast.com\/wordpress\/plugins\/seo\/ -->\n<title>Astuces pour lutter contre la d\u00e9pression hivernale | A.Vogel<\/title>\n<meta name=\"description\" content=\"Alors que l\u2019hiver pointe le bout de son nez, vous n\u2019avez pas le moral ? Lisez nos conseils pour lutter contre la d\u00e9pression hivernale !\" \/>\n<meta name=\"robots\" content=\"index, follow, max-snippet:-1, max-image-preview:large, max-video-preview:-1\" \/>\n<link rel=\"canonical\" href=\"https:\/\/avogel.fr\/blog\/moral\/astuces-pour-lutter-contre-la-depression-hivernale\/\" \/>\n<meta property=\"og:locale\" content=\"fr_FR\" \/>\n<meta property=\"og:type\" content=\"article\" \/>\n<meta property=\"og:title\" content=\"Astuces pour lutter contre la d\u00e9pression hivernale | A.Vogel\" \/>\n<meta property=\"og:description\" content=\"Alors que l\u2019hiver pointe le bout de son nez, vous n\u2019avez pas le moral ? Lisez nos conseils pour lutter contre la d\u00e9pression hivernale !\" \/>\n<meta property=\"og:url\" content=\"https:\/\/avogel.fr\/blog\/moral\/astuces-pour-lutter-contre-la-depression-hivernale\/\" \/>\n<meta property=\"og:site_name\" content=\"A.Vogel - Compl\u00e9ments alimentaires naturels\" \/>\n<meta property=\"article:published_time\" content=\"2015-11-17T08:00:16+00:00\" \/>\n<meta property=\"article:modified_time\" content=\"2021-11-02T09:34:32+00:00\" \/>\n<meta property=\"og:image\" content=\"https:\/\/avogel.fr\/blog\/wp-content\/uploads\/2015\/11\/astuces-lutter-depression-hivernale.jpg\" \/>\n\t<meta property=\"og:image:width\" content=\"1200\" \/>\n\t<meta property=\"og:image:height\" content=\"627\" \/>\n\t<meta property=\"og:image:type\" content=\"image\/jpeg\" \/>\n<meta name=\"twitter:card\" content=\"summary_large_image\" \/>\n<meta name=\"twitter:label1\" content=\"\u00c9crit par\" \/>\n\t<meta name=\"twitter:data1\" content=\"\" \/>\n\t<meta name=\"twitter:label2\" content=\"Dur\u00e9e de lecture estim\u00e9e\" \/>\n\t<meta name=\"twitter:data2\" content=\"2 minutes\" \/>\n<script type=\"application\/ld+json\" class=\"yoast-schema-graph\">{\"@context\":\"https:\/\/schema.org\",\"@graph\":[{\"@type\":\"WebPage\",\"@id\":\"https:\/\/avogel.fr\/blog\/moral\/astuces-pour-lutter-contre-la-depression-hivernale\/\",\"url\":\"https:\/\/avogel.fr\/blog\/moral\/astuces-pour-lutter-contre-la-depression-hivernale\/\",\"name\":\"Astuces pour lutter contre la d\u00e9pression hivernale | A.Vogel\",\"isPartOf\":{\"@id\":\"https:\/\/avogel.fr\/blog\/#website\"},\"datePublished\":\"2015-11-17T08:00:16+00:00\",\"dateModified\":\"2021-11-02T09:34:32+00:00\",\"author\":{\"@id\":\"\"},\"description\":\"Alors que l\u2019hiver pointe le bout de son nez, vous n\u2019avez pas le moral ? Lisez nos conseils pour lutter contre la d\u00e9pression hivernale !\",\"breadcrumb\":{\"@id\":\"https:\/\/avogel.fr\/blog\/moral\/astuces-pour-lutter-contre-la-depression-hivernale\/#breadcrumb\"},\"inLanguage\":\"fr-FR\",\"potentialAction\":[{\"@type\":\"ReadAction\",\"target\":[\"https:\/\/avogel.fr\/blog\/moral\/astuces-pour-lutter-contre-la-depression-hivernale\/\"]}]},{\"@type\":\"BreadcrumbList\",\"@id\":\"https:\/\/avogel.fr\/blog\/moral\/astuces-pour-lutter-contre-la-depression-hivernale\/#breadcrumb\",\"itemListElement\":[{\"@type\":\"ListItem\",\"position\":1,\"name\":\"Accueil\",\"item\":\"https:\/\/avogel.fr\/blog\/\"},{\"@type\":\"ListItem\",\"position\":2,\"name\":\"Astuces pour lutter contre la d\u00e9pression hivernale\"}]},{\"@type\":\"WebSite\",\"@id\":\"https:\/\/avogel.fr\/blog\/#website\",\"url\":\"https:\/\/avogel.fr\/blog\/\",\"name\":\"A.Vogel - Compl\u00e9ments alimentaires naturels\",\"description\":\"Retrouvez tous nos conseils pour rester naturellement fort - Compl\u00e9ments \u00e0 base de plantes fra\u00eeches biologiques\",\"potentialAction\":[{\"@type\":\"SearchAction\",\"target\":{\"@type\":\"EntryPoint\",\"urlTemplate\":\"https:\/\/avogel.fr\/blog\/?s={search_term_string}\"},\"query-input\":\"required name=search_term_string\"}],\"inLanguage\":\"fr-FR\"},{\"@type\":\"Person\",\"@id\":\"\",\"url\":\"https:\/\/avogel.fr\/blog\/author\/\"}]}<\/script>\n<!-- \/ Yoast SEO plugin. -->","yoast_head_json":{"title":"Astuces pour lutter contre la d\u00e9pression hivernale | A.Vogel","description":"Alors que l\u2019hiver pointe le bout de son nez, vous n\u2019avez pas le moral ? Lisez nos conseils pour lutter contre la d\u00e9pression hivernale !","robots":{"index":"index","follow":"follow","max-snippet":"max-snippet:-1","max-image-preview":"max-image-preview:large","max-video-preview":"max-video-preview:-1"},"canonical":"https:\/\/avogel.fr\/blog\/moral\/astuces-pour-lutter-contre-la-depression-hivernale\/","og_locale":"fr_FR","og_type":"article","og_title":"Astuces pour lutter contre la d\u00e9pression hivernale | A.Vogel","og_description":"Alors que l\u2019hiver pointe le bout de son nez, vous n\u2019avez pas le moral ? Lisez nos conseils pour lutter contre la d\u00e9pression hivernale !","og_url":"https:\/\/avogel.fr\/blog\/moral\/astuces-pour-lutter-contre-la-depression-hivernale\/","og_site_name":"A.Vogel - Compl\u00e9ments alimentaires naturels","article_published_time":"2015-11-17T08:00:16+00:00","article_modified_time":"2021-11-02T09:34:32+00:00","og_image":[{"width":1200,"height":627,"url":"https:\/\/avogel.fr\/blog\/wp-content\/uploads\/2015\/11\/astuces-lutter-depression-hivernale.jpg","type":"image\/jpeg"}],"twitter_card":"summary_large_image","twitter_misc":{"\u00c9crit par":"","Dur\u00e9e de lecture estim\u00e9e":"2 minutes"},"schema":{"@context":"https:\/\/schema.org","@graph":[{"@type":"WebPage","@id":"https:\/\/avogel.fr\/blog\/moral\/astuces-pour-lutter-contre-la-depression-hivernale\/","url":"https:\/\/avogel.fr\/blog\/moral\/astuces-pour-lutter-contre-la-depression-hivernale\/","name":"Astuces pour lutter contre la d\u00e9pression hivernale | A.Vogel","isPartOf":{"@id":"https:\/\/avogel.fr\/blog\/#website"},"datePublished":"2015-11-17T08:00:16+00:00","dateModified":"2021-11-02T09:34:32+00:00","author":{"@id":""},"description":"Alors que l\u2019hiver pointe le bout de son nez, vous n\u2019avez pas le moral ? Lisez nos conseils pour lutter contre la d\u00e9pression hivernale !","breadcrumb":{"@id":"https:\/\/avogel.fr\/blog\/moral\/astuces-pour-lutter-contre-la-depression-hivernale\/#breadcrumb"},"inLanguage":"fr-FR","potentialAction":[{"@type":"ReadAction","target":["https:\/\/avogel.fr\/blog\/moral\/astuces-pour-lutter-contre-la-depression-hivernale\/"]}]},{"@type":"BreadcrumbList","@id":"https:\/\/avogel.fr\/blog\/moral\/astuces-pour-lutter-contre-la-depression-hivernale\/#breadcrumb","itemListElement":[{"@type":"ListItem","position":1,"name":"Accueil","item":"https:\/\/avogel.fr\/blog\/"},{"@type":"ListItem","position":2,"name":"Astuces pour lutter contre la d\u00e9pression hivernale"}]},{"@type":"WebSite","@id":"https:\/\/avogel.fr\/blog\/#website","url":"https:\/\/avogel.fr\/blog\/","name":"A.Vogel - Compl\u00e9ments alimentaires naturels","description":"Retrouvez tous nos conseils pour rester naturellement fort - Compl\u00e9ments \u00e0 base de plantes fra\u00eeches biologiques","potentialAction":[{"@type":"SearchAction","target":{"@type":"EntryPoint","urlTemplate":"https:\/\/avogel.fr\/blog\/?s={search_term_string}"},"query-input":"required name=search_term_string"}],"inLanguage":"fr-FR"},{"@type":"Person","@id":"","url":"https:\/\/avogel.fr\/blog\/author\/"}]}},"_links":{"self":[{"href":"https:\/\/avogel.fr\/blog\/wp-json\/wp\/v2\/posts\/3740","targetHints":{"allow":["GET"]}}],"collection":[{"href":"https:\/\/avogel.fr\/blog\/wp-json\/wp\/v2\/posts"}],"about":[{"href":"https:\/\/avogel.fr\/blog\/wp-json\/wp\/v2\/types\/post"}],"author":[{"embeddable":true,"href":"https:\/\/avogel.fr\/blog\/wp-json\/wp\/v2\/users\/5"}],"replies":[{"embeddable":true,"href":"https:\/\/avogel.fr\/blog\/wp-json\/wp\/v2\/comments?post=3740"}],"version-history":[{"count":2,"href":"https:\/\/avogel.fr\/blog\/wp-json\/wp\/v2\/posts\/3740\/revisions"}],"predecessor-version":[{"id":6092,"href":"https:\/\/avogel.fr\/blog\/wp-json\/wp\/v2\/posts\/3740\/revisions\/6092"}],"wp:featuredmedia":[{"embeddable":true,"href":"https:\/\/avogel.fr\/blog\/wp-json\/wp\/v2\/media\/8769"}],"wp:attachment":[{"href":"https:\/\/avogel.fr\/blog\/wp-json\/wp\/v2\/media?parent=3740"}],"wp:term":[{"taxonomy":"category","embeddable":true,"href":"https:\/\/avogel.fr\/blog\/wp-json\/wp\/v2\/categories?post=3740"},{"taxonomy":"post_tag","embeddable":true,"href":"https:\/\/avogel.fr\/blog\/wp-json\/wp\/v2\/tags?post=3740"}],"curies":[{"name":"wp","href":"https:\/\/api.w.org\/{rel}","templated":true}]}}