{"id":3729,"date":"2015-11-10T09:00:21","date_gmt":"2015-11-10T08:00:21","guid":{"rendered":"http:\/\/www.avogel.fr\/blog\/?p=3729"},"modified":"2021-10-29T20:58:10","modified_gmt":"2021-10-29T18:58:10","slug":"troubles-du-sommeil-comment-y-remedier","status":"publish","type":"post","link":"https:\/\/avogel.fr\/blog\/sommeil\/troubles-du-sommeil-comment-y-remedier\/","title":{"rendered":"Troubles du sommeil : comment y rem\u00e9dier ?"},"content":{"rendered":"<p style=\"text-align: justify;\">De nombreuses personnes connaissent des probl\u00e8mes de sommeil tellement incommodants qu\u2019elles ont l\u2019impression de ne jamais avoir suffisamment dormi. Elles se r\u00e9veillent alors encore plus fatigu\u00e9es qu\u2019elles ne l\u2019\u00e9taient en allant dormir. Les causes de ces troubles sont nombreuses, mais heureusement, il existe\u00a0des solutions pour <strong>am\u00e9liorer la qualit\u00e9 du sommeil<\/strong>.<!--moredes solutions pour am\u00e9liorer la qualit\u00e9 du sommeil--><\/p>\n<h2 style=\"text-align: left;\">Causes des troubles du sommeil<\/h2>\n<p style=\"text-align: justify;\">Les troubles du sommeil se manifestent g\u00e9n\u00e9ralement lors d\u2019une <strong>p\u00e9riode de stress<\/strong> li\u00e9e \u00e0 un \u00e9v\u00e9nement tragique, \u00e0 un rythme de travail trop intensif, \u00e0 un changement important dans votre routine, etc. De m\u00eame, une mauvaise hygi\u00e8ne ou une prise de m\u00e9dicaments peuvent influencer d\u00e9favorablement votre sommeil. Avec un effet boule de neige souvent in\u00e9vitable\u2026<\/p>\n<h2 style=\"text-align: left;\">Pr\u00e9vention des risques d\u2019insomnie<\/h2>\n<p style=\"text-align: justify;\">Certaines mesures permettent de pr\u00e9venir les risques d\u2019insomnie. Tout commence par votre rythme de vie\u00a0: veillez \u00e0 d\u00e9finir des heures constantes de lever et de coucher, ainsi qu\u2019une <strong>routine particuli\u00e8re<\/strong> avant d\u2019aller dormir. \u00c9vitez d\u2019aller au lit juste apr\u00e8s une s\u00e9ance de sport, un repas copieux ou une activit\u00e9 intellectuelle intense. Il est essentiel d\u2019avoir l\u2019esprit serein avant de vous enfoncer dans votre lit.<\/p>\n<p style=\"text-align: justify;\"><img loading=\"lazy\" decoding=\"async\" class=\"alignnone wp-image-3731\" src=\"https:\/\/avogel.fr\/blog\/wp-content\/uploads\/2015\/11\/Conseils-pour-rem\u00e9dier-aux-troubles-du-sommeil-1.jpg\" alt=\"troubles du sommeil\" width=\"620\" height=\"411\" \/><\/p>\n<h2 style=\"text-align: left;\">Conseils pour faciliter l\u2019endormissement<\/h2>\n<p style=\"text-align: justify;\">Il existe plusieurs petites astuces pour faciliter l\u2019endormissement. Ainsi, le fait de prendre un bain chaud ou de vous a\u00e9rer l\u2019esprit environ une heure avant d\u2019aller dormir aide \u00e0 vous d\u00e9tendre et \u00e0 trouver plus rapidement le sommeil. De plus, <strong>changer d\u2019oreiller ou de matelas<\/strong> peut faire des miracles, surtout si vous vous retournez sans cesse pendant la nuit pour trouver la bonne position. Et si vous ne parvenez vraiment pas \u00e0 trouver le sommeil, mieux vaut vous lever et pratiquer une <strong>activit\u00e9 relaxante<\/strong> qui ne n\u00e9cessite pas trop de lumi\u00e8re. N\u2019h\u00e9sitez en tout cas pas \u00e0 parler de vos troubles du sommeil \u00e0 votre m\u00e9decin.<\/p>\n<h2 style=\"text-align: left;\">Solutions \u00e0 base de plantes<\/h2>\n<p style=\"text-align: justify;\">Les solutions \u00e0 base d\u2019<strong>extrait de plante fraiche <\/strong>(EPF) peuvent apaiser les personnes souffrant de troubles du sommeil. On peut citer les produits \u00e0 base de <a href=\"https:\/\/avogel.fr\/complements-alimentaires\/1018-745-epf-valeriane.html#\/24-contenance-50ml\">val\u00e9riane<\/a> ou de <a href=\"https:\/\/avogel.fr\/complements-alimentaires\/1013-740-epf-passiflore.html#\/24-contenance-50ml\">passiflore<\/a>, voire un <a href=\"https:\/\/avogel.fr\/complements-alimentaires\/1022-750-dormeasan.html#\/24-contenance-50ml\">complexe val\u00e9riane\/houblon<\/a>. Ceux-ci peuvent soulager efficacement les insomnies et les troubles de l&rsquo;endormissement.<\/p>\n<p><a href=\"https:\/\/avogel.fr\/12-complements-alimentaires?q=Besoin-Sommeil\"><img loading=\"lazy\" decoding=\"async\" class=\"alignnone wp-image-7640 size-full\" src=\"https:\/\/avogel.fr\/blog\/wp-content\/uploads\/2018\/05\/visuel-1.png\" alt=\"remede_naturel_insomnie\" width=\"1200\" height=\"600\" srcset=\"https:\/\/avogel.fr\/blog\/wp-content\/uploads\/2018\/05\/visuel-1.png 1200w, https:\/\/avogel.fr\/blog\/wp-content\/uploads\/2018\/05\/visuel-1-300x150.png 300w, https:\/\/avogel.fr\/blog\/wp-content\/uploads\/2018\/05\/visuel-1-768x384.png 768w, https:\/\/avogel.fr\/blog\/wp-content\/uploads\/2018\/05\/visuel-1-1024x512.png 1024w\" sizes=\"auto, (max-width: 1200px) 100vw, 1200px\" \/><\/a><\/p>\n","protected":false},"excerpt":{"rendered":"<p>De nombreuses personnes connaissent des probl\u00e8mes de sommeil tellement incommodants qu\u2019elles ont l\u2019impression de ne jamais avoir suffisamment dormi. Elles se r\u00e9veillent alors encore plus fatigu\u00e9es qu\u2019elles ne l\u2019\u00e9taient en allant dormir. Les causes de ces troubles sont nombreuses, mais heureusement, il existe\u00a0des solutions pour am\u00e9liorer la qualit\u00e9 du sommeil.<\/p>\n","protected":false},"author":5,"featured_media":8745,"comment_status":"open","ping_status":"open","sticky":false,"template":"","format":"standard","meta":{"_acf_changed":false,"footnotes":""},"categories":[1567],"tags":[],"class_list":["post-3729","post","type-post","status-publish","format-standard","has-post-thumbnail","hentry","category-sommeil"],"acf":[],"yoast_head":"<!-- This site is optimized with the Yoast SEO plugin v22.0 - https:\/\/yoast.com\/wordpress\/plugins\/seo\/ -->\n<title>Troubles du sommeil : comment y rem\u00e9dier ? | A.Vogel<\/title>\n<meta name=\"description\" content=\"Vous avez l\u2019impression de ne pas dormir suffisamment ? Les causes des troubles du sommeil sont nombreuses, mais heureusement, des solutions existent !\" \/>\n<meta name=\"robots\" content=\"index, follow, max-snippet:-1, max-image-preview:large, max-video-preview:-1\" \/>\n<link rel=\"canonical\" href=\"https:\/\/avogel.fr\/blog\/sommeil\/troubles-du-sommeil-comment-y-remedier\/\" \/>\n<meta property=\"og:locale\" content=\"fr_FR\" \/>\n<meta property=\"og:type\" content=\"article\" \/>\n<meta property=\"og:title\" content=\"Troubles du sommeil : comment y rem\u00e9dier ? | A.Vogel\" \/>\n<meta property=\"og:description\" content=\"Vous avez l\u2019impression de ne pas dormir suffisamment ? Les causes des troubles du sommeil sont nombreuses, mais heureusement, des solutions existent !\" \/>\n<meta property=\"og:url\" content=\"https:\/\/avogel.fr\/blog\/sommeil\/troubles-du-sommeil-comment-y-remedier\/\" \/>\n<meta property=\"og:site_name\" content=\"A.Vogel - Compl\u00e9ments alimentaires naturels\" \/>\n<meta property=\"article:published_time\" content=\"2015-11-10T08:00:21+00:00\" \/>\n<meta property=\"article:modified_time\" content=\"2021-10-29T18:58:10+00:00\" \/>\n<meta property=\"og:image\" content=\"https:\/\/avogel.fr\/blog\/wp-content\/uploads\/2015\/11\/comment-remedier-troubles-sommeil.jpg\" \/>\n\t<meta property=\"og:image:width\" content=\"1200\" \/>\n\t<meta property=\"og:image:height\" content=\"627\" \/>\n\t<meta property=\"og:image:type\" content=\"image\/jpeg\" \/>\n<meta name=\"twitter:card\" content=\"summary_large_image\" \/>\n<meta name=\"twitter:label1\" content=\"\u00c9crit par\" \/>\n\t<meta name=\"twitter:data1\" content=\"\" \/>\n\t<meta name=\"twitter:label2\" content=\"Dur\u00e9e de lecture estim\u00e9e\" \/>\n\t<meta name=\"twitter:data2\" content=\"2 minutes\" \/>\n<script type=\"application\/ld+json\" class=\"yoast-schema-graph\">{\"@context\":\"https:\/\/schema.org\",\"@graph\":[{\"@type\":\"WebPage\",\"@id\":\"https:\/\/avogel.fr\/blog\/sommeil\/troubles-du-sommeil-comment-y-remedier\/\",\"url\":\"https:\/\/avogel.fr\/blog\/sommeil\/troubles-du-sommeil-comment-y-remedier\/\",\"name\":\"Troubles du sommeil : comment y rem\u00e9dier ? | A.Vogel\",\"isPartOf\":{\"@id\":\"https:\/\/avogel.fr\/blog\/#website\"},\"datePublished\":\"2015-11-10T08:00:21+00:00\",\"dateModified\":\"2021-10-29T18:58:10+00:00\",\"author\":{\"@id\":\"\"},\"description\":\"Vous avez l\u2019impression de ne pas dormir suffisamment ? Les causes des troubles du sommeil sont nombreuses, mais heureusement, des solutions existent !\",\"breadcrumb\":{\"@id\":\"https:\/\/avogel.fr\/blog\/sommeil\/troubles-du-sommeil-comment-y-remedier\/#breadcrumb\"},\"inLanguage\":\"fr-FR\",\"potentialAction\":[{\"@type\":\"ReadAction\",\"target\":[\"https:\/\/avogel.fr\/blog\/sommeil\/troubles-du-sommeil-comment-y-remedier\/\"]}]},{\"@type\":\"BreadcrumbList\",\"@id\":\"https:\/\/avogel.fr\/blog\/sommeil\/troubles-du-sommeil-comment-y-remedier\/#breadcrumb\",\"itemListElement\":[{\"@type\":\"ListItem\",\"position\":1,\"name\":\"Accueil\",\"item\":\"https:\/\/avogel.fr\/blog\/\"},{\"@type\":\"ListItem\",\"position\":2,\"name\":\"Troubles du sommeil : comment y rem\u00e9dier ?\"}]},{\"@type\":\"WebSite\",\"@id\":\"https:\/\/avogel.fr\/blog\/#website\",\"url\":\"https:\/\/avogel.fr\/blog\/\",\"name\":\"A.Vogel - Compl\u00e9ments alimentaires naturels\",\"description\":\"Retrouvez tous nos conseils pour rester naturellement fort - Compl\u00e9ments \u00e0 base de plantes fra\u00eeches biologiques\",\"potentialAction\":[{\"@type\":\"SearchAction\",\"target\":{\"@type\":\"EntryPoint\",\"urlTemplate\":\"https:\/\/avogel.fr\/blog\/?s={search_term_string}\"},\"query-input\":\"required name=search_term_string\"}],\"inLanguage\":\"fr-FR\"},{\"@type\":\"Person\",\"@id\":\"\",\"url\":\"https:\/\/avogel.fr\/blog\/author\/\"}]}<\/script>\n<!-- \/ Yoast SEO plugin. -->","yoast_head_json":{"title":"Troubles du sommeil : comment y rem\u00e9dier ? | A.Vogel","description":"Vous avez l\u2019impression de ne pas dormir suffisamment ? Les causes des troubles du sommeil sont nombreuses, mais heureusement, des solutions existent !","robots":{"index":"index","follow":"follow","max-snippet":"max-snippet:-1","max-image-preview":"max-image-preview:large","max-video-preview":"max-video-preview:-1"},"canonical":"https:\/\/avogel.fr\/blog\/sommeil\/troubles-du-sommeil-comment-y-remedier\/","og_locale":"fr_FR","og_type":"article","og_title":"Troubles du sommeil : comment y rem\u00e9dier ? | A.Vogel","og_description":"Vous avez l\u2019impression de ne pas dormir suffisamment ? Les causes des troubles du sommeil sont nombreuses, mais heureusement, des solutions existent !","og_url":"https:\/\/avogel.fr\/blog\/sommeil\/troubles-du-sommeil-comment-y-remedier\/","og_site_name":"A.Vogel - Compl\u00e9ments alimentaires naturels","article_published_time":"2015-11-10T08:00:21+00:00","article_modified_time":"2021-10-29T18:58:10+00:00","og_image":[{"width":1200,"height":627,"url":"https:\/\/avogel.fr\/blog\/wp-content\/uploads\/2015\/11\/comment-remedier-troubles-sommeil.jpg","type":"image\/jpeg"}],"twitter_card":"summary_large_image","twitter_misc":{"\u00c9crit par":"","Dur\u00e9e de lecture estim\u00e9e":"2 minutes"},"schema":{"@context":"https:\/\/schema.org","@graph":[{"@type":"WebPage","@id":"https:\/\/avogel.fr\/blog\/sommeil\/troubles-du-sommeil-comment-y-remedier\/","url":"https:\/\/avogel.fr\/blog\/sommeil\/troubles-du-sommeil-comment-y-remedier\/","name":"Troubles du sommeil : comment y rem\u00e9dier ? | A.Vogel","isPartOf":{"@id":"https:\/\/avogel.fr\/blog\/#website"},"datePublished":"2015-11-10T08:00:21+00:00","dateModified":"2021-10-29T18:58:10+00:00","author":{"@id":""},"description":"Vous avez l\u2019impression de ne pas dormir suffisamment ? Les causes des troubles du sommeil sont nombreuses, mais heureusement, des solutions existent !","breadcrumb":{"@id":"https:\/\/avogel.fr\/blog\/sommeil\/troubles-du-sommeil-comment-y-remedier\/#breadcrumb"},"inLanguage":"fr-FR","potentialAction":[{"@type":"ReadAction","target":["https:\/\/avogel.fr\/blog\/sommeil\/troubles-du-sommeil-comment-y-remedier\/"]}]},{"@type":"BreadcrumbList","@id":"https:\/\/avogel.fr\/blog\/sommeil\/troubles-du-sommeil-comment-y-remedier\/#breadcrumb","itemListElement":[{"@type":"ListItem","position":1,"name":"Accueil","item":"https:\/\/avogel.fr\/blog\/"},{"@type":"ListItem","position":2,"name":"Troubles du sommeil : comment y rem\u00e9dier ?"}]},{"@type":"WebSite","@id":"https:\/\/avogel.fr\/blog\/#website","url":"https:\/\/avogel.fr\/blog\/","name":"A.Vogel - Compl\u00e9ments alimentaires naturels","description":"Retrouvez tous nos conseils pour rester naturellement fort - Compl\u00e9ments \u00e0 base de plantes fra\u00eeches biologiques","potentialAction":[{"@type":"SearchAction","target":{"@type":"EntryPoint","urlTemplate":"https:\/\/avogel.fr\/blog\/?s={search_term_string}"},"query-input":"required name=search_term_string"}],"inLanguage":"fr-FR"},{"@type":"Person","@id":"","url":"https:\/\/avogel.fr\/blog\/author\/"}]}},"_links":{"self":[{"href":"https:\/\/avogel.fr\/blog\/wp-json\/wp\/v2\/posts\/3729","targetHints":{"allow":["GET"]}}],"collection":[{"href":"https:\/\/avogel.fr\/blog\/wp-json\/wp\/v2\/posts"}],"about":[{"href":"https:\/\/avogel.fr\/blog\/wp-json\/wp\/v2\/types\/post"}],"author":[{"embeddable":true,"href":"https:\/\/avogel.fr\/blog\/wp-json\/wp\/v2\/users\/5"}],"replies":[{"embeddable":true,"href":"https:\/\/avogel.fr\/blog\/wp-json\/wp\/v2\/comments?post=3729"}],"version-history":[{"count":5,"href":"https:\/\/avogel.fr\/blog\/wp-json\/wp\/v2\/posts\/3729\/revisions"}],"predecessor-version":[{"id":8138,"href":"https:\/\/avogel.fr\/blog\/wp-json\/wp\/v2\/posts\/3729\/revisions\/8138"}],"wp:featuredmedia":[{"embeddable":true,"href":"https:\/\/avogel.fr\/blog\/wp-json\/wp\/v2\/media\/8745"}],"wp:attachment":[{"href":"https:\/\/avogel.fr\/blog\/wp-json\/wp\/v2\/media?parent=3729"}],"wp:term":[{"taxonomy":"category","embeddable":true,"href":"https:\/\/avogel.fr\/blog\/wp-json\/wp\/v2\/categories?post=3729"},{"taxonomy":"post_tag","embeddable":true,"href":"https:\/\/avogel.fr\/blog\/wp-json\/wp\/v2\/tags?post=3729"}],"curies":[{"name":"wp","href":"https:\/\/api.w.org\/{rel}","templated":true}]}}