{"id":3690,"date":"2015-10-08T09:00:19","date_gmt":"2015-10-08T07:00:19","guid":{"rendered":"http:\/\/www.avogel.fr\/blog\/?p=3690"},"modified":"2021-10-28T09:30:06","modified_gmt":"2021-10-28T07:30:06","slug":"quels-fruits-et-legumes-de-saison-consommer-en-automne-et-en-hiver","status":"publish","type":"post","link":"https:\/\/avogel.fr\/blog\/epicerie\/quels-fruits-et-legumes-de-saison-consommer-en-automne-et-en-hiver\/","title":{"rendered":"Quels fruits et l\u00e9gumes de saison consommer en automne et en hiver ?"},"content":{"rendered":"<p style=\"text-align: justify;\">Nous le savons tous\u00a0: mieux vaut manger des fruits et l\u00e9gumes locaux et de saison. Ce conseil est relativement simple \u00e0 suivre au printemps et en automne, tant l\u2019\u00e9tal des mara\u00eechers d\u00e9borde de propositions all\u00e9chantes. Mais \u00e0 partir d\u2019octobre, nous sommes nombreux \u00e0 manquer d\u2019id\u00e9es. Pourtant, les mois sombres et froids nous r\u00e9servent aussi quelques surprises au rayon <strong>fruits et l\u00e9gumes de saison<\/strong>.<!--moreFaire honneur aux saveurs de saison--><\/p>\n<h2 style=\"text-align: left;\">Faire honneur aux saveurs de saison<\/h2>\n<p style=\"text-align: justify;\">Saviez-vous que les l\u00e9gumes de saison sont faits pour s\u2019accorder\u00a0? Chaque saison nous apporte une <strong>vingtaine de produits \u00e0 associer<\/strong>. Le secret\u00a0? Trouver des recettes all\u00e9chantes qui vous feront red\u00e9couvrir le produit autrement. Le chou de Bruxelles peut-\u00eatre mieux cuisin\u00e9 que celui que vous mangiez \u00e0 la cantine\u00a0!<\/p>\n<h2 style=\"text-align: left;\">Les bienfaits des fruits et l\u00e9gumes de saison<\/h2>\n<p style=\"text-align: justify;\">Pourquoi manger des fruits et l\u00e9gumes de saison\u00a0? Tout simplement parce qu\u2019ils r\u00e9pondent \u00e0 nos besoins nutritionnels du moment. En hiver, nous manquons de soleil et notre corps r\u00e9clame plus de <strong>nutriments<\/strong>. Les fruits et l\u00e9gumes de cette saison sont riches en min\u00e9raux et vitamine C\u00a0!<\/p>\n<h2 style=\"text-align: left;\">Calendrier des fruits<\/h2>\n<p style=\"text-align: justify;\"><strong>Octobre\u00a0:<\/strong> banane, ch\u00e2taigne, citron, figue, raisin, prune, pomme, poire, noix, noisette, groseille, kiwi, mandarine, m\u00fbre, n\u00e8fle<\/p>\n<p style=\"text-align: justify;\"><strong>Novembre\u00a0:<\/strong> grenade, orange, datte, pamplemousse, poire, pomme, cl\u00e9mentine, datte<\/p>\n<p style=\"text-align: justify;\"><strong>D\u00e9cembre\u00a0:<\/strong> kiwi, litchi, orange, poire, pomme, banane, datte, marron, pamplemousse, orange<\/p>\n<p style=\"text-align: justify;\"><strong>Janvier\u00a0:<\/strong> pomme, poire, cl\u00e9mentine, banane, mandarine, cl\u00e9mentine, datte, orange, pamplemousse<\/p>\n<p style=\"text-align: justify;\"><img loading=\"lazy\" decoding=\"async\" class=\"alignnone wp-image-3695\" src=\"https:\/\/avogel.fr\/blog\/wp-content\/uploads\/2015\/11\/Quels-fruits-et-l\u00e9gumes-de-saison-consommer-en-automne-et-en-hiver-2.jpg\" alt=\"Fruits et l\u00e9gumes de saison\" width=\"620\" height=\"413\" \/><\/p>\n<h2 style=\"text-align: left;\">Calendrier des l\u00e9gumes<\/h2>\n<p style=\"text-align: justify;\"><strong>Octobre\u00a0:<\/strong> potiron, panais, fenouil, betterave, bette, betterave rouge, brocoli, carotte, c\u00e9leri, \u00e9pinard, potimarron<\/p>\n<p style=\"text-align: justify;\"><strong>Novembre\u00a0: <\/strong>carotte, c\u00e9leri, citrouille, courge, endive, \u00e9pinard, poireau, oignon, potimarron, chou rouge, topinambour<\/p>\n<p style=\"text-align: justify;\"><strong>D\u00e9cembre\u00a0:<\/strong> courge, citrouille, c\u00e9leri, carotte, panais, poireau, citrouille, courge, chou blanc, chou fris\u00e9, chou chinois, pomme de terre<\/p>\n<p style=\"text-align: justify;\"><strong>Janvier\u00a0:<\/strong> carotte, c\u00e9leri, chou blanc, chou de Bruxelles, Chou fris\u00e9, endive, m\u00e2che, oignon, poireau, topinambour, salsifis, pomme de terre<\/p>\n<p style=\"text-align: justify;\"><em>Les calendriers ci-dessus ne contiennent pas que des fruits et l\u00e9gumes locaux, mais tous sont de saison. De nombreux fruits et l\u00e9gumes sont r\u00e9colt\u00e9s toute la saison d\u2019hiver et peuvent \u00eatre mang\u00e9s invariablement de septembre \u00e0 f\u00e9vrier.<\/em><\/p>\n","protected":false},"excerpt":{"rendered":"<p>Nous le savons tous\u00a0: mieux vaut manger des fruits et l\u00e9gumes locaux et de saison. Ce conseil est relativement simple \u00e0 suivre au printemps et en automne, tant l\u2019\u00e9tal des mara\u00eechers d\u00e9borde de propositions all\u00e9chantes. Mais \u00e0 partir d\u2019octobre, nous sommes nombreux \u00e0 manquer d\u2019id\u00e9es. Pourtant, les mois sombres et froids nous r\u00e9servent aussi quelques [&hellip;]<\/p>\n","protected":false},"author":5,"featured_media":8585,"comment_status":"open","ping_status":"open","sticky":false,"template":"","format":"standard","meta":{"_acf_changed":false,"footnotes":""},"categories":[1563],"tags":[],"class_list":["post-3690","post","type-post","status-publish","format-standard","has-post-thumbnail","hentry","category-epicerie"],"acf":[],"yoast_head":"<!-- This site is optimized with the Yoast SEO plugin v22.0 - https:\/\/yoast.com\/wordpress\/plugins\/seo\/ -->\n<title>Quels fruits et l\u00e9gumes de saison consommer en automne et en hiver?<\/title>\n<meta name=\"description\" content=\"En automne et en hiver aussi, l&#039;offre des fruits et l\u00e9gumes de saison est attrayante. De plus, ils r\u00e9pondent \u00e0 nos besoins nutritionnels du moment.\" \/>\n<meta name=\"robots\" content=\"index, follow, max-snippet:-1, max-image-preview:large, max-video-preview:-1\" \/>\n<link rel=\"canonical\" href=\"https:\/\/avogel.fr\/blog\/epicerie\/quels-fruits-et-legumes-de-saison-consommer-en-automne-et-en-hiver\/\" \/>\n<meta property=\"og:locale\" content=\"fr_FR\" \/>\n<meta property=\"og:type\" content=\"article\" \/>\n<meta property=\"og:title\" content=\"Quels fruits et l\u00e9gumes de saison consommer en automne et en hiver?\" \/>\n<meta property=\"og:description\" content=\"En automne et en hiver aussi, l&#039;offre des fruits et l\u00e9gumes de saison est attrayante. De plus, ils r\u00e9pondent \u00e0 nos besoins nutritionnels du moment.\" \/>\n<meta property=\"og:url\" content=\"https:\/\/avogel.fr\/blog\/epicerie\/quels-fruits-et-legumes-de-saison-consommer-en-automne-et-en-hiver\/\" \/>\n<meta property=\"og:site_name\" content=\"A.Vogel - Compl\u00e9ments alimentaires naturels\" \/>\n<meta property=\"article:published_time\" content=\"2015-10-08T07:00:19+00:00\" \/>\n<meta property=\"article:modified_time\" content=\"2021-10-28T07:30:06+00:00\" \/>\n<meta property=\"og:image\" content=\"https:\/\/avogel.fr\/blog\/wp-content\/uploads\/2015\/10\/fruits-legumes-saison-automne-hiver.jpg\" \/>\n\t<meta property=\"og:image:width\" content=\"1200\" \/>\n\t<meta property=\"og:image:height\" content=\"627\" \/>\n\t<meta property=\"og:image:type\" content=\"image\/jpeg\" \/>\n<meta name=\"twitter:card\" content=\"summary_large_image\" \/>\n<meta name=\"twitter:label1\" content=\"\u00c9crit par\" \/>\n\t<meta name=\"twitter:data1\" content=\"\" \/>\n\t<meta name=\"twitter:label2\" content=\"Dur\u00e9e de lecture estim\u00e9e\" \/>\n\t<meta name=\"twitter:data2\" content=\"2 minutes\" \/>\n<script type=\"application\/ld+json\" class=\"yoast-schema-graph\">{\"@context\":\"https:\/\/schema.org\",\"@graph\":[{\"@type\":\"WebPage\",\"@id\":\"https:\/\/avogel.fr\/blog\/epicerie\/quels-fruits-et-legumes-de-saison-consommer-en-automne-et-en-hiver\/\",\"url\":\"https:\/\/avogel.fr\/blog\/epicerie\/quels-fruits-et-legumes-de-saison-consommer-en-automne-et-en-hiver\/\",\"name\":\"Quels fruits et l\u00e9gumes de saison consommer en automne et en hiver?\",\"isPartOf\":{\"@id\":\"https:\/\/avogel.fr\/blog\/#website\"},\"datePublished\":\"2015-10-08T07:00:19+00:00\",\"dateModified\":\"2021-10-28T07:30:06+00:00\",\"author\":{\"@id\":\"\"},\"description\":\"En automne et en hiver aussi, l'offre des fruits et l\u00e9gumes de saison est attrayante. De plus, ils r\u00e9pondent \u00e0 nos besoins nutritionnels du moment.\",\"breadcrumb\":{\"@id\":\"https:\/\/avogel.fr\/blog\/epicerie\/quels-fruits-et-legumes-de-saison-consommer-en-automne-et-en-hiver\/#breadcrumb\"},\"inLanguage\":\"fr-FR\",\"potentialAction\":[{\"@type\":\"ReadAction\",\"target\":[\"https:\/\/avogel.fr\/blog\/epicerie\/quels-fruits-et-legumes-de-saison-consommer-en-automne-et-en-hiver\/\"]}]},{\"@type\":\"BreadcrumbList\",\"@id\":\"https:\/\/avogel.fr\/blog\/epicerie\/quels-fruits-et-legumes-de-saison-consommer-en-automne-et-en-hiver\/#breadcrumb\",\"itemListElement\":[{\"@type\":\"ListItem\",\"position\":1,\"name\":\"Accueil\",\"item\":\"https:\/\/avogel.fr\/blog\/\"},{\"@type\":\"ListItem\",\"position\":2,\"name\":\"Quels fruits et l\u00e9gumes de saison consommer en automne et en hiver ?\"}]},{\"@type\":\"WebSite\",\"@id\":\"https:\/\/avogel.fr\/blog\/#website\",\"url\":\"https:\/\/avogel.fr\/blog\/\",\"name\":\"A.Vogel - Compl\u00e9ments alimentaires naturels\",\"description\":\"Retrouvez tous nos conseils pour rester naturellement fort - Compl\u00e9ments \u00e0 base de plantes fra\u00eeches biologiques\",\"potentialAction\":[{\"@type\":\"SearchAction\",\"target\":{\"@type\":\"EntryPoint\",\"urlTemplate\":\"https:\/\/avogel.fr\/blog\/?s={search_term_string}\"},\"query-input\":\"required name=search_term_string\"}],\"inLanguage\":\"fr-FR\"},{\"@type\":\"Person\",\"@id\":\"\",\"url\":\"https:\/\/avogel.fr\/blog\/author\/\"}]}<\/script>\n<!-- \/ Yoast SEO plugin. -->","yoast_head_json":{"title":"Quels fruits et l\u00e9gumes de saison consommer en automne et en hiver?","description":"En automne et en hiver aussi, l'offre des fruits et l\u00e9gumes de saison est attrayante. De plus, ils r\u00e9pondent \u00e0 nos besoins nutritionnels du moment.","robots":{"index":"index","follow":"follow","max-snippet":"max-snippet:-1","max-image-preview":"max-image-preview:large","max-video-preview":"max-video-preview:-1"},"canonical":"https:\/\/avogel.fr\/blog\/epicerie\/quels-fruits-et-legumes-de-saison-consommer-en-automne-et-en-hiver\/","og_locale":"fr_FR","og_type":"article","og_title":"Quels fruits et l\u00e9gumes de saison consommer en automne et en hiver?","og_description":"En automne et en hiver aussi, l'offre des fruits et l\u00e9gumes de saison est attrayante. De plus, ils r\u00e9pondent \u00e0 nos besoins nutritionnels du moment.","og_url":"https:\/\/avogel.fr\/blog\/epicerie\/quels-fruits-et-legumes-de-saison-consommer-en-automne-et-en-hiver\/","og_site_name":"A.Vogel - Compl\u00e9ments alimentaires naturels","article_published_time":"2015-10-08T07:00:19+00:00","article_modified_time":"2021-10-28T07:30:06+00:00","og_image":[{"width":1200,"height":627,"url":"https:\/\/avogel.fr\/blog\/wp-content\/uploads\/2015\/10\/fruits-legumes-saison-automne-hiver.jpg","type":"image\/jpeg"}],"twitter_card":"summary_large_image","twitter_misc":{"\u00c9crit par":"","Dur\u00e9e de lecture estim\u00e9e":"2 minutes"},"schema":{"@context":"https:\/\/schema.org","@graph":[{"@type":"WebPage","@id":"https:\/\/avogel.fr\/blog\/epicerie\/quels-fruits-et-legumes-de-saison-consommer-en-automne-et-en-hiver\/","url":"https:\/\/avogel.fr\/blog\/epicerie\/quels-fruits-et-legumes-de-saison-consommer-en-automne-et-en-hiver\/","name":"Quels fruits et l\u00e9gumes de saison consommer en automne et en hiver?","isPartOf":{"@id":"https:\/\/avogel.fr\/blog\/#website"},"datePublished":"2015-10-08T07:00:19+00:00","dateModified":"2021-10-28T07:30:06+00:00","author":{"@id":""},"description":"En automne et en hiver aussi, l'offre des fruits et l\u00e9gumes de saison est attrayante. De plus, ils r\u00e9pondent \u00e0 nos besoins nutritionnels du moment.","breadcrumb":{"@id":"https:\/\/avogel.fr\/blog\/epicerie\/quels-fruits-et-legumes-de-saison-consommer-en-automne-et-en-hiver\/#breadcrumb"},"inLanguage":"fr-FR","potentialAction":[{"@type":"ReadAction","target":["https:\/\/avogel.fr\/blog\/epicerie\/quels-fruits-et-legumes-de-saison-consommer-en-automne-et-en-hiver\/"]}]},{"@type":"BreadcrumbList","@id":"https:\/\/avogel.fr\/blog\/epicerie\/quels-fruits-et-legumes-de-saison-consommer-en-automne-et-en-hiver\/#breadcrumb","itemListElement":[{"@type":"ListItem","position":1,"name":"Accueil","item":"https:\/\/avogel.fr\/blog\/"},{"@type":"ListItem","position":2,"name":"Quels fruits et l\u00e9gumes de saison consommer en automne et en hiver ?"}]},{"@type":"WebSite","@id":"https:\/\/avogel.fr\/blog\/#website","url":"https:\/\/avogel.fr\/blog\/","name":"A.Vogel - Compl\u00e9ments alimentaires naturels","description":"Retrouvez tous nos conseils pour rester naturellement fort - Compl\u00e9ments \u00e0 base de plantes fra\u00eeches biologiques","potentialAction":[{"@type":"SearchAction","target":{"@type":"EntryPoint","urlTemplate":"https:\/\/avogel.fr\/blog\/?s={search_term_string}"},"query-input":"required name=search_term_string"}],"inLanguage":"fr-FR"},{"@type":"Person","@id":"","url":"https:\/\/avogel.fr\/blog\/author\/"}]}},"_links":{"self":[{"href":"https:\/\/avogel.fr\/blog\/wp-json\/wp\/v2\/posts\/3690","targetHints":{"allow":["GET"]}}],"collection":[{"href":"https:\/\/avogel.fr\/blog\/wp-json\/wp\/v2\/posts"}],"about":[{"href":"https:\/\/avogel.fr\/blog\/wp-json\/wp\/v2\/types\/post"}],"author":[{"embeddable":true,"href":"https:\/\/avogel.fr\/blog\/wp-json\/wp\/v2\/users\/5"}],"replies":[{"embeddable":true,"href":"https:\/\/avogel.fr\/blog\/wp-json\/wp\/v2\/comments?post=3690"}],"version-history":[{"count":2,"href":"https:\/\/avogel.fr\/blog\/wp-json\/wp\/v2\/posts\/3690\/revisions"}],"predecessor-version":[{"id":6450,"href":"https:\/\/avogel.fr\/blog\/wp-json\/wp\/v2\/posts\/3690\/revisions\/6450"}],"wp:featuredmedia":[{"embeddable":true,"href":"https:\/\/avogel.fr\/blog\/wp-json\/wp\/v2\/media\/8585"}],"wp:attachment":[{"href":"https:\/\/avogel.fr\/blog\/wp-json\/wp\/v2\/media?parent=3690"}],"wp:term":[{"taxonomy":"category","embeddable":true,"href":"https:\/\/avogel.fr\/blog\/wp-json\/wp\/v2\/categories?post=3690"},{"taxonomy":"post_tag","embeddable":true,"href":"https:\/\/avogel.fr\/blog\/wp-json\/wp\/v2\/tags?post=3690"}],"curies":[{"name":"wp","href":"https:\/\/api.w.org\/{rel}","templated":true}]}}