{"id":3674,"date":"2015-09-29T09:00:14","date_gmt":"2015-09-29T07:00:14","guid":{"rendered":"http:\/\/www.avogel.fr\/blog\/?p=3674"},"modified":"2021-10-29T08:36:53","modified_gmt":"2021-10-29T06:36:53","slug":"le-strath-un-tonifiant-naturel","status":"publish","type":"post","link":"https:\/\/avogel.fr\/blog\/vitamines-et-tonus\/le-strath-un-tonifiant-naturel\/","title":{"rendered":"Le Strath\u00ae, un tonifiant naturel"},"content":{"rendered":"<p>La vie ne nous laisse souvent aucun r\u00e9pit. Entre travail, trajets et obligations vari\u00e9es, nous sommes nombreux \u00e0 nous retrouver sur les rotules, et ce, \u00e0 tous les \u00e2ges ! La fatigue s\u2019insinue et constitue un v\u00e9ritable cercle vicieux, puisque nous prenons alors plus de temps pour r\u00e9aliser nos t\u00e2ches quotidiennes, ce qui nous fatigue encore plus. Au programme : irritabilit\u00e9, manque de concentration et <strong>immunit\u00e9 faible<\/strong>. <!--moreQue faire ?-->Que faire ?<\/p>\n<h2>Le Strath<sup>\u00ae<\/sup>, un alli\u00e9 pour se sentir mieux<\/h2>\n<p>Le strath<sup>\u00ae<\/sup> est un rem\u00e8de encore peu connu en France, mais qui est commercialis\u00e9 depuis 1961. Il permet de maintenir l\u2019organisme en forme en facilitant <strong>l\u2019assimilation des substances vitales<\/strong> et des nutriments indispensables \u00e0 notre organisme. Le strath<sup>\u00ae<\/sup> donne de l\u2019\u00e9nergie et r\u00e9duit le sentiment de fatigue.<\/p>\n<h2>Que contient un comprim\u00e9 de Strath<sup>\u00ae<\/sup>?<\/h2>\n<p>La formule du Strath<sup>\u00ae<\/sup> n\u2019a rien d\u2019artificiel. Il s\u2019agit d\u2019un m\u00e9lange de plantes m\u00e9dicinales (camomille, basilic, raifort, ang\u00e9lique, m\u00e9lisse, cannelle, carvi, sureau noir, fenouil, lavande, hysope, r\u00e9glisse, menthe poivr\u00e9e, persil, sauge, thym etc &#8230;) associ\u00e9 \u00e0 de la <strong>levure v\u00e9g\u00e9tale<\/strong>. C\u2019est cette association qui rend <a href=\"https:\/\/avogel.fr\/complements-alimentaires\/1045-774-strath-comprimes.html#\/12-contenance-250ml\">le Strath<sup>\u00ae<\/sup><\/a> unique en son genre et d\u2019une grande efficacit\u00e9. En effet, elle rend les nutriments de toutes les plantes parfaitement assimilables par l\u2019organisme.<\/p>\n<p><a href=\"https:\/\/avogel.fr\/complements-alimentaires\/1044-773-strath-sirop.html#\/39-contenance-100_comprimes_50g\" target=\"_blank\" rel=\"noopener\">Le Strath<sup>\u00ae<\/sup><\/a> contient vitamines, acides amin\u00e9s, min\u00e9raux et oligo-\u00e9l\u00e9ments. En revanche, il ne contient pas de sucre et est exempt d\u2019OGM. La pr\u00e9paration liquide contient du gluten, les comprim\u00e9s n\u2019en contiennent pas.<\/p>\n<p><a href=\"https:\/\/avogel.fr\/blog\/wp-content\/uploads\/2015\/09\/Le-Strath\u00ae-un-tonifiant-naturel-1.jpg\"><img loading=\"lazy\" decoding=\"async\" class=\"alignnone wp-image-3678\" src=\"https:\/\/avogel.fr\/blog\/wp-content\/uploads\/2015\/09\/Le-Strath\u00ae-un-tonifiant-naturel-1.jpg\" alt=\"Le Strath\u00ae, un tonifiant naturel\" width=\"615\" height=\"452\" \/><\/a><\/p>\n<h2>Qui peut consommer du Strath<sup>\u00ae<\/sup>?<\/h2>\n<p>Tant les enfants que les sportifs, les femmes enceintes que les <strong>seniors<\/strong>, peuvent consommer le Strath<sup>\u00ae<\/sup>. Ils convient aussi aux v\u00e9g\u00e9taliens et aux personnes souffrant de la maladie c\u0153liaque. En p\u00e9riode d\u2019<strong>examens<\/strong>, de surmenage, ou tout simplement au quotidien, le Strath\u00ae contribue \u00e0 mieux faire face aux tracas de la vie. Un traitement de deux \u00e0 trois mois est recommand\u00e9, mais ses effets peuvent d\u00e9j\u00e0 se faire sentir apr\u00e8s quelques jours.<\/p>\n<h2>Les autres habitudes \u00e0 prendre pour aller mieux<\/h2>\n<p>Vous \u00eates fatigu\u00e9 ? Reprenez quelques bonnes habitudes : consommez plus de l\u00e9gumes et fruits frais de saison et marchez (ou pratiquez toute autre <strong>activit\u00e9 physique<\/strong>) autant que possible. En compl\u00e9ment de votre traitement Strath<sup>\u00ae<\/sup>, vous devriez progressivement retrouver plus d\u2019entrain !<\/p>\n","protected":false},"excerpt":{"rendered":"<p>La vie ne nous laisse souvent aucun r\u00e9pit. Entre travail, trajets et obligations vari\u00e9es, nous sommes nombreux \u00e0 nous retrouver sur les rotules, et ce, \u00e0 tous les \u00e2ges ! La fatigue s\u2019insinue et constitue un v\u00e9ritable cercle vicieux, puisque nous prenons alors plus de temps pour r\u00e9aliser nos t\u00e2ches quotidiennes, ce qui nous fatigue [&hellip;]<\/p>\n","protected":false},"author":5,"featured_media":8601,"comment_status":"open","ping_status":"open","sticky":false,"template":"","format":"standard","meta":{"_acf_changed":false,"footnotes":""},"categories":[1570],"tags":[],"class_list":["post-3674","post","type-post","status-publish","format-standard","has-post-thumbnail","hentry","category-vitamines-et-tonus"],"acf":[],"yoast_head":"<!-- This site is optimized with the Yoast SEO plugin v22.0 - https:\/\/yoast.com\/wordpress\/plugins\/seo\/ -->\n<title>Le Strath\u00ae, un tonifiant naturel | A.Vogel<\/title>\n<meta name=\"description\" content=\"La fatigue a envahi votre quotidien? Retrouvez votre allant avec Strath\u00ae, un compl\u00e9ment alimentaire naturel qui associe levure v\u00e9g\u00e9tale et plantes.\" \/>\n<meta name=\"robots\" content=\"index, follow, max-snippet:-1, max-image-preview:large, max-video-preview:-1\" \/>\n<link rel=\"canonical\" href=\"https:\/\/avogel.fr\/blog\/vitamines-et-tonus\/le-strath-un-tonifiant-naturel\/\" \/>\n<meta property=\"og:locale\" content=\"fr_FR\" \/>\n<meta property=\"og:type\" content=\"article\" \/>\n<meta property=\"og:title\" content=\"Le Strath\u00ae, un tonifiant naturel | A.Vogel\" \/>\n<meta property=\"og:description\" content=\"La fatigue a envahi votre quotidien? Retrouvez votre allant avec Strath\u00ae, un compl\u00e9ment alimentaire naturel qui associe levure v\u00e9g\u00e9tale et plantes.\" \/>\n<meta property=\"og:url\" content=\"https:\/\/avogel.fr\/blog\/vitamines-et-tonus\/le-strath-un-tonifiant-naturel\/\" \/>\n<meta property=\"og:site_name\" content=\"A.Vogel - Compl\u00e9ments alimentaires naturels\" \/>\n<meta property=\"article:published_time\" content=\"2015-09-29T07:00:14+00:00\" \/>\n<meta property=\"article:modified_time\" content=\"2021-10-29T06:36:53+00:00\" \/>\n<meta property=\"og:image\" content=\"https:\/\/avogel.fr\/blog\/wp-content\/uploads\/2015\/09\/strath-tonifiant-naturel.jpg\" \/>\n\t<meta property=\"og:image:width\" content=\"1200\" \/>\n\t<meta property=\"og:image:height\" content=\"627\" \/>\n\t<meta property=\"og:image:type\" content=\"image\/jpeg\" \/>\n<meta name=\"twitter:card\" content=\"summary_large_image\" \/>\n<meta name=\"twitter:label1\" content=\"\u00c9crit par\" \/>\n\t<meta name=\"twitter:data1\" content=\"\" \/>\n\t<meta name=\"twitter:label2\" content=\"Dur\u00e9e de lecture estim\u00e9e\" \/>\n\t<meta name=\"twitter:data2\" content=\"2 minutes\" \/>\n<script type=\"application\/ld+json\" class=\"yoast-schema-graph\">{\"@context\":\"https:\/\/schema.org\",\"@graph\":[{\"@type\":\"WebPage\",\"@id\":\"https:\/\/avogel.fr\/blog\/vitamines-et-tonus\/le-strath-un-tonifiant-naturel\/\",\"url\":\"https:\/\/avogel.fr\/blog\/vitamines-et-tonus\/le-strath-un-tonifiant-naturel\/\",\"name\":\"Le Strath\u00ae, un tonifiant naturel | A.Vogel\",\"isPartOf\":{\"@id\":\"https:\/\/avogel.fr\/blog\/#website\"},\"datePublished\":\"2015-09-29T07:00:14+00:00\",\"dateModified\":\"2021-10-29T06:36:53+00:00\",\"author\":{\"@id\":\"\"},\"description\":\"La fatigue a envahi votre quotidien? Retrouvez votre allant avec Strath\u00ae, un compl\u00e9ment alimentaire naturel qui associe levure v\u00e9g\u00e9tale et plantes.\",\"breadcrumb\":{\"@id\":\"https:\/\/avogel.fr\/blog\/vitamines-et-tonus\/le-strath-un-tonifiant-naturel\/#breadcrumb\"},\"inLanguage\":\"fr-FR\",\"potentialAction\":[{\"@type\":\"ReadAction\",\"target\":[\"https:\/\/avogel.fr\/blog\/vitamines-et-tonus\/le-strath-un-tonifiant-naturel\/\"]}]},{\"@type\":\"BreadcrumbList\",\"@id\":\"https:\/\/avogel.fr\/blog\/vitamines-et-tonus\/le-strath-un-tonifiant-naturel\/#breadcrumb\",\"itemListElement\":[{\"@type\":\"ListItem\",\"position\":1,\"name\":\"Accueil\",\"item\":\"https:\/\/avogel.fr\/blog\/\"},{\"@type\":\"ListItem\",\"position\":2,\"name\":\"Le Strath\u00ae, un tonifiant naturel\"}]},{\"@type\":\"WebSite\",\"@id\":\"https:\/\/avogel.fr\/blog\/#website\",\"url\":\"https:\/\/avogel.fr\/blog\/\",\"name\":\"A.Vogel - Compl\u00e9ments alimentaires naturels\",\"description\":\"Retrouvez tous nos conseils pour rester naturellement fort - Compl\u00e9ments \u00e0 base de plantes fra\u00eeches biologiques\",\"potentialAction\":[{\"@type\":\"SearchAction\",\"target\":{\"@type\":\"EntryPoint\",\"urlTemplate\":\"https:\/\/avogel.fr\/blog\/?s={search_term_string}\"},\"query-input\":\"required name=search_term_string\"}],\"inLanguage\":\"fr-FR\"},{\"@type\":\"Person\",\"@id\":\"\",\"url\":\"https:\/\/avogel.fr\/blog\/author\/\"}]}<\/script>\n<!-- \/ Yoast SEO plugin. -->","yoast_head_json":{"title":"Le Strath\u00ae, un tonifiant naturel | A.Vogel","description":"La fatigue a envahi votre quotidien? Retrouvez votre allant avec Strath\u00ae, un compl\u00e9ment alimentaire naturel qui associe levure v\u00e9g\u00e9tale et plantes.","robots":{"index":"index","follow":"follow","max-snippet":"max-snippet:-1","max-image-preview":"max-image-preview:large","max-video-preview":"max-video-preview:-1"},"canonical":"https:\/\/avogel.fr\/blog\/vitamines-et-tonus\/le-strath-un-tonifiant-naturel\/","og_locale":"fr_FR","og_type":"article","og_title":"Le Strath\u00ae, un tonifiant naturel | A.Vogel","og_description":"La fatigue a envahi votre quotidien? Retrouvez votre allant avec Strath\u00ae, un compl\u00e9ment alimentaire naturel qui associe levure v\u00e9g\u00e9tale et plantes.","og_url":"https:\/\/avogel.fr\/blog\/vitamines-et-tonus\/le-strath-un-tonifiant-naturel\/","og_site_name":"A.Vogel - Compl\u00e9ments alimentaires naturels","article_published_time":"2015-09-29T07:00:14+00:00","article_modified_time":"2021-10-29T06:36:53+00:00","og_image":[{"width":1200,"height":627,"url":"https:\/\/avogel.fr\/blog\/wp-content\/uploads\/2015\/09\/strath-tonifiant-naturel.jpg","type":"image\/jpeg"}],"twitter_card":"summary_large_image","twitter_misc":{"\u00c9crit par":"","Dur\u00e9e de lecture estim\u00e9e":"2 minutes"},"schema":{"@context":"https:\/\/schema.org","@graph":[{"@type":"WebPage","@id":"https:\/\/avogel.fr\/blog\/vitamines-et-tonus\/le-strath-un-tonifiant-naturel\/","url":"https:\/\/avogel.fr\/blog\/vitamines-et-tonus\/le-strath-un-tonifiant-naturel\/","name":"Le Strath\u00ae, un tonifiant naturel | A.Vogel","isPartOf":{"@id":"https:\/\/avogel.fr\/blog\/#website"},"datePublished":"2015-09-29T07:00:14+00:00","dateModified":"2021-10-29T06:36:53+00:00","author":{"@id":""},"description":"La fatigue a envahi votre quotidien? Retrouvez votre allant avec Strath\u00ae, un compl\u00e9ment alimentaire naturel qui associe levure v\u00e9g\u00e9tale et plantes.","breadcrumb":{"@id":"https:\/\/avogel.fr\/blog\/vitamines-et-tonus\/le-strath-un-tonifiant-naturel\/#breadcrumb"},"inLanguage":"fr-FR","potentialAction":[{"@type":"ReadAction","target":["https:\/\/avogel.fr\/blog\/vitamines-et-tonus\/le-strath-un-tonifiant-naturel\/"]}]},{"@type":"BreadcrumbList","@id":"https:\/\/avogel.fr\/blog\/vitamines-et-tonus\/le-strath-un-tonifiant-naturel\/#breadcrumb","itemListElement":[{"@type":"ListItem","position":1,"name":"Accueil","item":"https:\/\/avogel.fr\/blog\/"},{"@type":"ListItem","position":2,"name":"Le Strath\u00ae, un tonifiant naturel"}]},{"@type":"WebSite","@id":"https:\/\/avogel.fr\/blog\/#website","url":"https:\/\/avogel.fr\/blog\/","name":"A.Vogel - Compl\u00e9ments alimentaires naturels","description":"Retrouvez tous nos conseils pour rester naturellement fort - Compl\u00e9ments \u00e0 base de plantes fra\u00eeches biologiques","potentialAction":[{"@type":"SearchAction","target":{"@type":"EntryPoint","urlTemplate":"https:\/\/avogel.fr\/blog\/?s={search_term_string}"},"query-input":"required name=search_term_string"}],"inLanguage":"fr-FR"},{"@type":"Person","@id":"","url":"https:\/\/avogel.fr\/blog\/author\/"}]}},"_links":{"self":[{"href":"https:\/\/avogel.fr\/blog\/wp-json\/wp\/v2\/posts\/3674","targetHints":{"allow":["GET"]}}],"collection":[{"href":"https:\/\/avogel.fr\/blog\/wp-json\/wp\/v2\/posts"}],"about":[{"href":"https:\/\/avogel.fr\/blog\/wp-json\/wp\/v2\/types\/post"}],"author":[{"embeddable":true,"href":"https:\/\/avogel.fr\/blog\/wp-json\/wp\/v2\/users\/5"}],"replies":[{"embeddable":true,"href":"https:\/\/avogel.fr\/blog\/wp-json\/wp\/v2\/comments?post=3674"}],"version-history":[{"count":1,"href":"https:\/\/avogel.fr\/blog\/wp-json\/wp\/v2\/posts\/3674\/revisions"}],"predecessor-version":[{"id":6073,"href":"https:\/\/avogel.fr\/blog\/wp-json\/wp\/v2\/posts\/3674\/revisions\/6073"}],"wp:featuredmedia":[{"embeddable":true,"href":"https:\/\/avogel.fr\/blog\/wp-json\/wp\/v2\/media\/8601"}],"wp:attachment":[{"href":"https:\/\/avogel.fr\/blog\/wp-json\/wp\/v2\/media?parent=3674"}],"wp:term":[{"taxonomy":"category","embeddable":true,"href":"https:\/\/avogel.fr\/blog\/wp-json\/wp\/v2\/categories?post=3674"},{"taxonomy":"post_tag","embeddable":true,"href":"https:\/\/avogel.fr\/blog\/wp-json\/wp\/v2\/tags?post=3674"}],"curies":[{"name":"wp","href":"https:\/\/api.w.org\/{rel}","templated":true}]}}