{"id":3656,"date":"2015-09-22T09:00:16","date_gmt":"2015-09-22T07:00:16","guid":{"rendered":"http:\/\/www.avogel.fr\/blog\/?p=3656"},"modified":"2021-10-28T12:15:47","modified_gmt":"2021-10-28T10:15:47","slug":"comment-preparer-un-petit-dejeuner-sain-et-complet","status":"publish","type":"post","link":"https:\/\/avogel.fr\/blog\/epicerie\/comment-preparer-un-petit-dejeuner-sain-et-complet\/","title":{"rendered":"Comment pr\u00e9parer un petit d\u00e9jeuner sain et complet ?"},"content":{"rendered":"<p style=\"text-align: justify;\">Le petit d\u00e9jeuner est un repas cl\u00e9 de la journ\u00e9e. En r\u00e9alit\u00e9, il est m\u00eame le plus important\u00a0!<\/p>\n<p style=\"text-align: justify;\">Le sauter est donc paradoxal si l\u2019on souhaite <strong>retrouver la forme<\/strong> et passer une journ\u00e9e pleine d\u2019entrain et d\u2019\u00e9nergie. Mais de nombreuses id\u00e9es re\u00e7ues emp\u00eachent de profiter de ce moment de la journ\u00e9e. <!--moreNous avons voulu faire le point !-->Nous avons voulu faire le point\u00a0!<\/p>\n<h2 style=\"text-align: left;\">Un petit d\u00e9jeuner sain adapt\u00e9 aux saisons<\/h2>\n<p style=\"text-align: justify;\">Nos besoins sont diff\u00e9rents pour d\u00e9marrer une journ\u00e9e d\u2019hiver assis derri\u00e8re un bureau ou une journ\u00e9e de marche en montagne en plein \u00e9t\u00e9. Variez donc vos petits d\u00e9jeuners selon les saisons et vos activit\u00e9s.<\/p>\n<p style=\"text-align: justify;\">Dans tous les cas, choisissez des <strong>aliments naturels<\/strong>, sains et complets, en \u00e9vitant les toxines qui entraveraient votre \u00e9nergie pour la journ\u00e9e.<\/p>\n<h2 style=\"text-align: left;\">Un petit d\u00e9jeuner sain et prot\u00e9in\u00e9<\/h2>\n<p style=\"text-align: justify;\">Pourquoi les prot\u00e9ines sont-elles \u00e0 privil\u00e9gier au petit-d\u00e9jeuner\u00a0? Tout simplement parce que ce sont les mol\u00e9cules actives de l\u2019organisme. Les prot\u00e9ines permettent de commencer la journ\u00e9e sans provoquer de fermentation digestive ni de <strong>pic de glyc\u00e9mie<\/strong> trop \u00e9lev\u00e9 (responsable des petits creux et des coups de fatigue).<\/p>\n<p style=\"text-align: justify;\">Le matin, les aliments sucr\u00e9s comme la baguette, la confiture, la p\u00e2te \u00e0 tartiner au chocolat et les c\u00e9r\u00e9ales sucr\u00e9es sont \u00e0 \u00e9viter. Pr\u00e9f\u00e9rez les \u0153ufs, le fromage et le jambon, \u00e9ventuellement avec du pain complet\u00a0!<\/p>\n<p style=\"text-align: justify;\"><a href=\"https:\/\/avogel.fr\/blog\/wp-content\/uploads\/2015\/09\/Comment-pr\u00e9parer-un-petit-d\u00e9jeuner-sain-et-complet-11.jpg\"><img loading=\"lazy\" decoding=\"async\" class=\" wp-image-3663 size-full alignnone\" src=\"https:\/\/avogel.fr\/blog\/wp-content\/uploads\/2015\/09\/Comment-pr\u00e9parer-un-petit-d\u00e9jeuner-sain-et-complet-11.jpg\" alt=\"petit d\u00e9jeuner sain\" width=\"424\" height=\"283\" \/><\/a><\/p>\n<h2 style=\"text-align: left;\">Petit d\u00e9jeuner sain\u00a0: quel pain choisir\u00a0?<\/h2>\n<p style=\"text-align: justify;\">Pour remplacer le froment, plus riche en gluten, privil\u00e9giez l\u2019<strong>\u00e9peautre<\/strong>, qui est l\u2019anc\u00eatre du bl\u00e9. Encore mieux\u00a0: le petit \u00e9peautre, qui est moins irritant pour la muqueuse des intestins.<\/p>\n<p style=\"text-align: justify;\">Le <strong>pain au levain<\/strong> est pr\u00e9f\u00e9rable au pain \u00e0 la levure\u00a0: en effet, gr\u00e2ce \u00e0 la fermentation lente du levain, le pain ne contient presque plus d\u2019acide phytique, ce qui le rend plus digeste. L\u2019acide phytique emp\u00eache \u00e9galement l\u2019absorption des min\u00e9raux comme le zinc.<\/p>\n<p style=\"text-align: justify;\">Exemple\u00a0: une tranche de pain d\u2019\u00e9peautre avec du jambon d\u00e9graiss\u00e9, un peu de beurre au lait cru, de la roquette et des olives.<\/p>\n<h2 style=\"text-align: left;\">Les fruits\u00a0: amis ou ennemis du petit d\u00e9jeuner\u00a0?<\/h2>\n<p style=\"text-align: justify;\">On imagine souvent qu\u2019un petit d\u00e9jeuner sain comporte immanquablement des fruits. Ce n\u2019est pourtant pas si simple. En effet, les <strong>fruits sont riches en fructose<\/strong> (sucre), et consommer des aliments sucr\u00e9s n\u2019est pas recommand\u00e9 avant le go\u00fbter. N\u00e9anmoins, certaines personnes dig\u00e8rent bien les fruits au petit d\u00e9jeuner et b\u00e9n\u00e9ficient de toute leur richesse en vitamines et min\u00e9raux. Envie d\u2019un jus de fruit\u00a0? Diluez 2 cuill\u00e8res \u00e0 soupe de <a href=\"https:\/\/avogel.fr\/complements-alimentaires\/1043-772-molkosan-fruit.html#\/35-contenance-200ml\">Molkosan\u00ae Fruit<\/a> dans un verre d\u2019eau ou de <a href=\"https:\/\/avogel.fr\/boissons-bio\/1069-802-biotta-vita-7.html#\/11-contenance-500ml\" target=\"_blank\" rel=\"noopener\">Vita 7 Biotta<\/a>. <a href=\"https:\/\/avogel.fr\/complements-alimentaires\/1042-770-molkosan.html#\/35-contenance-200ml\">Molkosan\u00ae<\/a> favorise l\u2019efficacit\u00e9 du syst\u00e8me digestif et stimule le transit intestinal.<\/p>\n","protected":false},"excerpt":{"rendered":"<p>Le petit d\u00e9jeuner est un repas cl\u00e9 de la journ\u00e9e. En r\u00e9alit\u00e9, il est m\u00eame le plus important\u00a0! Le sauter est donc paradoxal si l\u2019on souhaite retrouver la forme et passer une journ\u00e9e pleine d\u2019entrain et d\u2019\u00e9nergie. Mais de nombreuses id\u00e9es re\u00e7ues emp\u00eachent de profiter de ce moment de la journ\u00e9e.<\/p>\n","protected":false},"author":5,"featured_media":8598,"comment_status":"open","ping_status":"open","sticky":false,"template":"","format":"standard","meta":{"_acf_changed":false,"footnotes":""},"categories":[1563],"tags":[],"class_list":["post-3656","post","type-post","status-publish","format-standard","has-post-thumbnail","hentry","category-epicerie"],"acf":[],"yoast_head":"<!-- This site is optimized with the Yoast SEO plugin v22.0 - https:\/\/yoast.com\/wordpress\/plugins\/seo\/ -->\n<title>Comment pr\u00e9parer un petit d\u00e9jeuner sain et complet ?<\/title>\n<meta name=\"description\" content=\"Pour \u00eatre en forme, mieux vaut manger un petit d\u00e9jeuner sain que dormir une demi-heure de plus. Comment profiter du repas le plus important de la journ\u00e9e ?\" \/>\n<meta name=\"robots\" content=\"index, follow, max-snippet:-1, max-image-preview:large, max-video-preview:-1\" \/>\n<link rel=\"canonical\" href=\"https:\/\/avogel.fr\/blog\/epicerie\/comment-preparer-un-petit-dejeuner-sain-et-complet\/\" \/>\n<meta property=\"og:locale\" content=\"fr_FR\" \/>\n<meta property=\"og:type\" content=\"article\" \/>\n<meta property=\"og:title\" content=\"Comment pr\u00e9parer un petit d\u00e9jeuner sain et complet ?\" \/>\n<meta property=\"og:description\" content=\"Pour \u00eatre en forme, mieux vaut manger un petit d\u00e9jeuner sain que dormir une demi-heure de plus. Comment profiter du repas le plus important de la journ\u00e9e ?\" \/>\n<meta property=\"og:url\" content=\"https:\/\/avogel.fr\/blog\/epicerie\/comment-preparer-un-petit-dejeuner-sain-et-complet\/\" \/>\n<meta property=\"og:site_name\" content=\"A.Vogel - Compl\u00e9ments alimentaires naturels\" \/>\n<meta property=\"article:published_time\" content=\"2015-09-22T07:00:16+00:00\" \/>\n<meta property=\"article:modified_time\" content=\"2021-10-28T10:15:47+00:00\" \/>\n<meta property=\"og:image\" content=\"https:\/\/avogel.fr\/blog\/wp-content\/uploads\/2015\/09\/petit-dejeuner-sain-complet.jpg\" \/>\n\t<meta property=\"og:image:width\" content=\"1200\" \/>\n\t<meta property=\"og:image:height\" content=\"627\" \/>\n\t<meta property=\"og:image:type\" content=\"image\/jpeg\" \/>\n<meta name=\"twitter:card\" content=\"summary_large_image\" \/>\n<meta name=\"twitter:label1\" content=\"\u00c9crit par\" \/>\n\t<meta name=\"twitter:data1\" content=\"\" \/>\n\t<meta name=\"twitter:label2\" content=\"Dur\u00e9e de lecture estim\u00e9e\" \/>\n\t<meta name=\"twitter:data2\" content=\"2 minutes\" \/>\n<script type=\"application\/ld+json\" class=\"yoast-schema-graph\">{\"@context\":\"https:\/\/schema.org\",\"@graph\":[{\"@type\":\"WebPage\",\"@id\":\"https:\/\/avogel.fr\/blog\/epicerie\/comment-preparer-un-petit-dejeuner-sain-et-complet\/\",\"url\":\"https:\/\/avogel.fr\/blog\/epicerie\/comment-preparer-un-petit-dejeuner-sain-et-complet\/\",\"name\":\"Comment pr\u00e9parer un petit d\u00e9jeuner sain et complet ?\",\"isPartOf\":{\"@id\":\"https:\/\/avogel.fr\/blog\/#website\"},\"datePublished\":\"2015-09-22T07:00:16+00:00\",\"dateModified\":\"2021-10-28T10:15:47+00:00\",\"author\":{\"@id\":\"\"},\"description\":\"Pour \u00eatre en forme, mieux vaut manger un petit d\u00e9jeuner sain que dormir une demi-heure de plus. Comment profiter du repas le plus important de la journ\u00e9e ?\",\"breadcrumb\":{\"@id\":\"https:\/\/avogel.fr\/blog\/epicerie\/comment-preparer-un-petit-dejeuner-sain-et-complet\/#breadcrumb\"},\"inLanguage\":\"fr-FR\",\"potentialAction\":[{\"@type\":\"ReadAction\",\"target\":[\"https:\/\/avogel.fr\/blog\/epicerie\/comment-preparer-un-petit-dejeuner-sain-et-complet\/\"]}]},{\"@type\":\"BreadcrumbList\",\"@id\":\"https:\/\/avogel.fr\/blog\/epicerie\/comment-preparer-un-petit-dejeuner-sain-et-complet\/#breadcrumb\",\"itemListElement\":[{\"@type\":\"ListItem\",\"position\":1,\"name\":\"Accueil\",\"item\":\"https:\/\/avogel.fr\/blog\/\"},{\"@type\":\"ListItem\",\"position\":2,\"name\":\"Comment pr\u00e9parer un petit d\u00e9jeuner sain et complet ?\"}]},{\"@type\":\"WebSite\",\"@id\":\"https:\/\/avogel.fr\/blog\/#website\",\"url\":\"https:\/\/avogel.fr\/blog\/\",\"name\":\"A.Vogel - Compl\u00e9ments alimentaires naturels\",\"description\":\"Retrouvez tous nos conseils pour rester naturellement fort - Compl\u00e9ments \u00e0 base de plantes fra\u00eeches biologiques\",\"potentialAction\":[{\"@type\":\"SearchAction\",\"target\":{\"@type\":\"EntryPoint\",\"urlTemplate\":\"https:\/\/avogel.fr\/blog\/?s={search_term_string}\"},\"query-input\":\"required name=search_term_string\"}],\"inLanguage\":\"fr-FR\"},{\"@type\":\"Person\",\"@id\":\"\",\"url\":\"https:\/\/avogel.fr\/blog\/author\/\"}]}<\/script>\n<!-- \/ Yoast SEO plugin. -->","yoast_head_json":{"title":"Comment pr\u00e9parer un petit d\u00e9jeuner sain et complet ?","description":"Pour \u00eatre en forme, mieux vaut manger un petit d\u00e9jeuner sain que dormir une demi-heure de plus. Comment profiter du repas le plus important de la journ\u00e9e ?","robots":{"index":"index","follow":"follow","max-snippet":"max-snippet:-1","max-image-preview":"max-image-preview:large","max-video-preview":"max-video-preview:-1"},"canonical":"https:\/\/avogel.fr\/blog\/epicerie\/comment-preparer-un-petit-dejeuner-sain-et-complet\/","og_locale":"fr_FR","og_type":"article","og_title":"Comment pr\u00e9parer un petit d\u00e9jeuner sain et complet ?","og_description":"Pour \u00eatre en forme, mieux vaut manger un petit d\u00e9jeuner sain que dormir une demi-heure de plus. Comment profiter du repas le plus important de la journ\u00e9e ?","og_url":"https:\/\/avogel.fr\/blog\/epicerie\/comment-preparer-un-petit-dejeuner-sain-et-complet\/","og_site_name":"A.Vogel - Compl\u00e9ments alimentaires naturels","article_published_time":"2015-09-22T07:00:16+00:00","article_modified_time":"2021-10-28T10:15:47+00:00","og_image":[{"width":1200,"height":627,"url":"https:\/\/avogel.fr\/blog\/wp-content\/uploads\/2015\/09\/petit-dejeuner-sain-complet.jpg","type":"image\/jpeg"}],"twitter_card":"summary_large_image","twitter_misc":{"\u00c9crit par":"","Dur\u00e9e de lecture estim\u00e9e":"2 minutes"},"schema":{"@context":"https:\/\/schema.org","@graph":[{"@type":"WebPage","@id":"https:\/\/avogel.fr\/blog\/epicerie\/comment-preparer-un-petit-dejeuner-sain-et-complet\/","url":"https:\/\/avogel.fr\/blog\/epicerie\/comment-preparer-un-petit-dejeuner-sain-et-complet\/","name":"Comment pr\u00e9parer un petit d\u00e9jeuner sain et complet ?","isPartOf":{"@id":"https:\/\/avogel.fr\/blog\/#website"},"datePublished":"2015-09-22T07:00:16+00:00","dateModified":"2021-10-28T10:15:47+00:00","author":{"@id":""},"description":"Pour \u00eatre en forme, mieux vaut manger un petit d\u00e9jeuner sain que dormir une demi-heure de plus. Comment profiter du repas le plus important de la journ\u00e9e ?","breadcrumb":{"@id":"https:\/\/avogel.fr\/blog\/epicerie\/comment-preparer-un-petit-dejeuner-sain-et-complet\/#breadcrumb"},"inLanguage":"fr-FR","potentialAction":[{"@type":"ReadAction","target":["https:\/\/avogel.fr\/blog\/epicerie\/comment-preparer-un-petit-dejeuner-sain-et-complet\/"]}]},{"@type":"BreadcrumbList","@id":"https:\/\/avogel.fr\/blog\/epicerie\/comment-preparer-un-petit-dejeuner-sain-et-complet\/#breadcrumb","itemListElement":[{"@type":"ListItem","position":1,"name":"Accueil","item":"https:\/\/avogel.fr\/blog\/"},{"@type":"ListItem","position":2,"name":"Comment pr\u00e9parer un petit d\u00e9jeuner sain et complet ?"}]},{"@type":"WebSite","@id":"https:\/\/avogel.fr\/blog\/#website","url":"https:\/\/avogel.fr\/blog\/","name":"A.Vogel - Compl\u00e9ments alimentaires naturels","description":"Retrouvez tous nos conseils pour rester naturellement fort - Compl\u00e9ments \u00e0 base de plantes fra\u00eeches biologiques","potentialAction":[{"@type":"SearchAction","target":{"@type":"EntryPoint","urlTemplate":"https:\/\/avogel.fr\/blog\/?s={search_term_string}"},"query-input":"required name=search_term_string"}],"inLanguage":"fr-FR"},{"@type":"Person","@id":"","url":"https:\/\/avogel.fr\/blog\/author\/"}]}},"_links":{"self":[{"href":"https:\/\/avogel.fr\/blog\/wp-json\/wp\/v2\/posts\/3656","targetHints":{"allow":["GET"]}}],"collection":[{"href":"https:\/\/avogel.fr\/blog\/wp-json\/wp\/v2\/posts"}],"about":[{"href":"https:\/\/avogel.fr\/blog\/wp-json\/wp\/v2\/types\/post"}],"author":[{"embeddable":true,"href":"https:\/\/avogel.fr\/blog\/wp-json\/wp\/v2\/users\/5"}],"replies":[{"embeddable":true,"href":"https:\/\/avogel.fr\/blog\/wp-json\/wp\/v2\/comments?post=3656"}],"version-history":[{"count":2,"href":"https:\/\/avogel.fr\/blog\/wp-json\/wp\/v2\/posts\/3656\/revisions"}],"predecessor-version":[{"id":6070,"href":"https:\/\/avogel.fr\/blog\/wp-json\/wp\/v2\/posts\/3656\/revisions\/6070"}],"wp:featuredmedia":[{"embeddable":true,"href":"https:\/\/avogel.fr\/blog\/wp-json\/wp\/v2\/media\/8598"}],"wp:attachment":[{"href":"https:\/\/avogel.fr\/blog\/wp-json\/wp\/v2\/media?parent=3656"}],"wp:term":[{"taxonomy":"category","embeddable":true,"href":"https:\/\/avogel.fr\/blog\/wp-json\/wp\/v2\/categories?post=3656"},{"taxonomy":"post_tag","embeddable":true,"href":"https:\/\/avogel.fr\/blog\/wp-json\/wp\/v2\/tags?post=3656"}],"curies":[{"name":"wp","href":"https:\/\/api.w.org\/{rel}","templated":true}]}}