{"id":3431,"date":"2015-03-03T08:08:25","date_gmt":"2015-03-03T07:08:25","guid":{"rendered":"http:\/\/www.avogel.fr\/blog\/?p=3431"},"modified":"2021-10-29T17:01:02","modified_gmt":"2021-10-29T15:01:02","slug":"astuces-pour-passer-lheure-dete-sans-heurts","status":"publish","type":"post","link":"https:\/\/avogel.fr\/blog\/sommeil\/astuces-pour-passer-lheure-dete-sans-heurts\/","title":{"rendered":"Astuces pour passer \u00e0 l\u2019heure d\u2019\u00e9t\u00e9\u2026 sans heurts"},"content":{"rendered":"<p style=\"text-align: justify;\">Dans la nuit du <b>28 au 29 mars<\/b> prochain, un ph\u00e9nom\u00e8ne \u00e9trange se produira : \u00e0 \u00a0deux heures du matin, la petite aiguille sautera jusqu\u2019au chiffre trois. <!--moreC\u2019est le passage \u00e0 l\u2019heure d\u2019\u00e9t\u00e9.-->C\u2019est le <b>passage \u00e0 l\u2019heure d\u2019\u00e9t\u00e9<\/b>.<\/p>\n<p style=\"text-align: justify;\">L\u2019heure d\u2019\u00e9t\u00e9 a \u00e9t\u00e9 instaur\u00e9e dans les ann\u00e9es 70 durant le choc p\u00e9trolier, dans le but de r\u00e9aliser des \u00e9conomies d\u2019\u00e9nergie. Depuis, chaque ann\u00e9e, nous nous plions \u00e0 ce petit tour de passe-passe. Avec plus ou moins de bonheur. Quelles sont les <b>cons\u00e9quences du passage \u00e0 l\u2019heure d\u2019\u00e9t\u00e9 ?<\/b> Comment aider notre corps, cerveau compris, \u00e0 passer le cap ?<\/p>\n<h2 style=\"text-align: left;\"><b>Une heure de sommeil en moins<\/b><\/h2>\n<p style=\"text-align: justify;\">Si le passage \u00e0 l\u2019heure d\u2019hiver nous fait gagner une heure de sommeil \u00e0 la fin du mois d\u2019octobre, celui \u00e0 l\u2019heure d\u2019\u00e9t\u00e9 nous en fait perdre une. Non sans cons\u00e9quence sur le sommeil des personnes plus fragiles comme les <b>enfants, <\/b>les<b> b\u00e9b\u00e9s <\/b>et les <b>seniors<\/b>. Si vous avez l\u2019habitude d\u2019aller dormir t\u00f4t et de vous r\u00e9veiller aux aurores, le passage \u00e0 l\u2019heure d\u2019\u00e9t\u00e9 risque de vous perturber. Le soleil brille tard dans la soir\u00e9e, il fait \u00e0 nouveau noir le matin alors que le soleil gagnait du terrain depuis le 21 d\u00e9cembre\u2026<\/p>\n<h2 style=\"text-align: left;\"><b>Cons\u00e9quences du changement d\u2019heure<\/b><\/h2>\n<p style=\"text-align: justify;\">Irritabilit\u00e9, somnolence au volant, troubles de l\u2019app\u00e9tit, difficult\u00e9s d\u2019endormissement\u2026 Les chrono-biologistes \u00e9voquent une <b>chrono-rupture<\/b> qui perturbe le rythme biologique.<\/p>\n<p style=\"text-align: justify;\">En g\u00e9n\u00e9ral, un adulte a besoin de deux ou trois jours avant de \u00ab remettre les pendules \u00e0 l\u2019heure \u00bb. Les enfants et les personnes \u00e2g\u00e9es, une semaine. Pendant cette p\u00e9riode, on constate plus d\u2019accidents de voiture et de crises cardiaques ! Le changement d\u2019heure augmente les perturbations dues au changement de saison.<\/p>\n<h2 style=\"text-align: left;\"><b>Comment passer en douceur \u00e0 l\u2019heure d\u2019\u00e9t\u00e9<\/b><\/h2>\n<ul style=\"text-align: justify;\">\n<li>Pr\u00e9voyez des rideaux occultant pour favoriser l\u2019endormissement. La qualit\u00e9 du sommeil d\u00e9pend de l\u2019alternance jour\/nuit.<\/li>\n<\/ul>\n<ul>\n<li>Une semaine avant le changement d\u2019heure, r\u00e9veillez-vous 10 minutes plus t\u00f4t chaque jour. Vous serez pr\u00eat pour le nouvel horaire. Ce changement progressif est recommand\u00e9 si vous avez des enfants.<\/li>\n<li style=\"text-align: justify;\">Une semaine avant le changement d\u2019heure, adaptez progressivement l\u2019heure des repas, de la sieste, du bain et du coucher des petits.<\/li>\n<\/ul>\n","protected":false},"excerpt":{"rendered":"<p>Dans la nuit du 28 au 29 mars prochain, un ph\u00e9nom\u00e8ne \u00e9trange se produira : \u00e0 \u00a0deux heures du matin, la petite aiguille sautera jusqu\u2019au chiffre trois.<\/p>\n","protected":false},"author":5,"featured_media":8703,"comment_status":"open","ping_status":"open","sticky":false,"template":"","format":"standard","meta":{"_acf_changed":false,"footnotes":""},"categories":[1567],"tags":[],"class_list":["post-3431","post","type-post","status-publish","format-standard","has-post-thumbnail","hentry","category-sommeil"],"acf":[],"yoast_head":"<!-- This site is optimized with the Yoast SEO plugin v22.0 - https:\/\/yoast.com\/wordpress\/plugins\/seo\/ -->\n<title>Astuces pour passer \u00e0 l\u2019heure d\u2019\u00e9t\u00e9\u2026 sans heurts | A.Vogel<\/title>\n<meta name=\"description\" content=\"En mars le passage \u00e0 l\u2019heure d\u2019\u00e9t\u00e9 perturbe notre rythme biologique. Comment aider notre corps \u00e0 passer le cap ?\" \/>\n<meta name=\"robots\" content=\"index, follow, max-snippet:-1, max-image-preview:large, max-video-preview:-1\" \/>\n<link rel=\"canonical\" href=\"https:\/\/avogel.fr\/blog\/sommeil\/astuces-pour-passer-lheure-dete-sans-heurts\/\" \/>\n<meta property=\"og:locale\" content=\"fr_FR\" \/>\n<meta property=\"og:type\" content=\"article\" \/>\n<meta property=\"og:title\" content=\"Astuces pour passer \u00e0 l\u2019heure d\u2019\u00e9t\u00e9\u2026 sans heurts | A.Vogel\" \/>\n<meta property=\"og:description\" content=\"En mars le passage \u00e0 l\u2019heure d\u2019\u00e9t\u00e9 perturbe notre rythme biologique. Comment aider notre corps \u00e0 passer le cap ?\" \/>\n<meta property=\"og:url\" content=\"https:\/\/avogel.fr\/blog\/sommeil\/astuces-pour-passer-lheure-dete-sans-heurts\/\" \/>\n<meta property=\"og:site_name\" content=\"A.Vogel - Compl\u00e9ments alimentaires naturels\" \/>\n<meta property=\"article:published_time\" content=\"2015-03-03T07:08:25+00:00\" \/>\n<meta property=\"article:modified_time\" content=\"2021-10-29T15:01:02+00:00\" \/>\n<meta property=\"og:image\" content=\"https:\/\/avogel.fr\/blog\/wp-content\/uploads\/2015\/03\/astuces-passer-heure-dete.jpg\" \/>\n\t<meta property=\"og:image:width\" content=\"1200\" \/>\n\t<meta property=\"og:image:height\" content=\"627\" \/>\n\t<meta property=\"og:image:type\" content=\"image\/jpeg\" \/>\n<meta name=\"twitter:card\" content=\"summary_large_image\" \/>\n<meta name=\"twitter:label1\" content=\"\u00c9crit par\" \/>\n\t<meta name=\"twitter:data1\" content=\"\" \/>\n\t<meta name=\"twitter:label2\" content=\"Dur\u00e9e de lecture estim\u00e9e\" \/>\n\t<meta name=\"twitter:data2\" content=\"2 minutes\" \/>\n<script type=\"application\/ld+json\" class=\"yoast-schema-graph\">{\"@context\":\"https:\/\/schema.org\",\"@graph\":[{\"@type\":\"WebPage\",\"@id\":\"https:\/\/avogel.fr\/blog\/sommeil\/astuces-pour-passer-lheure-dete-sans-heurts\/\",\"url\":\"https:\/\/avogel.fr\/blog\/sommeil\/astuces-pour-passer-lheure-dete-sans-heurts\/\",\"name\":\"Astuces pour passer \u00e0 l\u2019heure d\u2019\u00e9t\u00e9\u2026 sans heurts | A.Vogel\",\"isPartOf\":{\"@id\":\"https:\/\/avogel.fr\/blog\/#website\"},\"datePublished\":\"2015-03-03T07:08:25+00:00\",\"dateModified\":\"2021-10-29T15:01:02+00:00\",\"author\":{\"@id\":\"\"},\"description\":\"En mars le passage \u00e0 l\u2019heure d\u2019\u00e9t\u00e9 perturbe notre rythme biologique. Comment aider notre corps \u00e0 passer le cap ?\",\"breadcrumb\":{\"@id\":\"https:\/\/avogel.fr\/blog\/sommeil\/astuces-pour-passer-lheure-dete-sans-heurts\/#breadcrumb\"},\"inLanguage\":\"fr-FR\",\"potentialAction\":[{\"@type\":\"ReadAction\",\"target\":[\"https:\/\/avogel.fr\/blog\/sommeil\/astuces-pour-passer-lheure-dete-sans-heurts\/\"]}]},{\"@type\":\"BreadcrumbList\",\"@id\":\"https:\/\/avogel.fr\/blog\/sommeil\/astuces-pour-passer-lheure-dete-sans-heurts\/#breadcrumb\",\"itemListElement\":[{\"@type\":\"ListItem\",\"position\":1,\"name\":\"Accueil\",\"item\":\"https:\/\/avogel.fr\/blog\/\"},{\"@type\":\"ListItem\",\"position\":2,\"name\":\"Astuces pour passer \u00e0 l\u2019heure d\u2019\u00e9t\u00e9\u2026 sans heurts\"}]},{\"@type\":\"WebSite\",\"@id\":\"https:\/\/avogel.fr\/blog\/#website\",\"url\":\"https:\/\/avogel.fr\/blog\/\",\"name\":\"A.Vogel - Compl\u00e9ments alimentaires naturels\",\"description\":\"Retrouvez tous nos conseils pour rester naturellement fort - Compl\u00e9ments \u00e0 base de plantes fra\u00eeches biologiques\",\"potentialAction\":[{\"@type\":\"SearchAction\",\"target\":{\"@type\":\"EntryPoint\",\"urlTemplate\":\"https:\/\/avogel.fr\/blog\/?s={search_term_string}\"},\"query-input\":\"required name=search_term_string\"}],\"inLanguage\":\"fr-FR\"},{\"@type\":\"Person\",\"@id\":\"\",\"url\":\"https:\/\/avogel.fr\/blog\/author\/\"}]}<\/script>\n<!-- \/ Yoast SEO plugin. -->","yoast_head_json":{"title":"Astuces pour passer \u00e0 l\u2019heure d\u2019\u00e9t\u00e9\u2026 sans heurts | A.Vogel","description":"En mars le passage \u00e0 l\u2019heure d\u2019\u00e9t\u00e9 perturbe notre rythme biologique. Comment aider notre corps \u00e0 passer le cap ?","robots":{"index":"index","follow":"follow","max-snippet":"max-snippet:-1","max-image-preview":"max-image-preview:large","max-video-preview":"max-video-preview:-1"},"canonical":"https:\/\/avogel.fr\/blog\/sommeil\/astuces-pour-passer-lheure-dete-sans-heurts\/","og_locale":"fr_FR","og_type":"article","og_title":"Astuces pour passer \u00e0 l\u2019heure d\u2019\u00e9t\u00e9\u2026 sans heurts | A.Vogel","og_description":"En mars le passage \u00e0 l\u2019heure d\u2019\u00e9t\u00e9 perturbe notre rythme biologique. Comment aider notre corps \u00e0 passer le cap ?","og_url":"https:\/\/avogel.fr\/blog\/sommeil\/astuces-pour-passer-lheure-dete-sans-heurts\/","og_site_name":"A.Vogel - Compl\u00e9ments alimentaires naturels","article_published_time":"2015-03-03T07:08:25+00:00","article_modified_time":"2021-10-29T15:01:02+00:00","og_image":[{"width":1200,"height":627,"url":"https:\/\/avogel.fr\/blog\/wp-content\/uploads\/2015\/03\/astuces-passer-heure-dete.jpg","type":"image\/jpeg"}],"twitter_card":"summary_large_image","twitter_misc":{"\u00c9crit par":"","Dur\u00e9e de lecture estim\u00e9e":"2 minutes"},"schema":{"@context":"https:\/\/schema.org","@graph":[{"@type":"WebPage","@id":"https:\/\/avogel.fr\/blog\/sommeil\/astuces-pour-passer-lheure-dete-sans-heurts\/","url":"https:\/\/avogel.fr\/blog\/sommeil\/astuces-pour-passer-lheure-dete-sans-heurts\/","name":"Astuces pour passer \u00e0 l\u2019heure d\u2019\u00e9t\u00e9\u2026 sans heurts | A.Vogel","isPartOf":{"@id":"https:\/\/avogel.fr\/blog\/#website"},"datePublished":"2015-03-03T07:08:25+00:00","dateModified":"2021-10-29T15:01:02+00:00","author":{"@id":""},"description":"En mars le passage \u00e0 l\u2019heure d\u2019\u00e9t\u00e9 perturbe notre rythme biologique. Comment aider notre corps \u00e0 passer le cap ?","breadcrumb":{"@id":"https:\/\/avogel.fr\/blog\/sommeil\/astuces-pour-passer-lheure-dete-sans-heurts\/#breadcrumb"},"inLanguage":"fr-FR","potentialAction":[{"@type":"ReadAction","target":["https:\/\/avogel.fr\/blog\/sommeil\/astuces-pour-passer-lheure-dete-sans-heurts\/"]}]},{"@type":"BreadcrumbList","@id":"https:\/\/avogel.fr\/blog\/sommeil\/astuces-pour-passer-lheure-dete-sans-heurts\/#breadcrumb","itemListElement":[{"@type":"ListItem","position":1,"name":"Accueil","item":"https:\/\/avogel.fr\/blog\/"},{"@type":"ListItem","position":2,"name":"Astuces pour passer \u00e0 l\u2019heure d\u2019\u00e9t\u00e9\u2026 sans heurts"}]},{"@type":"WebSite","@id":"https:\/\/avogel.fr\/blog\/#website","url":"https:\/\/avogel.fr\/blog\/","name":"A.Vogel - Compl\u00e9ments alimentaires naturels","description":"Retrouvez tous nos conseils pour rester naturellement fort - Compl\u00e9ments \u00e0 base de plantes fra\u00eeches biologiques","potentialAction":[{"@type":"SearchAction","target":{"@type":"EntryPoint","urlTemplate":"https:\/\/avogel.fr\/blog\/?s={search_term_string}"},"query-input":"required name=search_term_string"}],"inLanguage":"fr-FR"},{"@type":"Person","@id":"","url":"https:\/\/avogel.fr\/blog\/author\/"}]}},"_links":{"self":[{"href":"https:\/\/avogel.fr\/blog\/wp-json\/wp\/v2\/posts\/3431","targetHints":{"allow":["GET"]}}],"collection":[{"href":"https:\/\/avogel.fr\/blog\/wp-json\/wp\/v2\/posts"}],"about":[{"href":"https:\/\/avogel.fr\/blog\/wp-json\/wp\/v2\/types\/post"}],"author":[{"embeddable":true,"href":"https:\/\/avogel.fr\/blog\/wp-json\/wp\/v2\/users\/5"}],"replies":[{"embeddable":true,"href":"https:\/\/avogel.fr\/blog\/wp-json\/wp\/v2\/comments?post=3431"}],"version-history":[{"count":2,"href":"https:\/\/avogel.fr\/blog\/wp-json\/wp\/v2\/posts\/3431\/revisions"}],"predecessor-version":[{"id":5998,"href":"https:\/\/avogel.fr\/blog\/wp-json\/wp\/v2\/posts\/3431\/revisions\/5998"}],"wp:featuredmedia":[{"embeddable":true,"href":"https:\/\/avogel.fr\/blog\/wp-json\/wp\/v2\/media\/8703"}],"wp:attachment":[{"href":"https:\/\/avogel.fr\/blog\/wp-json\/wp\/v2\/media?parent=3431"}],"wp:term":[{"taxonomy":"category","embeddable":true,"href":"https:\/\/avogel.fr\/blog\/wp-json\/wp\/v2\/categories?post=3431"},{"taxonomy":"post_tag","embeddable":true,"href":"https:\/\/avogel.fr\/blog\/wp-json\/wp\/v2\/tags?post=3431"}],"curies":[{"name":"wp","href":"https:\/\/api.w.org\/{rel}","templated":true}]}}