{"id":3321,"date":"2014-11-05T15:28:34","date_gmt":"2014-11-05T14:28:34","guid":{"rendered":"http:\/\/www.avogel.fr\/blog\/?p=3321"},"modified":"2021-11-02T10:25:35","modified_gmt":"2021-11-02T09:25:35","slug":"depression-saisonniere-comment-vaincre-le-blues-hivernal","status":"publish","type":"post","link":"https:\/\/avogel.fr\/blog\/moral\/depression-saisonniere-comment-vaincre-le-blues-hivernal\/","title":{"rendered":"D\u00e9pression saisonni\u00e8re : comment vaincre le blues hivernal?"},"content":{"rendered":"<p style=\"text-align: justify;\">10 \u00e0 20 % de la population serait sujet \u00e0 la d\u00e9pression saisonni\u00e8re. La chute des feuilles et les jours qui raccourcissent \u00e9quivalent \u00e0 une <b>insidieuse chute de l\u2019humeur<\/b> chez de nombreuses personnes. Moral en berne, fatigue, irritabilit\u00e9 et stress sont souvent au rendez-vous. En effet, la lumi\u00e8re joue un r\u00f4le important dans <!--morela r\u00e9gulation de notre horloge biologique.-->la <b>r\u00e9gulation de notre horloge biologique<\/b>.<\/p>\n<h2 style=\"text-align: left;\">Un trouble r\u00e9pandu mais handicapant<\/h2>\n<p style=\"text-align: justify;\">Le <b>TAS<\/b> (trouble affectif saisonnier) influence le comportement et le moral comme une v\u00e9ritable d\u00e9pression et <b>peut affecter la vie personnelle<\/b> et professionnelle des personnes qui y sont sensibles. Baisse de libido, productivit\u00e9 en baisse, augmentation de l\u2019app\u00e9tit pour les aliments sucr\u00e9s et les f\u00e9culents, besoin d\u2019heures de sommeil suppl\u00e9mentaires et difficult\u00e9s \u00e0 se r\u00e9veiller sont des sympt\u00f4mes du TAS.<\/p>\n<p style=\"text-align: justify;\">Si les formes les plus s\u00e9v\u00e8res de d\u00e9pression saisonni\u00e8re doivent \u00eatre trait\u00e9es par un m\u00e9decin, les formes plus l\u00e9g\u00e8res peuvent facilement se soigner par quelques <b>changements d\u2019hygi\u00e8ne de vie<\/b>. D\u00e9couvrez nos astuces pour mieux vivre durant les saisons froides !<\/p>\n<h2 style=\"text-align: left;\">Conseils pratiques pour chasser le blues hivernal<\/h2>\n<h3 style=\"text-align: left;\">Faire entrer la lumi\u00e8re<\/h3>\n<p style=\"text-align: justify;\">En automne et en hiver, la chasse \u00e0 la lumi\u00e8re est ouverte : ouvrez grand les rideaux, d\u00e9gagez les fen\u00eatres, et faites poser (si possible) un puits lumineux dans les pi\u00e8ces sombres.<\/p>\n<h3 style=\"text-align: left;\">Consommer plus de poisson<\/h3>\n<p style=\"text-align: justify;\">Les Islandais et les Japonais, gros consommateurs de poisson, ne souffrent pas du TAS. La <b>vitamine D<\/b> et l\u2019acide docosahexa\u00e9no\u00efque pr\u00e9viendraient en effet les troubles neurologiques.<\/p>\n<h3 style=\"text-align: left;\">Prendre l\u2019air<\/h3>\n<p style=\"text-align: justify;\">En hiver, on h\u00e9site souvent \u00e0 sortir de chez soi. Pourtant, m\u00eame s\u2019il neige ou s\u2019il pleut, il est important de prendre l\u2019air et de voir la lumi\u00e8re du jour. La <b>luminosit\u00e9 du soleil<\/b>, m\u00eame de faible intensit\u00e9, agit davantage sur l\u2019humeur que l\u2019\u00e9clairage \u00e9lectrique.<\/p>\n<h3 style=\"text-align: left;\">Prendre des vacances en hiver<\/h3>\n<p style=\"text-align: justify;\">En cas de d\u00e9pression saisonni\u00e8re, pensez \u00e0 organiser vos vacances les plus longues au creux de l\u2019hiver. Une ou deux semaines de chaleur et de soleil peuvent suffire \u00e0 <b>soulager les sympt\u00f4mes<\/b> du TAS.<\/p>\n<h3 style=\"text-align: left;\">R\u00e9veil simulateur d\u2019aube<\/h3>\n<p style=\"text-align: justify;\">Si vous vous r\u00e9veillez avec le soleil en \u00e9t\u00e9 et que vous n\u2019arrivez pas \u00e0 vous tirer du lit en hiver, il peut \u00eatre int\u00e9ressant d\u2019utiliser un <b>r\u00e9veil simulateur d\u2019aube<\/b>.<\/p>\n<h3 style=\"text-align: left;\">Pratiquer la luminoth\u00e9rapie<\/h3>\n<p style=\"text-align: justify;\">Une cure de luminoth\u00e9rapie peut soulager le blues hivernal. A pratiquer de pr\u00e9f\u00e9rence le matin. Demandez conseil \u00e0 votre m\u00e9decin.<\/p>\n<h3 style=\"text-align: left;\">Faire du sport<\/h3>\n<p style=\"text-align: justify;\">Il est important de s\u2019obliger \u00e0 continuer une activit\u00e9 sportive, m\u00eame en cas de baisse de moral. En effet, le sport contribue \u00e0 remonter le moral.<\/p>\n<h2 style=\"text-align: left;\">Une assiette anti-d\u00e9pression saisonni\u00e8re<\/h2>\n<p style=\"text-align: justify;\">Durant l\u2019hiver, nous sommes plus attir\u00e9s par les aliments sucr\u00e9s et les f\u00e9culents. Pourtant, mieux vaut \u00e9viter les sucres raffin\u00e9s, pour ne pas subir un effet yoyo sur l\u2019humeur. Privil\u00e9giez les aliments prot\u00e9in\u00e9s comme les \u0153ufs ou le poulet. Evitez \u00e9galement l\u2019alcool, qui soulage momentan\u00e9ment mais favorise la morosit\u00e9 d\u00e8s que l\u2019action de l\u2019alcool se dissipe.<\/p>\n<h2 style=\"text-align: left;\">Le millepertuis, un rem\u00e8de naturel<\/h2>\n<p style=\"text-align: justify;\">Le\u00a0<a title=\"Humeur morose? Le Millepertuis : source naturelle de bien-\u00eatre\" href=\"https:\/\/avogel.fr\/recherche?controller=search&amp;s=millepertuis\">millepertuis<\/a>, \u00e9galement appel\u00e9 \u00ab herbe \u00e0 f\u00e9es \u00bb est reconnu pour ses vertus antid\u00e9pressives. Il contribue \u00e0 \u00e9lever le niveau de s\u00e9rotonine, substance chimique intervenant sur l\u2019humeur. Soyez n\u00e9anmoins attentif au fait que le millepertuis augmente la photosensibilit\u00e9. Mieux vaut donc l\u2019\u00e9viter en \u00e9t\u00e9 et bien se prot\u00e9ger du soleil. V\u00e9rifiez \u00e9galement avec votre m\u00e9decin que son action n\u2019interf\u00e8re pas avec certaines m\u00e9dications.<\/p>\n<p style=\"text-align: justify;\">\n","protected":false},"excerpt":{"rendered":"<p>10 \u00e0 20 % de la population serait sujet \u00e0 la d\u00e9pression saisonni\u00e8re. La chute des feuilles et les jours qui raccourcissent \u00e9quivalent \u00e0 une insidieuse chute de l\u2019humeur chez de nombreuses personnes. Moral en berne, fatigue, irritabilit\u00e9 et stress sont souvent au rendez-vous. En effet, la lumi\u00e8re joue un r\u00f4le important dans<\/p>\n","protected":false},"author":5,"featured_media":8767,"comment_status":"open","ping_status":"open","sticky":false,"template":"","format":"standard","meta":{"_acf_changed":false,"footnotes":""},"categories":[1573],"tags":[],"class_list":["post-3321","post","type-post","status-publish","format-standard","has-post-thumbnail","hentry","category-moral"],"acf":[],"yoast_head":"<!-- This site is optimized with the Yoast SEO plugin v22.0 - https:\/\/yoast.com\/wordpress\/plugins\/seo\/ -->\n<title>D\u00e9pression saisonni\u00e8re : vaincre le blues hivernal | A.Vogel<\/title>\n<meta name=\"description\" content=\"Le blues hivernal, ou la d\u00e9pression saisonni\u00e8re, peut se vaincre avec quelques bons r\u00e9flexes \u00e0 appliquer d\u00e8s maintenant. D\u00e9couvrez-les!\" \/>\n<meta name=\"robots\" content=\"index, follow, max-snippet:-1, max-image-preview:large, max-video-preview:-1\" \/>\n<link rel=\"canonical\" href=\"https:\/\/avogel.fr\/blog\/moral\/depression-saisonniere-comment-vaincre-le-blues-hivernal\/\" \/>\n<meta property=\"og:locale\" content=\"fr_FR\" \/>\n<meta property=\"og:type\" content=\"article\" \/>\n<meta property=\"og:title\" content=\"D\u00e9pression saisonni\u00e8re : vaincre le blues hivernal | A.Vogel\" \/>\n<meta property=\"og:description\" content=\"Le blues hivernal, ou la d\u00e9pression saisonni\u00e8re, peut se vaincre avec quelques bons r\u00e9flexes \u00e0 appliquer d\u00e8s maintenant. D\u00e9couvrez-les!\" \/>\n<meta property=\"og:url\" content=\"https:\/\/avogel.fr\/blog\/moral\/depression-saisonniere-comment-vaincre-le-blues-hivernal\/\" \/>\n<meta property=\"og:site_name\" content=\"A.Vogel - Compl\u00e9ments alimentaires naturels\" \/>\n<meta property=\"article:published_time\" content=\"2014-11-05T14:28:34+00:00\" \/>\n<meta property=\"article:modified_time\" content=\"2021-11-02T09:25:35+00:00\" \/>\n<meta property=\"og:image\" content=\"https:\/\/avogel.fr\/blog\/wp-content\/uploads\/2014\/11\/depression-saisonniere-blues-hiver.jpg\" \/>\n\t<meta property=\"og:image:width\" content=\"1200\" \/>\n\t<meta property=\"og:image:height\" content=\"627\" \/>\n\t<meta property=\"og:image:type\" content=\"image\/jpeg\" \/>\n<meta name=\"twitter:card\" content=\"summary_large_image\" \/>\n<meta name=\"twitter:label1\" content=\"\u00c9crit par\" \/>\n\t<meta name=\"twitter:data1\" content=\"\" \/>\n\t<meta name=\"twitter:label2\" content=\"Dur\u00e9e de lecture estim\u00e9e\" \/>\n\t<meta name=\"twitter:data2\" content=\"3 minutes\" \/>\n<script type=\"application\/ld+json\" class=\"yoast-schema-graph\">{\"@context\":\"https:\/\/schema.org\",\"@graph\":[{\"@type\":\"WebPage\",\"@id\":\"https:\/\/avogel.fr\/blog\/moral\/depression-saisonniere-comment-vaincre-le-blues-hivernal\/\",\"url\":\"https:\/\/avogel.fr\/blog\/moral\/depression-saisonniere-comment-vaincre-le-blues-hivernal\/\",\"name\":\"D\u00e9pression saisonni\u00e8re : vaincre le blues hivernal | A.Vogel\",\"isPartOf\":{\"@id\":\"https:\/\/avogel.fr\/blog\/#website\"},\"datePublished\":\"2014-11-05T14:28:34+00:00\",\"dateModified\":\"2021-11-02T09:25:35+00:00\",\"author\":{\"@id\":\"\"},\"description\":\"Le blues hivernal, ou la d\u00e9pression saisonni\u00e8re, peut se vaincre avec quelques bons r\u00e9flexes \u00e0 appliquer d\u00e8s maintenant. D\u00e9couvrez-les!\",\"breadcrumb\":{\"@id\":\"https:\/\/avogel.fr\/blog\/moral\/depression-saisonniere-comment-vaincre-le-blues-hivernal\/#breadcrumb\"},\"inLanguage\":\"fr-FR\",\"potentialAction\":[{\"@type\":\"ReadAction\",\"target\":[\"https:\/\/avogel.fr\/blog\/moral\/depression-saisonniere-comment-vaincre-le-blues-hivernal\/\"]}]},{\"@type\":\"BreadcrumbList\",\"@id\":\"https:\/\/avogel.fr\/blog\/moral\/depression-saisonniere-comment-vaincre-le-blues-hivernal\/#breadcrumb\",\"itemListElement\":[{\"@type\":\"ListItem\",\"position\":1,\"name\":\"Accueil\",\"item\":\"https:\/\/avogel.fr\/blog\/\"},{\"@type\":\"ListItem\",\"position\":2,\"name\":\"D\u00e9pression saisonni\u00e8re : comment vaincre le blues hivernal?\"}]},{\"@type\":\"WebSite\",\"@id\":\"https:\/\/avogel.fr\/blog\/#website\",\"url\":\"https:\/\/avogel.fr\/blog\/\",\"name\":\"A.Vogel - Compl\u00e9ments alimentaires naturels\",\"description\":\"Retrouvez tous nos conseils pour rester naturellement fort - Compl\u00e9ments \u00e0 base de plantes fra\u00eeches biologiques\",\"potentialAction\":[{\"@type\":\"SearchAction\",\"target\":{\"@type\":\"EntryPoint\",\"urlTemplate\":\"https:\/\/avogel.fr\/blog\/?s={search_term_string}\"},\"query-input\":\"required name=search_term_string\"}],\"inLanguage\":\"fr-FR\"},{\"@type\":\"Person\",\"@id\":\"\",\"url\":\"https:\/\/avogel.fr\/blog\/author\/\"}]}<\/script>\n<!-- \/ Yoast SEO plugin. -->","yoast_head_json":{"title":"D\u00e9pression saisonni\u00e8re : vaincre le blues hivernal | A.Vogel","description":"Le blues hivernal, ou la d\u00e9pression saisonni\u00e8re, peut se vaincre avec quelques bons r\u00e9flexes \u00e0 appliquer d\u00e8s maintenant. D\u00e9couvrez-les!","robots":{"index":"index","follow":"follow","max-snippet":"max-snippet:-1","max-image-preview":"max-image-preview:large","max-video-preview":"max-video-preview:-1"},"canonical":"https:\/\/avogel.fr\/blog\/moral\/depression-saisonniere-comment-vaincre-le-blues-hivernal\/","og_locale":"fr_FR","og_type":"article","og_title":"D\u00e9pression saisonni\u00e8re : vaincre le blues hivernal | A.Vogel","og_description":"Le blues hivernal, ou la d\u00e9pression saisonni\u00e8re, peut se vaincre avec quelques bons r\u00e9flexes \u00e0 appliquer d\u00e8s maintenant. D\u00e9couvrez-les!","og_url":"https:\/\/avogel.fr\/blog\/moral\/depression-saisonniere-comment-vaincre-le-blues-hivernal\/","og_site_name":"A.Vogel - Compl\u00e9ments alimentaires naturels","article_published_time":"2014-11-05T14:28:34+00:00","article_modified_time":"2021-11-02T09:25:35+00:00","og_image":[{"width":1200,"height":627,"url":"https:\/\/avogel.fr\/blog\/wp-content\/uploads\/2014\/11\/depression-saisonniere-blues-hiver.jpg","type":"image\/jpeg"}],"twitter_card":"summary_large_image","twitter_misc":{"\u00c9crit par":"","Dur\u00e9e de lecture estim\u00e9e":"3 minutes"},"schema":{"@context":"https:\/\/schema.org","@graph":[{"@type":"WebPage","@id":"https:\/\/avogel.fr\/blog\/moral\/depression-saisonniere-comment-vaincre-le-blues-hivernal\/","url":"https:\/\/avogel.fr\/blog\/moral\/depression-saisonniere-comment-vaincre-le-blues-hivernal\/","name":"D\u00e9pression saisonni\u00e8re : vaincre le blues hivernal | A.Vogel","isPartOf":{"@id":"https:\/\/avogel.fr\/blog\/#website"},"datePublished":"2014-11-05T14:28:34+00:00","dateModified":"2021-11-02T09:25:35+00:00","author":{"@id":""},"description":"Le blues hivernal, ou la d\u00e9pression saisonni\u00e8re, peut se vaincre avec quelques bons r\u00e9flexes \u00e0 appliquer d\u00e8s maintenant. D\u00e9couvrez-les!","breadcrumb":{"@id":"https:\/\/avogel.fr\/blog\/moral\/depression-saisonniere-comment-vaincre-le-blues-hivernal\/#breadcrumb"},"inLanguage":"fr-FR","potentialAction":[{"@type":"ReadAction","target":["https:\/\/avogel.fr\/blog\/moral\/depression-saisonniere-comment-vaincre-le-blues-hivernal\/"]}]},{"@type":"BreadcrumbList","@id":"https:\/\/avogel.fr\/blog\/moral\/depression-saisonniere-comment-vaincre-le-blues-hivernal\/#breadcrumb","itemListElement":[{"@type":"ListItem","position":1,"name":"Accueil","item":"https:\/\/avogel.fr\/blog\/"},{"@type":"ListItem","position":2,"name":"D\u00e9pression saisonni\u00e8re : comment vaincre le blues hivernal?"}]},{"@type":"WebSite","@id":"https:\/\/avogel.fr\/blog\/#website","url":"https:\/\/avogel.fr\/blog\/","name":"A.Vogel - Compl\u00e9ments alimentaires naturels","description":"Retrouvez tous nos conseils pour rester naturellement fort - Compl\u00e9ments \u00e0 base de plantes fra\u00eeches biologiques","potentialAction":[{"@type":"SearchAction","target":{"@type":"EntryPoint","urlTemplate":"https:\/\/avogel.fr\/blog\/?s={search_term_string}"},"query-input":"required name=search_term_string"}],"inLanguage":"fr-FR"},{"@type":"Person","@id":"","url":"https:\/\/avogel.fr\/blog\/author\/"}]}},"_links":{"self":[{"href":"https:\/\/avogel.fr\/blog\/wp-json\/wp\/v2\/posts\/3321","targetHints":{"allow":["GET"]}}],"collection":[{"href":"https:\/\/avogel.fr\/blog\/wp-json\/wp\/v2\/posts"}],"about":[{"href":"https:\/\/avogel.fr\/blog\/wp-json\/wp\/v2\/types\/post"}],"author":[{"embeddable":true,"href":"https:\/\/avogel.fr\/blog\/wp-json\/wp\/v2\/users\/5"}],"replies":[{"embeddable":true,"href":"https:\/\/avogel.fr\/blog\/wp-json\/wp\/v2\/comments?post=3321"}],"version-history":[{"count":2,"href":"https:\/\/avogel.fr\/blog\/wp-json\/wp\/v2\/posts\/3321\/revisions"}],"predecessor-version":[{"id":5963,"href":"https:\/\/avogel.fr\/blog\/wp-json\/wp\/v2\/posts\/3321\/revisions\/5963"}],"wp:featuredmedia":[{"embeddable":true,"href":"https:\/\/avogel.fr\/blog\/wp-json\/wp\/v2\/media\/8767"}],"wp:attachment":[{"href":"https:\/\/avogel.fr\/blog\/wp-json\/wp\/v2\/media?parent=3321"}],"wp:term":[{"taxonomy":"category","embeddable":true,"href":"https:\/\/avogel.fr\/blog\/wp-json\/wp\/v2\/categories?post=3321"},{"taxonomy":"post_tag","embeddable":true,"href":"https:\/\/avogel.fr\/blog\/wp-json\/wp\/v2\/tags?post=3321"}],"curies":[{"name":"wp","href":"https:\/\/api.w.org\/{rel}","templated":true}]}}