{"id":3249,"date":"2014-07-21T15:24:57","date_gmt":"2014-07-21T13:24:57","guid":{"rendered":"http:\/\/www.avogel.fr\/blog\/?p=3249"},"modified":"2022-04-22T15:51:43","modified_gmt":"2022-04-22T13:51:43","slug":"mini-potager-dans-la-cuisine","status":"publish","type":"post","link":"https:\/\/avogel.fr\/blog\/epicerie\/mini-potager-dans-la-cuisine\/","title":{"rendered":"Un mini potager dans la cuisine, c\u2019est facile !"},"content":{"rendered":"<p style=\"text-align: justify;\">Fruits, l\u00e9gumes, plantes aromatiques\u2026 \u00a0les citadins peuvent eux aussi conna\u00eetre le plaisir de consommer leurs propres plantations. Il est possible de cultiver son <b>mini potager<\/b> \u00e0 l\u2019int\u00e9rieur, <!--moredans sa cuisine ou son salon !-->dans sa cuisine ou son salon !<\/p>\n<h2 style=\"text-align: left;\">Deux types de potager<\/h2>\n<ul style=\"text-align: justify;\">\n<li><b>Potager en hauteur :<\/b> ce potager tr\u00e8s pratique permet de cultiver \u00e0 hauteur de la taille.<\/li>\n<\/ul>\n<ul style=\"text-align: justify;\">\n<li><b>Potager en carr\u00e9 :<\/b> est id\u00e9al pour l\u2019int\u00e9rieur et les petites surfaces. On peut y faire pousser salade, radis, fraises, tomates, cerises, \u2026<\/li>\n<\/ul>\n<h2 style=\"text-align: left;\">Comment cultiver son potager \u00e0 l\u2019int\u00e9rieur ?<\/h2>\n<p style=\"text-align: justify;\">Il est important de cr\u00e9er des conditions favorables pour cultiver les plantations de votre mini potager. Choisissez une <b>pi\u00e8ce lumineuse<\/b> pour que les herbes et l\u00e9gumes puissent se d\u00e9velopper. L\u2019emplacement doit \u00eatre ensoleill\u00e9, clair et a\u00e9r\u00e9.<\/p>\n<p style=\"text-align: justify;\">Optez pour des plantes qui peuvent grandir dans des balconni\u00e8res ou des <b>pots individuels<\/b> : piments, fraises, herbes aromatiques, salades\u2026 Renoncez aux fruits et l\u00e9gumes trop volumineux.<\/p>\n<p style=\"text-align: justify;\">Le fond du contenant sera recouvert de <b>billes d\u2019argile<\/b> pour drainer l\u2019eau, et ensuite de terreau.<\/p>\n<h2 style=\"text-align: left;\">Comment commencer son mini potager ?<\/h2>\n<p style=\"text-align: justify;\">Id\u00e9ales pour les jardiniers d\u2019int\u00e9rieur d\u00e9butants, les <b>herbes aromatiques<\/b> et les <b>graines germ\u00e9es<\/b> rehausseront toutes vos pr\u00e9parations de mani\u00e8re saine et savoureuse.<\/p>\n<h3 style=\"text-align: left;\">Les herbes aromatiques :<\/h3>\n<p style=\"text-align: justify;\">Les herbes aromatiques sont doublement int\u00e9ressantes : elles n\u00e9cessitent un minimum de place et ne demandent que peu d\u2019entretien. De plus, elles <b>agr\u00e9mentent de nombreux plats<\/b> : \u00e0 vous ciboulette, thym, basilic, menthe !<\/p>\n<h3 style=\"text-align: left;\">Graines germ\u00e9es :<\/h3>\n<p style=\"text-align: justify;\">Les graines germ\u00e9es accompagnent le pain, les salades ou l\u2019huile d\u2019olive, les cr\u00eapes, galettes, omelettes, potages,\u2026 Les\u00a0<a title=\"Faire germer des graines bioSnacky\u00ae, rien de plus facile !\" href=\"https:\/\/avogel.fr\/17-graines-a-germer-bio\">graines bioSnacky\u00ae<\/a>, de qualit\u00e9 biologique, sont riches en <b>enzymes,<\/b> prot\u00e9ines, sels min\u00e9raux, oligo-\u00e9l\u00e9ments et vitamines.<\/p>\n<p style=\"text-align: justify;\">Pour faire germer des graines dans sa cuisine, il suffit d\u2019un germoir, de semences, de lumi\u00e8re (indirecte), d\u2019air et d\u2019eau. Vous pouvez commencer par la luzerne, le radis ou haricot mungo, faciles \u00e0 germer. Vous trouverez <a title=\"bioSnacky Germoir classique - Mode d'emploi\" href=\"https:\/\/avogel.fr\/blog\/germoir-biosnacky-mode-d-emploi\/\">ici le guide pour utiliser votre germoir<\/a> et faire germer vos graines.<\/p>\n","protected":false},"excerpt":{"rendered":"<p>Fruits, l\u00e9gumes, plantes aromatiques\u2026 \u00a0les citadins peuvent eux aussi conna\u00eetre le plaisir de consommer leurs propres plantations. Il est possible de cultiver son mini potager \u00e0 l\u2019int\u00e9rieur,<\/p>\n","protected":false},"author":5,"featured_media":3250,"comment_status":"open","ping_status":"open","sticky":false,"template":"","format":"standard","meta":{"_acf_changed":false,"footnotes":""},"categories":[1563],"tags":[],"class_list":["post-3249","post","type-post","status-publish","format-standard","has-post-thumbnail","hentry","category-epicerie"],"acf":[],"yoast_head":"<!-- This site is optimized with the Yoast SEO plugin v22.0 - https:\/\/yoast.com\/wordpress\/plugins\/seo\/ -->\n<title>Un mini potager dans la cuisine, c\u2019est facile!<\/title>\n<meta name=\"description\" content=\"Avec un mini potager, m\u00eame les citadins sans balcon peuvent cultiver herbes aromatiques, l\u00e9gumes ou graines et d\u00e9guster des plantations maison !\" \/>\n<meta name=\"robots\" content=\"index, follow, max-snippet:-1, max-image-preview:large, max-video-preview:-1\" \/>\n<link rel=\"canonical\" href=\"https:\/\/avogel.fr\/blog\/epicerie\/mini-potager-dans-la-cuisine\/\" \/>\n<meta property=\"og:locale\" content=\"fr_FR\" \/>\n<meta property=\"og:type\" content=\"article\" \/>\n<meta property=\"og:title\" content=\"Un mini potager dans la cuisine, c\u2019est facile!\" \/>\n<meta property=\"og:description\" content=\"Avec un mini potager, m\u00eame les citadins sans balcon peuvent cultiver herbes aromatiques, l\u00e9gumes ou graines et d\u00e9guster des plantations maison !\" \/>\n<meta property=\"og:url\" content=\"https:\/\/avogel.fr\/blog\/epicerie\/mini-potager-dans-la-cuisine\/\" \/>\n<meta property=\"og:site_name\" content=\"A.Vogel - Compl\u00e9ments alimentaires naturels\" \/>\n<meta property=\"article:published_time\" content=\"2014-07-21T13:24:57+00:00\" \/>\n<meta property=\"article:modified_time\" content=\"2022-04-22T13:51:43+00:00\" \/>\n<meta property=\"og:image\" content=\"https:\/\/avogel.fr\/blog\/wp-content\/uploads\/2014\/07\/mini-potager-dans-la-cuisine-1.jpg\" \/>\n\t<meta property=\"og:image:width\" content=\"424\" \/>\n\t<meta property=\"og:image:height\" content=\"283\" \/>\n\t<meta property=\"og:image:type\" content=\"image\/jpeg\" \/>\n<meta name=\"twitter:card\" content=\"summary_large_image\" \/>\n<meta name=\"twitter:label1\" content=\"\u00c9crit par\" \/>\n\t<meta name=\"twitter:data1\" content=\"\" \/>\n\t<meta name=\"twitter:label2\" content=\"Dur\u00e9e de lecture estim\u00e9e\" \/>\n\t<meta name=\"twitter:data2\" content=\"2 minutes\" \/>\n<script type=\"application\/ld+json\" class=\"yoast-schema-graph\">{\"@context\":\"https:\/\/schema.org\",\"@graph\":[{\"@type\":\"WebPage\",\"@id\":\"https:\/\/avogel.fr\/blog\/epicerie\/mini-potager-dans-la-cuisine\/\",\"url\":\"https:\/\/avogel.fr\/blog\/epicerie\/mini-potager-dans-la-cuisine\/\",\"name\":\"Un mini potager dans la cuisine, c\u2019est facile!\",\"isPartOf\":{\"@id\":\"https:\/\/avogel.fr\/blog\/#website\"},\"datePublished\":\"2014-07-21T13:24:57+00:00\",\"dateModified\":\"2022-04-22T13:51:43+00:00\",\"author\":{\"@id\":\"\"},\"description\":\"Avec un mini potager, m\u00eame les citadins sans balcon peuvent cultiver herbes aromatiques, l\u00e9gumes ou graines et d\u00e9guster des plantations maison !\",\"breadcrumb\":{\"@id\":\"https:\/\/avogel.fr\/blog\/epicerie\/mini-potager-dans-la-cuisine\/#breadcrumb\"},\"inLanguage\":\"fr-FR\",\"potentialAction\":[{\"@type\":\"ReadAction\",\"target\":[\"https:\/\/avogel.fr\/blog\/epicerie\/mini-potager-dans-la-cuisine\/\"]}]},{\"@type\":\"BreadcrumbList\",\"@id\":\"https:\/\/avogel.fr\/blog\/epicerie\/mini-potager-dans-la-cuisine\/#breadcrumb\",\"itemListElement\":[{\"@type\":\"ListItem\",\"position\":1,\"name\":\"Accueil\",\"item\":\"https:\/\/avogel.fr\/blog\/\"},{\"@type\":\"ListItem\",\"position\":2,\"name\":\"Un mini potager dans la cuisine, c\u2019est facile !\"}]},{\"@type\":\"WebSite\",\"@id\":\"https:\/\/avogel.fr\/blog\/#website\",\"url\":\"https:\/\/avogel.fr\/blog\/\",\"name\":\"A.Vogel - Compl\u00e9ments alimentaires naturels\",\"description\":\"Retrouvez tous nos conseils pour rester naturellement fort - Compl\u00e9ments \u00e0 base de plantes fra\u00eeches biologiques\",\"potentialAction\":[{\"@type\":\"SearchAction\",\"target\":{\"@type\":\"EntryPoint\",\"urlTemplate\":\"https:\/\/avogel.fr\/blog\/?s={search_term_string}\"},\"query-input\":\"required name=search_term_string\"}],\"inLanguage\":\"fr-FR\"},{\"@type\":\"Person\",\"@id\":\"\",\"url\":\"https:\/\/avogel.fr\/blog\/author\/\"}]}<\/script>\n<!-- \/ Yoast SEO plugin. -->","yoast_head_json":{"title":"Un mini potager dans la cuisine, c\u2019est facile!","description":"Avec un mini potager, m\u00eame les citadins sans balcon peuvent cultiver herbes aromatiques, l\u00e9gumes ou graines et d\u00e9guster des plantations maison !","robots":{"index":"index","follow":"follow","max-snippet":"max-snippet:-1","max-image-preview":"max-image-preview:large","max-video-preview":"max-video-preview:-1"},"canonical":"https:\/\/avogel.fr\/blog\/epicerie\/mini-potager-dans-la-cuisine\/","og_locale":"fr_FR","og_type":"article","og_title":"Un mini potager dans la cuisine, c\u2019est facile!","og_description":"Avec un mini potager, m\u00eame les citadins sans balcon peuvent cultiver herbes aromatiques, l\u00e9gumes ou graines et d\u00e9guster des plantations maison !","og_url":"https:\/\/avogel.fr\/blog\/epicerie\/mini-potager-dans-la-cuisine\/","og_site_name":"A.Vogel - Compl\u00e9ments alimentaires naturels","article_published_time":"2014-07-21T13:24:57+00:00","article_modified_time":"2022-04-22T13:51:43+00:00","og_image":[{"width":424,"height":283,"url":"https:\/\/avogel.fr\/blog\/wp-content\/uploads\/2014\/07\/mini-potager-dans-la-cuisine-1.jpg","type":"image\/jpeg"}],"twitter_card":"summary_large_image","twitter_misc":{"\u00c9crit par":"","Dur\u00e9e de lecture estim\u00e9e":"2 minutes"},"schema":{"@context":"https:\/\/schema.org","@graph":[{"@type":"WebPage","@id":"https:\/\/avogel.fr\/blog\/epicerie\/mini-potager-dans-la-cuisine\/","url":"https:\/\/avogel.fr\/blog\/epicerie\/mini-potager-dans-la-cuisine\/","name":"Un mini potager dans la cuisine, c\u2019est facile!","isPartOf":{"@id":"https:\/\/avogel.fr\/blog\/#website"},"datePublished":"2014-07-21T13:24:57+00:00","dateModified":"2022-04-22T13:51:43+00:00","author":{"@id":""},"description":"Avec un mini potager, m\u00eame les citadins sans balcon peuvent cultiver herbes aromatiques, l\u00e9gumes ou graines et d\u00e9guster des plantations maison !","breadcrumb":{"@id":"https:\/\/avogel.fr\/blog\/epicerie\/mini-potager-dans-la-cuisine\/#breadcrumb"},"inLanguage":"fr-FR","potentialAction":[{"@type":"ReadAction","target":["https:\/\/avogel.fr\/blog\/epicerie\/mini-potager-dans-la-cuisine\/"]}]},{"@type":"BreadcrumbList","@id":"https:\/\/avogel.fr\/blog\/epicerie\/mini-potager-dans-la-cuisine\/#breadcrumb","itemListElement":[{"@type":"ListItem","position":1,"name":"Accueil","item":"https:\/\/avogel.fr\/blog\/"},{"@type":"ListItem","position":2,"name":"Un mini potager dans la cuisine, c\u2019est facile !"}]},{"@type":"WebSite","@id":"https:\/\/avogel.fr\/blog\/#website","url":"https:\/\/avogel.fr\/blog\/","name":"A.Vogel - Compl\u00e9ments alimentaires naturels","description":"Retrouvez tous nos conseils pour rester naturellement fort - Compl\u00e9ments \u00e0 base de plantes fra\u00eeches biologiques","potentialAction":[{"@type":"SearchAction","target":{"@type":"EntryPoint","urlTemplate":"https:\/\/avogel.fr\/blog\/?s={search_term_string}"},"query-input":"required name=search_term_string"}],"inLanguage":"fr-FR"},{"@type":"Person","@id":"","url":"https:\/\/avogel.fr\/blog\/author\/"}]}},"_links":{"self":[{"href":"https:\/\/avogel.fr\/blog\/wp-json\/wp\/v2\/posts\/3249","targetHints":{"allow":["GET"]}}],"collection":[{"href":"https:\/\/avogel.fr\/blog\/wp-json\/wp\/v2\/posts"}],"about":[{"href":"https:\/\/avogel.fr\/blog\/wp-json\/wp\/v2\/types\/post"}],"author":[{"embeddable":true,"href":"https:\/\/avogel.fr\/blog\/wp-json\/wp\/v2\/users\/5"}],"replies":[{"embeddable":true,"href":"https:\/\/avogel.fr\/blog\/wp-json\/wp\/v2\/comments?post=3249"}],"version-history":[{"count":8,"href":"https:\/\/avogel.fr\/blog\/wp-json\/wp\/v2\/posts\/3249\/revisions"}],"predecessor-version":[{"id":8893,"href":"https:\/\/avogel.fr\/blog\/wp-json\/wp\/v2\/posts\/3249\/revisions\/8893"}],"wp:featuredmedia":[{"embeddable":true,"href":"https:\/\/avogel.fr\/blog\/wp-json\/wp\/v2\/media\/3250"}],"wp:attachment":[{"href":"https:\/\/avogel.fr\/blog\/wp-json\/wp\/v2\/media?parent=3249"}],"wp:term":[{"taxonomy":"category","embeddable":true,"href":"https:\/\/avogel.fr\/blog\/wp-json\/wp\/v2\/categories?post=3249"},{"taxonomy":"post_tag","embeddable":true,"href":"https:\/\/avogel.fr\/blog\/wp-json\/wp\/v2\/tags?post=3249"}],"curies":[{"name":"wp","href":"https:\/\/api.w.org\/{rel}","templated":true}]}}