{"id":10609,"date":"2026-08-31T19:20:00","date_gmt":"2026-08-31T17:20:00","guid":{"rendered":"https:\/\/avogel.fr\/blog\/?p=10609"},"modified":"2026-08-31T19:23:43","modified_gmt":"2026-08-31T17:23:43","slug":"rentree-retrouver-energie","status":"publish","type":"post","link":"https:\/\/avogel.fr\/blog\/bien-etre\/rentree-retrouver-energie\/","title":{"rendered":"Rentr\u00e9e : comment retrouver son \u00e9nergie et son \u00e9quilibre apr\u00e8s les vacances ?"},"content":{"rendered":"<p>Le corps et l&rsquo;esprit ont besoin de temps pour retrouver leurs rep\u00e8res : un sommeil r\u00e9gulier, une alimentation \u00e9quilibr\u00e9e et une reprise progressive de l&rsquo;activit\u00e9 physique peuvent accompagner cette transition. Certaines vitamines et certains min\u00e9raux, comme la vitamine C ou le magn\u00e9sium, contribuent \u00e0 r\u00e9duire la fatigue, tandis que des plantes fra\u00eeches comme le guarana ou l&rsquo;\u00e9leuth\u00e9rocoque soutiennent la vitalit\u00e9 au quotidien.<\/p>\n<hr \/>\n<p><strong>Sommaire :<\/strong><\/p>\n<ol>\n<li><a href=\"#rentree\">Pourquoi la rentr\u00e9e provoque-t-elle une baisse d&rsquo;\u00e9nergie ?<\/a><\/li>\n<li><a href=\"#signes\">Les signes qui montrent que votre corps manque d&rsquo;\u00e9nergie<\/a><\/li>\n<li><a href=\"#plantes\">Les plantes et nutriments qui accompagnent la vitalit\u00e9<\/a><\/li>\n<\/ol>\n<hr \/>\n<h2 id=\"rentree\">Pourquoi la rentr\u00e9e provoque-t-elle une baisse d&rsquo;\u00e9nergie ?<\/h2>\n<h3>Le changement de rythme bouleverse l&rsquo;horloge biologique<\/h3>\n<p>Pendant les vacances, vous vous \u00eates couch\u00e9 plus tard et lev\u00e9 sans r\u00e9veil. Les repas ont suivi un rythme diff\u00e9rent. Votre corps s&rsquo;est adapt\u00e9 \u00e0 cette nouvelle organisation. La reprise impose un retour \u00e0 des horaires fixes. Votre horloge interne a besoin de quelques jours pour retrouver ses rep\u00e8res.<\/p>\n<h3>Le cerveau passe d&rsquo;un mode repos \u00e0 un mode sollicitation<\/h3>\n<p>Pendant les vacances, votre esprit fonctionne diff\u00e9remment. Les d\u00e9cisions se font plus rares, l&rsquo;organisation reste simple et les journ\u00e9es demandent moins de concentration. \u00c0 la reprise, tout s&rsquo;inverse. Votre cerveau doit de nouveau g\u00e9rer des plannings, traiter des informations et faire des choix tout au long de la journ\u00e9e.<\/p>\n<p>Cette transition ne se fait pas en un claquement de doigts. Les premi\u00e8res semaines, vous pouvez ressentir une fatigue mentale en fin de journ\u00e9e. Vous avez parfois l&rsquo;impression de fonctionner au ralenti ou de perdre le fil plus vite qu&rsquo;avant. C&rsquo;est une r\u00e9action normale. <strong>Votre esprit a simplement besoin de quelques jours pour retrouver son rythme.<\/strong><\/p>\n<h2 id=\"signes\">Les signes qui montrent que votre corps manque d&rsquo;\u00e9nergie<\/h2>\n<h3>Fatigue physique et somnolence persistante<\/h3>\n<p>Le r\u00e9veil devient difficile. Vous avez l&rsquo;impression de tra\u00eener un poids d\u00e8s le matin. Vos muscles manquent de tonus et les gestes du quotidien demandent plus d&rsquo;efforts qu&rsquo;avant les vacances. En journ\u00e9e, des envies de dormir apparaissent, parfois d\u00e8s la fin de matin\u00e9e ou apr\u00e8s le d\u00e9jeuner. Ces signaux indiquent que votre corps n&rsquo;a pas encore retrouv\u00e9 son rythme.<\/p>\n<h3>Baisse de concentration et fatigue mentale<\/h3>\n<ul>\n<li>Vous perdez le fil d&rsquo;une conversation ?<\/li>\n<li>Vous relisez la m\u00eame ligne plusieurs fois ?<\/li>\n<li>Vous passez d&rsquo;une t\u00e2che \u00e0 l&rsquo;autre sans vraiment en terminer aucune ?<\/li>\n<\/ul>\n<p><strong>Ces difficult\u00e9s \u00e0 rester attentif traduisent une fatigue mentale.<\/strong> Votre cerveau, sollicit\u00e9 plus intens\u00e9ment qu&rsquo;en vacances, peine \u00e0 maintenir le niveau de concentration habituel. La productivit\u00e9 baisse. Les erreurs d&rsquo;inattention se multiplient. Ces signaux vous indiquent que votre esprit a besoin de temps pour retrouver sa pleine capacit\u00e9.<\/p>\n<p><img loading=\"lazy\" decoding=\"async\" class=\"alignnone wp-image-10612\" src=\"https:\/\/avogel.fr\/blog\/wp-content\/uploads\/2026\/08\/fatigue-rentree-scolaire-300x156.jpg\" alt=\"Enfant fatigu\u00e9 par sa rentr\u00e9e scolaire\" width=\"640\" height=\"333\" srcset=\"https:\/\/avogel.fr\/blog\/wp-content\/uploads\/2026\/08\/fatigue-rentree-scolaire-300x156.jpg 300w, https:\/\/avogel.fr\/blog\/wp-content\/uploads\/2026\/08\/fatigue-rentree-scolaire-768x399.jpg 768w, https:\/\/avogel.fr\/blog\/wp-content\/uploads\/2026\/08\/fatigue-rentree-scolaire.jpg 1000w\" sizes=\"(max-width: 640px) 100vw, 640px\" \/><\/p>\n<h3>Irritabilit\u00e9 et sensibilit\u00e9 au stress<\/h3>\n<p>Quand l&rsquo;\u00e9nergie manque, l&rsquo;humeur en ressent les effets. Une remarque anodine peut vous agacer. Une file d&rsquo;attente trop longue vous met \u00e0 bout. Ces r\u00e9actions ne vous ressemblent pas toujours. Elles traduisent un organisme qui fonctionne avec des r\u00e9serves limit\u00e9es.<\/p>\n<p>Les petites tensions du quotidien deviennent alors plus difficiles \u00e0 g\u00e9rer. Vous pouvez vous sentir \u00e0 fleur de peau face \u00e0 des situations qui, en temps normal, ne vous affecteraient pas. <strong>Ce manque de recul est souvent li\u00e9 \u00e0 une fatigue qui touche autant le corps que l&rsquo;esprit.<\/strong> Retrouver un meilleur \u00e9quilibre passe aussi par une attention port\u00e9e \u00e0 ces signaux \u00e9motionnels.<\/p>\n<h2 id=\"plantes\">Les plantes et nutriments qui accompagnent la vitalit\u00e9<\/h2>\n<h3>Vitamines du groupe B et magn\u00e9sium pour r\u00e9duire la fatigue<\/h3>\n<p>Votre organisme transforme les aliments en \u00e9nergie gr\u00e2ce \u00e0 un processus appel\u00e9 <em>m\u00e9tabolisme \u00e9nerg\u00e9tique<\/em>. Les vitamines B2, B3, B5, B6, B9 et B12 participent \u00e0 ce m\u00e9canisme. Elles aident votre corps \u00e0 utiliser les nutriments que vous lui apportez chaque jour. Sans ces vitamines en quantit\u00e9 suffisante, la transformation se fait moins bien. La fatigue peut alors s&rsquo;installer plus facilement.<\/p>\n<p><strong>Le magn\u00e9sium joue lui aussi un r\u00f4le dans ce processus.<\/strong> Il intervient dans le fonctionnement du syst\u00e8me nerveux et dans la fonction musculaire. Une alimentation vari\u00e9e apporte g\u00e9n\u00e9ralement ces nutriments. Pourtant, lors des p\u00e9riodes de reprise intense, les apports peuvent ne pas suffire. Des compl\u00e9ments alimentaires \u00e0 base de vitamines B et de magn\u00e9sium peuvent alors accompagner votre organisme et contribuer \u00e0 r\u00e9duire la fatigue passag\u00e8re.<\/p>\n<h3>Vitamine C et vitamine D3 pour soutenir l&rsquo;immunit\u00e9<\/h3>\n<p>La vitamine C ne se limite pas \u00e0 son r\u00f4le dans les d\u00e9fenses de l&rsquo;organisme. Elle contribue aussi \u00e0 r\u00e9duire la fatigue. Apr\u00e8s les vacances, quand les journ\u00e9es se chargent \u00e0 nouveau, cet apport peut accompagner votre corps dans sa reprise. <strong>On la trouve dans les agrumes, les kiwis ou les poivrons.<\/strong> Une alimentation vari\u00e9e couvre souvent les besoins. Pourtant, lors des p\u00e9riodes de transition, un compl\u00e9ment alimentaire \u00e0 base de vitamine C comme le <a href=\"https:\/\/avogel.fr\/immunite\/1225-immune-active.html\">Immune Active A.Vogel<\/a> peut aider \u00e0 maintenir un bon \u00e9quilibre.<\/p>\n<p>La vitamine D3 joue un r\u00f4le dans le fonctionnement du syst\u00e8me immunitaire. \u00c0 l&rsquo;approche de l&rsquo;automne, l&rsquo;exposition au soleil diminue. Votre corps produit alors moins de vitamine D naturellement. C&rsquo;est souvent \u00e0 ce moment que les apports deviennent insuffisants. Une suppl\u00e9mentation peut accompagner cette p\u00e9riode de changement de saison et soutenir votre organisme au quotidien.<\/p>\n<p><img loading=\"lazy\" decoding=\"async\" class=\"alignnone wp-image-10613\" src=\"https:\/\/avogel.fr\/blog\/wp-content\/uploads\/2026\/08\/kiwi-300x200.jpg\" alt=\"Couteau qui coupe un kiwi\" width=\"640\" height=\"427\" srcset=\"https:\/\/avogel.fr\/blog\/wp-content\/uploads\/2026\/08\/kiwi-300x200.jpg 300w, https:\/\/avogel.fr\/blog\/wp-content\/uploads\/2026\/08\/kiwi-768x512.jpg 768w, https:\/\/avogel.fr\/blog\/wp-content\/uploads\/2026\/08\/kiwi.jpg 1000w\" sizes=\"(max-width: 640px) 100vw, 640px\" \/><\/p>\n<h3>Plantes fra\u00eeches pour la vitalit\u00e9 : guarana et \u00e9leuth\u00e9rocoque<\/h3>\n<p>Quand la fatigue mentale s&rsquo;installe apr\u00e8s la reprise, il devient parfois difficile de rester attentif toute la journ\u00e9e. <strong>Le <em>guarana<\/em> pourrait vous accompagner dans ces moments.<\/strong> Cette plante, issue de cultures biologiques, aide \u00e0 maintenir la vigilance. Elle contribue aussi \u00e0 r\u00e9duire la fatigue mentale. Vous pouvez en retrouver dans <a href=\"https:\/\/avogel.fr\/boissons\/1072-bio-energy.html\">Biotta\u00ae Bio Energy,<\/a> notre boisson \u00e9nergisante, naturellement caf\u00e9in\u00e9e et 100% naturel aucun ar\u00f4me ajout\u00e9 100% biologique. Elle fournit une \u00e9nergie saine en cas de fatigue mentale et physique ou en cas de sollicitations importantes dans la vie professionnelle ou quotidienne.<\/p>\n<p><strong>Vous pourriez ainsi retrouver plus de clart\u00e9 dans vos journ\u00e9es charg\u00e9es.\u00a0<\/strong><\/p>\n<figure id=\"attachment_10616\" aria-describedby=\"caption-attachment-10616\" style=\"width: 640px\" class=\"wp-caption alignnone\"><img loading=\"lazy\" decoding=\"async\" class=\"wp-image-10616\" src=\"https:\/\/avogel.fr\/blog\/wp-content\/uploads\/2026\/08\/guarana-300x200.jpg\" alt=\"Guarana\" width=\"640\" height=\"427\" srcset=\"https:\/\/avogel.fr\/blog\/wp-content\/uploads\/2026\/08\/guarana-300x200.jpg 300w, https:\/\/avogel.fr\/blog\/wp-content\/uploads\/2026\/08\/guarana-768x512.jpg 768w, https:\/\/avogel.fr\/blog\/wp-content\/uploads\/2026\/08\/guarana.jpg 1000w\" sizes=\"(max-width: 640px) 100vw, 640px\" \/><figcaption id=\"caption-attachment-10616\" class=\"wp-caption-text\">Guarana<\/figcaption><\/figure>\n<p>L&rsquo;\u00e9leuth\u00e9rocoque, parfois appel\u00e9 <em>ginseng sib\u00e9rien<\/em>, agit diff\u00e9remment. Cette plante soutient les capacit\u00e9s physiques et mentales, notamment en cas de fatigue ou d&rsquo;\u00e9puisement. Elle s&rsquo;adresse \u00e0 ceux qui ressentent une baisse de tonus prolong\u00e9e et qui cherchent un appui naturel pour traverser cette p\u00e9riode de transition.<\/p>\n<p>Ces deux plantes gagnent \u00e0 \u00eatre utilis\u00e9es sous forme de compl\u00e9ments alimentaires \u00e0 base de v\u00e9g\u00e9taux fra\u00eechement r\u00e9colt\u00e9s. La fra\u00eecheur des plantes au moment de leur transformation pr\u00e9serve leurs qualit\u00e9s. Un compl\u00e9ment qui associe ces actifs peut ainsi accompagner votre organisme au quotidien, en compl\u00e9ment d&rsquo;une alimentation vari\u00e9e et d&rsquo;un rythme de vie adapt\u00e9.<\/p>\n<figure id=\"attachment_10614\" aria-describedby=\"caption-attachment-10614\" style=\"width: 640px\" class=\"wp-caption alignnone\"><img loading=\"lazy\" decoding=\"async\" class=\"wp-image-10614\" src=\"https:\/\/avogel.fr\/blog\/wp-content\/uploads\/2026\/08\/eleutherococcus-300x200.jpg\" alt=\"Eleutherococcus, ginseng sib\u00e9rien\" width=\"640\" height=\"427\" srcset=\"https:\/\/avogel.fr\/blog\/wp-content\/uploads\/2026\/08\/eleutherococcus-300x200.jpg 300w, https:\/\/avogel.fr\/blog\/wp-content\/uploads\/2026\/08\/eleutherococcus-768x512.jpg 768w, https:\/\/avogel.fr\/blog\/wp-content\/uploads\/2026\/08\/eleutherococcus.jpg 1000w\" sizes=\"(max-width: 640px) 100vw, 640px\" \/><figcaption id=\"caption-attachment-10614\" class=\"wp-caption-text\">\u00c9leuth\u00e9rocoque (ou ginseng sib\u00e9rien)<\/figcaption><\/figure>\n<hr \/>\n<p><strong>La rentr\u00e9e demande un temps d&rsquo;adaptation, et c&rsquo;est tout \u00e0 fait normal.<\/strong><\/p>\n<p>En prenant soin de votre sommeil, de votre alimentation et en restant \u00e0 l&rsquo;\u00e9coute de vos besoins, vous pourriez retrouver progressivement votre \u00e9quilibre. Certaines plantes fra\u00eeches et certains nutriments, comme le guarana, l&rsquo;\u00e9leuth\u00e9rocoque ou le magn\u00e9sium, peuvent accompagner votre organisme durant cette p\u00e9riode de transition. <strong>Accordez-vous cette bienveillance : votre corps sait retrouver son rythme quand on lui en laisse le temps.<\/strong><\/p>\n","protected":false},"excerpt":{"rendered":"<p>Le corps et l&rsquo;esprit ont besoin de temps pour retrouver leurs rep\u00e8res : un sommeil r\u00e9gulier, une alimentation \u00e9quilibr\u00e9e et une reprise progressive de l&rsquo;activit\u00e9 physique peuvent accompagner cette transition. Certaines vitamines et certains min\u00e9raux, comme la vitamine C ou le magn\u00e9sium, contribuent \u00e0 r\u00e9duire la fatigue, tandis que des plantes fra\u00eeches comme le guarana [&hellip;]<\/p>\n","protected":false},"author":18,"featured_media":10611,"comment_status":"closed","ping_status":"closed","sticky":false,"template":"","format":"standard","meta":{"_acf_changed":false,"footnotes":""},"categories":[1564],"tags":[],"class_list":["post-10609","post","type-post","status-publish","format-standard","has-post-thumbnail","hentry","category-bien-etre"],"acf":[],"yoast_head":"<!-- This site is optimized with the Yoast SEO plugin v27.6 - https:\/\/yoast.com\/product\/yoast-seo-wordpress\/ -->\n<title>Rentr\u00e9e : comment retrouver son \u00e9nergie apr\u00e8s les vacances ? - A.Vogel - Compl\u00e9ments alimentaires naturels<\/title>\n<meta name=\"description\" content=\"Rentr\u00e9e = retour \u00e0 un rythme soutenu, ce qui peut provoquer une sensation de manque d&#039;\u00e9nergie. Comment faire pour retrouver son \u00e9quilibre ?\" \/>\n<meta name=\"robots\" content=\"index, follow, max-snippet:-1, max-image-preview:large, max-video-preview:-1\" \/>\n<link rel=\"canonical\" href=\"https:\/\/avogel.fr\/blog\/bien-etre\/rentree-retrouver-energie\/\" \/>\n<meta property=\"og:locale\" content=\"fr_FR\" \/>\n<meta property=\"og:type\" content=\"article\" \/>\n<meta property=\"og:title\" content=\"Rentr\u00e9e : comment retrouver son \u00e9nergie apr\u00e8s les vacances ? - A.Vogel - Compl\u00e9ments alimentaires naturels\" \/>\n<meta property=\"og:description\" content=\"Rentr\u00e9e = retour \u00e0 un rythme soutenu, ce qui peut provoquer une sensation de manque d&#039;\u00e9nergie. Comment faire pour retrouver son \u00e9quilibre ?\" \/>\n<meta property=\"og:url\" content=\"https:\/\/avogel.fr\/blog\/bien-etre\/rentree-retrouver-energie\/\" \/>\n<meta property=\"og:site_name\" content=\"A.Vogel - Compl\u00e9ments alimentaires naturels\" \/>\n<meta property=\"article:published_time\" content=\"2026-08-31T17:20:00+00:00\" \/>\n<meta property=\"article:modified_time\" content=\"2026-08-31T17:23:43+00:00\" \/>\n<meta property=\"og:image\" content=\"https:\/\/avogel.fr\/blog\/wp-content\/uploads\/2026\/08\/fatigue.jpg\" \/>\n\t<meta property=\"og:image:width\" content=\"1000\" \/>\n\t<meta property=\"og:image:height\" content=\"667\" \/>\n\t<meta property=\"og:image:type\" content=\"image\/jpeg\" \/>\n<meta name=\"author\" content=\"annelaure\" \/>\n<meta name=\"twitter:card\" content=\"summary_large_image\" \/>\n<meta name=\"twitter:label1\" content=\"\u00c9crit par\" \/>\n\t<meta name=\"twitter:data1\" content=\"annelaure\" \/>\n\t<meta name=\"twitter:label2\" content=\"Dur\u00e9e de lecture estim\u00e9e\" \/>\n\t<meta name=\"twitter:data2\" content=\"7 minutes\" \/>\n<script type=\"application\/ld+json\" class=\"yoast-schema-graph\">{\"@context\":\"https:\\\/\\\/schema.org\",\"@graph\":[{\"@type\":\"Article\",\"@id\":\"https:\\\/\\\/avogel.fr\\\/blog\\\/bien-etre\\\/rentree-retrouver-energie\\\/#article\",\"isPartOf\":{\"@id\":\"https:\\\/\\\/avogel.fr\\\/blog\\\/bien-etre\\\/rentree-retrouver-energie\\\/\"},\"author\":{\"name\":\"annelaure\",\"@id\":\"https:\\\/\\\/avogel.fr\\\/blog\\\/#\\\/schema\\\/person\\\/41eda32365b4eebd04baced4f1946a0a\"},\"headline\":\"Rentr\u00e9e : comment retrouver son \u00e9nergie et son \u00e9quilibre apr\u00e8s les vacances ?\",\"datePublished\":\"2026-08-31T17:20:00+00:00\",\"dateModified\":\"2026-08-31T17:23:43+00:00\",\"mainEntityOfPage\":{\"@id\":\"https:\\\/\\\/avogel.fr\\\/blog\\\/bien-etre\\\/rentree-retrouver-energie\\\/\"},\"wordCount\":1241,\"image\":{\"@id\":\"https:\\\/\\\/avogel.fr\\\/blog\\\/bien-etre\\\/rentree-retrouver-energie\\\/#primaryimage\"},\"thumbnailUrl\":\"https:\\\/\\\/avogel.fr\\\/blog\\\/wp-content\\\/uploads\\\/2026\\\/08\\\/fatigue.jpg\",\"articleSection\":[\"Bien-\u00eatre\"],\"inLanguage\":\"fr-FR\"},{\"@type\":\"WebPage\",\"@id\":\"https:\\\/\\\/avogel.fr\\\/blog\\\/bien-etre\\\/rentree-retrouver-energie\\\/\",\"url\":\"https:\\\/\\\/avogel.fr\\\/blog\\\/bien-etre\\\/rentree-retrouver-energie\\\/\",\"name\":\"Rentr\u00e9e : comment retrouver son \u00e9nergie apr\u00e8s les vacances ? - A.Vogel - Compl\u00e9ments alimentaires naturels\",\"isPartOf\":{\"@id\":\"https:\\\/\\\/avogel.fr\\\/blog\\\/#website\"},\"primaryImageOfPage\":{\"@id\":\"https:\\\/\\\/avogel.fr\\\/blog\\\/bien-etre\\\/rentree-retrouver-energie\\\/#primaryimage\"},\"image\":{\"@id\":\"https:\\\/\\\/avogel.fr\\\/blog\\\/bien-etre\\\/rentree-retrouver-energie\\\/#primaryimage\"},\"thumbnailUrl\":\"https:\\\/\\\/avogel.fr\\\/blog\\\/wp-content\\\/uploads\\\/2026\\\/08\\\/fatigue.jpg\",\"datePublished\":\"2026-08-31T17:20:00+00:00\",\"dateModified\":\"2026-08-31T17:23:43+00:00\",\"author\":{\"@id\":\"https:\\\/\\\/avogel.fr\\\/blog\\\/#\\\/schema\\\/person\\\/41eda32365b4eebd04baced4f1946a0a\"},\"description\":\"Rentr\u00e9e = retour \u00e0 un rythme soutenu, ce qui peut provoquer une sensation de manque d'\u00e9nergie. Comment faire pour retrouver son \u00e9quilibre ?\",\"breadcrumb\":{\"@id\":\"https:\\\/\\\/avogel.fr\\\/blog\\\/bien-etre\\\/rentree-retrouver-energie\\\/#breadcrumb\"},\"inLanguage\":\"fr-FR\",\"potentialAction\":[{\"@type\":\"ReadAction\",\"target\":[\"https:\\\/\\\/avogel.fr\\\/blog\\\/bien-etre\\\/rentree-retrouver-energie\\\/\"]}]},{\"@type\":\"ImageObject\",\"inLanguage\":\"fr-FR\",\"@id\":\"https:\\\/\\\/avogel.fr\\\/blog\\\/bien-etre\\\/rentree-retrouver-energie\\\/#primaryimage\",\"url\":\"https:\\\/\\\/avogel.fr\\\/blog\\\/wp-content\\\/uploads\\\/2026\\\/08\\\/fatigue.jpg\",\"contentUrl\":\"https:\\\/\\\/avogel.fr\\\/blog\\\/wp-content\\\/uploads\\\/2026\\\/08\\\/fatigue.jpg\",\"width\":1000,\"height\":667,\"caption\":\"Femme tr\u00e8s fatigu\u00e9e\"},{\"@type\":\"BreadcrumbList\",\"@id\":\"https:\\\/\\\/avogel.fr\\\/blog\\\/bien-etre\\\/rentree-retrouver-energie\\\/#breadcrumb\",\"itemListElement\":[{\"@type\":\"ListItem\",\"position\":1,\"name\":\"Accueil\",\"item\":\"https:\\\/\\\/avogel.fr\\\/blog\\\/\"},{\"@type\":\"ListItem\",\"position\":2,\"name\":\"Rentr\u00e9e : comment retrouver son \u00e9nergie et son \u00e9quilibre apr\u00e8s les vacances ?\"}]},{\"@type\":\"WebSite\",\"@id\":\"https:\\\/\\\/avogel.fr\\\/blog\\\/#website\",\"url\":\"https:\\\/\\\/avogel.fr\\\/blog\\\/\",\"name\":\"A.Vogel - Compl\u00e9ments alimentaires naturels\",\"description\":\"Retrouvez tous nos conseils pour rester naturellement fort - Compl\u00e9ments \u00e0 base de plantes fra\u00eeches biologiques\",\"potentialAction\":[{\"@type\":\"SearchAction\",\"target\":{\"@type\":\"EntryPoint\",\"urlTemplate\":\"https:\\\/\\\/avogel.fr\\\/blog\\\/?s={search_term_string}\"},\"query-input\":{\"@type\":\"PropertyValueSpecification\",\"valueRequired\":true,\"valueName\":\"search_term_string\"}}],\"inLanguage\":\"fr-FR\"},{\"@type\":\"Person\",\"@id\":\"https:\\\/\\\/avogel.fr\\\/blog\\\/#\\\/schema\\\/person\\\/41eda32365b4eebd04baced4f1946a0a\",\"name\":\"annelaure\",\"url\":\"https:\\\/\\\/avogel.fr\\\/blog\\\/author\\\/annelaure\\\/\"}]}<\/script>\n<!-- \/ Yoast SEO plugin. -->","yoast_head_json":{"title":"Rentr\u00e9e : comment retrouver son \u00e9nergie apr\u00e8s les vacances ? - A.Vogel - Compl\u00e9ments alimentaires naturels","description":"Rentr\u00e9e = retour \u00e0 un rythme soutenu, ce qui peut provoquer une sensation de manque d'\u00e9nergie. Comment faire pour retrouver son \u00e9quilibre ?","robots":{"index":"index","follow":"follow","max-snippet":"max-snippet:-1","max-image-preview":"max-image-preview:large","max-video-preview":"max-video-preview:-1"},"canonical":"https:\/\/avogel.fr\/blog\/bien-etre\/rentree-retrouver-energie\/","og_locale":"fr_FR","og_type":"article","og_title":"Rentr\u00e9e : comment retrouver son \u00e9nergie apr\u00e8s les vacances ? - A.Vogel - Compl\u00e9ments alimentaires naturels","og_description":"Rentr\u00e9e = retour \u00e0 un rythme soutenu, ce qui peut provoquer une sensation de manque d'\u00e9nergie. Comment faire pour retrouver son \u00e9quilibre ?","og_url":"https:\/\/avogel.fr\/blog\/bien-etre\/rentree-retrouver-energie\/","og_site_name":"A.Vogel - Compl\u00e9ments alimentaires naturels","article_published_time":"2026-08-31T17:20:00+00:00","article_modified_time":"2026-08-31T17:23:43+00:00","og_image":[{"width":1000,"height":667,"url":"https:\/\/avogel.fr\/blog\/wp-content\/uploads\/2026\/08\/fatigue.jpg","type":"image\/jpeg"}],"author":"annelaure","twitter_card":"summary_large_image","twitter_misc":{"\u00c9crit par":"annelaure","Dur\u00e9e de lecture estim\u00e9e":"7 minutes"},"schema":{"@context":"https:\/\/schema.org","@graph":[{"@type":"Article","@id":"https:\/\/avogel.fr\/blog\/bien-etre\/rentree-retrouver-energie\/#article","isPartOf":{"@id":"https:\/\/avogel.fr\/blog\/bien-etre\/rentree-retrouver-energie\/"},"author":{"name":"annelaure","@id":"https:\/\/avogel.fr\/blog\/#\/schema\/person\/41eda32365b4eebd04baced4f1946a0a"},"headline":"Rentr\u00e9e : comment retrouver son \u00e9nergie et son \u00e9quilibre apr\u00e8s les vacances ?","datePublished":"2026-08-31T17:20:00+00:00","dateModified":"2026-08-31T17:23:43+00:00","mainEntityOfPage":{"@id":"https:\/\/avogel.fr\/blog\/bien-etre\/rentree-retrouver-energie\/"},"wordCount":1241,"image":{"@id":"https:\/\/avogel.fr\/blog\/bien-etre\/rentree-retrouver-energie\/#primaryimage"},"thumbnailUrl":"https:\/\/avogel.fr\/blog\/wp-content\/uploads\/2026\/08\/fatigue.jpg","articleSection":["Bien-\u00eatre"],"inLanguage":"fr-FR"},{"@type":"WebPage","@id":"https:\/\/avogel.fr\/blog\/bien-etre\/rentree-retrouver-energie\/","url":"https:\/\/avogel.fr\/blog\/bien-etre\/rentree-retrouver-energie\/","name":"Rentr\u00e9e : comment retrouver son \u00e9nergie apr\u00e8s les vacances ? - A.Vogel - Compl\u00e9ments alimentaires naturels","isPartOf":{"@id":"https:\/\/avogel.fr\/blog\/#website"},"primaryImageOfPage":{"@id":"https:\/\/avogel.fr\/blog\/bien-etre\/rentree-retrouver-energie\/#primaryimage"},"image":{"@id":"https:\/\/avogel.fr\/blog\/bien-etre\/rentree-retrouver-energie\/#primaryimage"},"thumbnailUrl":"https:\/\/avogel.fr\/blog\/wp-content\/uploads\/2026\/08\/fatigue.jpg","datePublished":"2026-08-31T17:20:00+00:00","dateModified":"2026-08-31T17:23:43+00:00","author":{"@id":"https:\/\/avogel.fr\/blog\/#\/schema\/person\/41eda32365b4eebd04baced4f1946a0a"},"description":"Rentr\u00e9e = retour \u00e0 un rythme soutenu, ce qui peut provoquer une sensation de manque d'\u00e9nergie. Comment faire pour retrouver son \u00e9quilibre ?","breadcrumb":{"@id":"https:\/\/avogel.fr\/blog\/bien-etre\/rentree-retrouver-energie\/#breadcrumb"},"inLanguage":"fr-FR","potentialAction":[{"@type":"ReadAction","target":["https:\/\/avogel.fr\/blog\/bien-etre\/rentree-retrouver-energie\/"]}]},{"@type":"ImageObject","inLanguage":"fr-FR","@id":"https:\/\/avogel.fr\/blog\/bien-etre\/rentree-retrouver-energie\/#primaryimage","url":"https:\/\/avogel.fr\/blog\/wp-content\/uploads\/2026\/08\/fatigue.jpg","contentUrl":"https:\/\/avogel.fr\/blog\/wp-content\/uploads\/2026\/08\/fatigue.jpg","width":1000,"height":667,"caption":"Femme tr\u00e8s fatigu\u00e9e"},{"@type":"BreadcrumbList","@id":"https:\/\/avogel.fr\/blog\/bien-etre\/rentree-retrouver-energie\/#breadcrumb","itemListElement":[{"@type":"ListItem","position":1,"name":"Accueil","item":"https:\/\/avogel.fr\/blog\/"},{"@type":"ListItem","position":2,"name":"Rentr\u00e9e : comment retrouver son \u00e9nergie et son \u00e9quilibre apr\u00e8s les vacances ?"}]},{"@type":"WebSite","@id":"https:\/\/avogel.fr\/blog\/#website","url":"https:\/\/avogel.fr\/blog\/","name":"A.Vogel - Compl\u00e9ments alimentaires naturels","description":"Retrouvez tous nos conseils pour rester naturellement fort - Compl\u00e9ments \u00e0 base de plantes fra\u00eeches biologiques","potentialAction":[{"@type":"SearchAction","target":{"@type":"EntryPoint","urlTemplate":"https:\/\/avogel.fr\/blog\/?s={search_term_string}"},"query-input":{"@type":"PropertyValueSpecification","valueRequired":true,"valueName":"search_term_string"}}],"inLanguage":"fr-FR"},{"@type":"Person","@id":"https:\/\/avogel.fr\/blog\/#\/schema\/person\/41eda32365b4eebd04baced4f1946a0a","name":"annelaure","url":"https:\/\/avogel.fr\/blog\/author\/annelaure\/"}]}},"_links":{"self":[{"href":"https:\/\/avogel.fr\/blog\/wp-json\/wp\/v2\/posts\/10609","targetHints":{"allow":["GET"]}}],"collection":[{"href":"https:\/\/avogel.fr\/blog\/wp-json\/wp\/v2\/posts"}],"about":[{"href":"https:\/\/avogel.fr\/blog\/wp-json\/wp\/v2\/types\/post"}],"author":[{"embeddable":true,"href":"https:\/\/avogel.fr\/blog\/wp-json\/wp\/v2\/users\/18"}],"replies":[{"embeddable":true,"href":"https:\/\/avogel.fr\/blog\/wp-json\/wp\/v2\/comments?post=10609"}],"version-history":[{"count":5,"href":"https:\/\/avogel.fr\/blog\/wp-json\/wp\/v2\/posts\/10609\/revisions"}],"predecessor-version":[{"id":10619,"href":"https:\/\/avogel.fr\/blog\/wp-json\/wp\/v2\/posts\/10609\/revisions\/10619"}],"wp:featuredmedia":[{"embeddable":true,"href":"https:\/\/avogel.fr\/blog\/wp-json\/wp\/v2\/media\/10611"}],"wp:attachment":[{"href":"https:\/\/avogel.fr\/blog\/wp-json\/wp\/v2\/media?parent=10609"}],"wp:term":[{"taxonomy":"category","embeddable":true,"href":"https:\/\/avogel.fr\/blog\/wp-json\/wp\/v2\/categories?post=10609"},{"taxonomy":"post_tag","embeddable":true,"href":"https:\/\/avogel.fr\/blog\/wp-json\/wp\/v2\/tags?post=10609"}],"curies":[{"name":"wp","href":"https:\/\/api.w.org\/{rel}","templated":true}]}}