{"id":10598,"date":"2026-08-31T16:52:45","date_gmt":"2026-08-31T14:52:45","guid":{"rendered":"https:\/\/avogel.fr\/blog\/?p=10598"},"modified":"2026-08-31T16:53:44","modified_gmt":"2026-08-31T14:53:44","slug":"changement-saison-automne","status":"publish","type":"post","link":"https:\/\/avogel.fr\/blog\/metabolisme\/changement-saison-automne\/","title":{"rendered":"Changement de saison : pourquoi notre organisme est-il plus sensible \u00e0 l&rsquo;arriv\u00e9e de l&rsquo;automne ?"},"content":{"rendered":"<p>Votre organisme traverse une p\u00e9riode d&rsquo;adaptation intense, principalement li\u00e9e \u00e0 la diminution de la lumi\u00e8re naturelle qui influence directement votre horloge biologique et la s\u00e9cr\u00e9tion d&rsquo;hormones essentielles comme la m\u00e9latonine. Le syst\u00e8me immunitaire, lui aussi, doit redoubler d&rsquo;efforts face aux premiers virus saisonniers et \u00e0 la baisse des apports en vitamine D.<\/p>\n<p>Heureusement, quelques ajustements simples dans votre quotidien \u2013 exposition \u00e0 la lumi\u00e8re du jour, alimentation de saison, rythme de sommeil r\u00e9gulier \u2013 peuvent vous aider \u00e0 traverser cette transition avec plus de s\u00e9r\u00e9nit\u00e9.<\/p>\n<hr \/>\n<p><strong>Sommaire :<\/strong><\/p>\n<ol>\n<li><a href=\"#mecanisme\">Les m\u00e9canismes physiologiques perturb\u00e9s par le passage \u00e0 l&rsquo;automne<\/a><\/li>\n<li><a href=\"#manifestations\">Les manifestations courantes du changement de saison sur le corps<\/a><\/li>\n<li><a href=\"#automne\">Accompagner naturellement son organisme lors de la transition automnale<\/a><\/li>\n<\/ol>\n<hr \/>\n<h2 id=\"mecanisme\">Les m\u00e9canismes physiologiques perturb\u00e9s par le passage \u00e0 l&rsquo;automne<\/h2>\n<h3>L&rsquo;horloge biologique face \u00e0 la diminution de la lumi\u00e8re<\/h3>\n<p>Votre corps poss\u00e8de une horloge interne qui fonctionne sur un cycle de 24 heures. Cette horloge est directement li\u00e9e \u00e0 la lumi\u00e8re que per\u00e7oit votre r\u00e9tine. <strong>Quand les jours raccourcissent \u00e0 l&rsquo;automne, la dur\u00e9e d&rsquo;exposition \u00e0 la lumi\u00e8re naturelle diminue.<\/strong> Votre cerveau re\u00e7oit alors un signal diff\u00e9rent. Il ajuste la production de m\u00e9latonine, l&rsquo;hormone qui pr\u00e9pare votre corps au sommeil.<\/p>\n<p>Ce changement de rythme lumineux influence aussi la s\u00e9rotonine, une hormone li\u00e9e \u00e0 votre humeur. Moins de lumi\u00e8re du jour peut r\u00e9duire sa production. Vous pourriez alors ressentir une envie de dormir plus t\u00f4t le soir. Ou au contraire, avoir du mal \u00e0 vous endormir \u00e0 votre heure habituelle.<\/p>\n<p>Ces ajustements hormonaux demandent du temps \u00e0 votre organisme pour trouver un nouvel \u00e9quilibre.<\/p>\n<h3>La sollicitation accrue du syst\u00e8me immunitaire<\/h3>\n<p>En automne, vos d\u00e9fenses naturelles font face \u00e0 plusieurs d\u00e9fis en m\u00eame temps. La baisse des temp\u00e9ratures fragilise les voies respiratoires. Les virus saisonniers circulent davantage dans les espaces ferm\u00e9s o\u00f9 nous passons plus de temps. Votre corps produit aussi moins de vitamine D car l&rsquo;exposition au soleil diminue. Or cette vitamine joue un r\u00f4le dans le bon fonctionnement de votre syst\u00e8me immunitaire.<\/p>\n<blockquote><p>R\u00e9sultat : votre organisme doit redoubler d&rsquo;efforts pour maintenir vos d\u00e9fenses \u00e0 un niveau satisfaisant.<\/p><\/blockquote>\n<h3>Les ajustements m\u00e9taboliques et \u00e9nerg\u00e9tiques<\/h3>\n<p>Quand les temp\u00e9ratures baissent, votre corps travaille davantage pour maintenir sa chaleur interne. Ce travail demande plus d&rsquo;\u00e9nergie. Votre m\u00e9tabolisme passe alors d&rsquo;un mode \u00ab\u00a0\u00e9t\u00e9\u00a0\u00bb \u00e0 un mode de stockage. Vous pourriez ressentir une envie accrue de manger des plats plus consistants. C&rsquo;est une r\u00e9ponse naturelle de votre organisme qui cherche \u00e0 constituer des r\u00e9serves pour affronter les mois plus froids.<\/p>\n<h2 id=\"manifestations\">Les manifestations courantes du changement de saison sur le corps<\/h2>\n<h3>Fatigue persistante et troubles du sommeil<\/h3>\n<p>La baisse de lumi\u00e8re naturelle perturbe directement la production de m\u00e9latonine. Cette hormone pr\u00e9pare votre corps au repos. En automne, elle peut \u00eatre s\u00e9cr\u00e9t\u00e9e plus t\u00f4t dans la journ\u00e9e. Vous ressentez alors une envie de dormir d\u00e8s la fin d&rsquo;apr\u00e8s-midi. Paradoxalement, vos nuits peuvent devenir moins r\u00e9cup\u00e9ratrices. Votre sommeil perd en qualit\u00e9 car votre horloge interne peine \u00e0 trouver ses rep\u00e8res.<\/p>\n<p>Une fatigue passag\u00e8re apr\u00e8s le changement de saison est tout \u00e0 fait normale. <strong>Votre corps a besoin d&rsquo;environ trois semaines pour s&rsquo;adapter au nouveau rythme.<\/strong> Par contre, si l&rsquo;\u00e9puisement persiste au-del\u00e0 de cette p\u00e9riode, ou s&rsquo;il vous emp\u00eache de mener vos activit\u00e9s habituelles, il pourrait \u00eatre utile d&rsquo;en parler \u00e0 un professionnel de sant\u00e9. La fatigue qui ne s&rsquo;am\u00e9liore pas avec le repos m\u00e9rite une attention particuli\u00e8re.<\/p>\n<p><img loading=\"lazy\" decoding=\"async\" class=\"alignnone wp-image-10605\" src=\"https:\/\/avogel.fr\/blog\/wp-content\/uploads\/2026\/08\/homme-ordi-fatigue-300x188.jpg\" alt=\"Homme fatigu\u00e9e et allong\u00e9 sur le bureau devant son ordinateur\" width=\"640\" height=\"401\" srcset=\"https:\/\/avogel.fr\/blog\/wp-content\/uploads\/2026\/08\/homme-ordi-fatigue-300x188.jpg 300w, https:\/\/avogel.fr\/blog\/wp-content\/uploads\/2026\/08\/homme-ordi-fatigue-768x481.jpg 768w, https:\/\/avogel.fr\/blog\/wp-content\/uploads\/2026\/08\/homme-ordi-fatigue.jpg 1000w\" sizes=\"(max-width: 640px) 100vw, 640px\" \/><\/p>\n<h3>Baisse du moral et sensibilit\u00e9 \u00e9motionnelle<\/h3>\n<p>La diminution de la lumi\u00e8re du jour agit aussi sur la s\u00e9rotonine. Cette hormone joue un r\u00f4le dans la r\u00e9gulation de votre humeur. Quand elle est moins pr\u00e9sente, vous pourriez vous sentir plus irritable ou avoir un l\u00e9ger coup de mou. Une envie de rester chez soi, une sensibilit\u00e9 aux petits tracas du quotidien. Ces variations \u00e9motionnelles restent passag\u00e8res et ne doivent pas vous alarmer. Elles font partie du processus d&rsquo;adaptation de votre organisme \u00e0 la nouvelle saison.<\/p>\n<h2 id=\"automne\">Accompagner naturellement son organisme lors de la transition automnale<\/h2>\n<h3>S&rsquo;exposer \u00e0 la lumi\u00e8re naturelle et adapter son rythme<\/h3>\n<p>Votre horloge interne a besoin de rep\u00e8res pour fonctionner correctement. Sortir quelques minutes chaque jour, m\u00eame quand le ciel est couvert, pourrait aider votre cerveau \u00e0 mieux r\u00e9guler la production de m\u00e9latonine. Une marche de dix \u00e0 quinze minutes le midi suffit souvent. Profitez de la pause d\u00e9jeuner pour prendre l&rsquo;air plut\u00f4t que de rester \u00e0 l&rsquo;int\u00e9rieur.<\/p>\n<p>Le soir, votre corps se pr\u00e9pare au repos. Limiter les \u00e9crans une \u00e0 deux heures avant le coucher pourrait faciliter l&rsquo;endormissement. Essayez \u00e9galement de vous coucher et de vous lever \u00e0 des heures r\u00e9guli\u00e8res, m\u00eame le week-end. Cette constance aide votre organisme \u00e0 retrouver ses rep\u00e8res plus rapidement lors de la transition automnale.<\/p>\n<p><img loading=\"lazy\" decoding=\"async\" class=\"alignnone wp-image-10603\" src=\"https:\/\/avogel.fr\/blog\/wp-content\/uploads\/2026\/08\/automne-chaussures-300x200.jpg\" alt=\"Personne qui marche dans les feuilles mortes\" width=\"640\" height=\"427\" srcset=\"https:\/\/avogel.fr\/blog\/wp-content\/uploads\/2026\/08\/automne-chaussures-300x200.jpg 300w, https:\/\/avogel.fr\/blog\/wp-content\/uploads\/2026\/08\/automne-chaussures-768x512.jpg 768w, https:\/\/avogel.fr\/blog\/wp-content\/uploads\/2026\/08\/automne-chaussures.jpg 1000w\" sizes=\"(max-width: 640px) 100vw, 640px\" \/><\/p>\n<h3>Privil\u00e9gier une alimentation de saison et l&rsquo;hydratation<\/h3>\n<p>Les fruits et l\u00e9gumes d&rsquo;automne r\u00e9pondent aux besoins de votre corps \u00e0 cette p\u00e9riode. Courges, potimarrons, choux et pommes regorgent de vitamines et de min\u00e9raux qui pourraient soutenir votre organisme face aux premiers froids. Pensez aussi \u00e0 boire r\u00e9guli\u00e8rement. M\u00eame si la soif se fait moins sentir qu&rsquo;en \u00e9t\u00e9, votre corps a toujours besoin d&rsquo;eau pour bien fonctionner. Une soupe maison le soir vous permettra de combiner les deux : des l\u00e9gumes de saison et une bonne hydratation.<\/p>\n<h3>Les solutions naturelles A.Vogel pour soutenir l&rsquo;organisme<\/h3>\n<p>Pour accompagner votre organisme pendant cette p\u00e9riode de transition, certaines solutions naturelles peuvent trouver leur place dans votre quotidien. Des pr\u00e9parations comme <a href=\"https:\/\/avogel.fr\/immunite\/1044-strathr-sirop.html\">Strath\u00ae<\/a>, \u00e0 base de levure plasmolys\u00e9e aux plantes, peuvent notamment compl\u00e9ter une alimentation vari\u00e9e et \u00e9quilibr\u00e9e. Le <a href=\"https:\/\/avogel.fr\/blog\/guide-de-plante\/millepertuis-hypericum-perforatum\/\">millepertuis<\/a> est \u00e9galement traditionnellement utilis\u00e9 en phytoth\u00e9rapie, notamment pour contribuer \u00e0 l\u2019\u00e9quilibre \u00e9motionnel et au bien-\u00eatre mental.<\/p>\n<figure id=\"attachment_8727\" aria-describedby=\"caption-attachment-8727\" style=\"width: 640px\" class=\"wp-caption alignnone\"><img loading=\"lazy\" decoding=\"async\" class=\"wp-image-8727 size-large\" src=\"https:\/\/avogel.fr\/blog\/wp-content\/uploads\/2018\/09\/millepertuis-antidepresseur-naturel-1024x535.jpg\" alt=\"Le millepertuis, un antid\u00e9presseur naturel\" width=\"640\" height=\"334\" srcset=\"https:\/\/avogel.fr\/blog\/wp-content\/uploads\/2018\/09\/millepertuis-antidepresseur-naturel-1024x535.jpg 1024w, https:\/\/avogel.fr\/blog\/wp-content\/uploads\/2018\/09\/millepertuis-antidepresseur-naturel-300x157.jpg 300w, https:\/\/avogel.fr\/blog\/wp-content\/uploads\/2018\/09\/millepertuis-antidepresseur-naturel-768x401.jpg 768w, https:\/\/avogel.fr\/blog\/wp-content\/uploads\/2018\/09\/millepertuis-antidepresseur-naturel.jpg 1200w\" sizes=\"(max-width: 640px) 100vw, 640px\" \/><figcaption id=\"caption-attachment-8727\" class=\"wp-caption-text\">Millepertuis<\/figcaption><\/figure>\n<p>Chez A.Vogel, les compl\u00e9ments alimentaires sont fabriqu\u00e9s \u00e0 partir de plantes fra\u00eeches issues de cultures biologiques. Aucun test sur les animaux n&rsquo;est pratiqu\u00e9. Cette approche permet de proposer des produits qui respectent \u00e0 la fois votre corps et l&rsquo;environnement.<\/p>\n<p>Du c\u00f4t\u00e9 du sommeil, le magn\u00e9sium pr\u00e9sent dans nos comprim\u00e9s <a href=\"https:\/\/avogel.fr\/sommeil-stress\/1029-stress-control.html\">Relax<\/a> pourrait favoriser la d\u00e9tente et un repos de meilleure qualit\u00e9. Les <a href=\"https:\/\/avogel.fr\/immunite\/1225-immune-active.html\">complexes vitamin\u00e9s<\/a>, eux, pourraient contribuer au bon fonctionnement de vos d\u00e9fenses naturelles. Ces formules sont pens\u00e9es pour r\u00e9pondre aux besoins qui se manifestent souvent \u00e0 l&rsquo;automne : fatigue passag\u00e8re, nuits agit\u00e9es, syst\u00e8me immunitaire sollicit\u00e9. En choisissant des compl\u00e9ments \u00e0 base de plantes fra\u00eechement r\u00e9colt\u00e9es, vous optez pour une d\u00e9marche qui s&rsquo;inscrit dans le respect de la nature et de votre bien-\u00eatre.<\/p>\n<hr \/>\n<p><strong>Le passage \u00e0 l&rsquo;automne est une \u00e9tape naturelle qui demande \u00e0 votre corps un temps d&rsquo;adaptation.<\/strong> En prenant soin de vous exposer \u00e0 la lumi\u00e8re du jour, de manger des l\u00e9gumes de saison et de respecter votre rythme de sommeil, vous donnez \u00e0 votre organisme les meilleures chances de traverser cette p\u00e9riode avec s\u00e9r\u00e9nit\u00e9. Les plantes, utilis\u00e9es depuis des g\u00e9n\u00e9rations pour accompagner ces transitions, pourraient \u00e9galement vous apporter un soutien pr\u00e9cieux. \u00c9coutez votre corps, accordez-vous du repos quand il le r\u00e9clame, et rappelez-vous que cette fatigue passag\u00e8re fait partie du cycle naturel des saisons !<\/p>\n","protected":false},"excerpt":{"rendered":"<p>Votre organisme traverse une p\u00e9riode d&rsquo;adaptation intense, principalement li\u00e9e \u00e0 la diminution de la lumi\u00e8re naturelle qui influence directement votre horloge biologique et la s\u00e9cr\u00e9tion d&rsquo;hormones essentielles comme la m\u00e9latonine. Le syst\u00e8me immunitaire, lui aussi, doit redoubler d&rsquo;efforts face aux premiers virus saisonniers et \u00e0 la baisse des apports en vitamine D. Heureusement, quelques ajustements [&hellip;]<\/p>\n","protected":false},"author":18,"featured_media":10604,"comment_status":"closed","ping_status":"closed","sticky":false,"template":"","format":"standard","meta":{"_acf_changed":false,"footnotes":""},"categories":[1585],"tags":[],"class_list":["post-10598","post","type-post","status-publish","format-standard","has-post-thumbnail","hentry","category-metabolisme"],"acf":[],"yoast_head":"<!-- This site is optimized with the Yoast SEO plugin v27.6 - https:\/\/yoast.com\/product\/yoast-seo-wordpress\/ -->\n<title>Pourquoi notre organisme est sensible au changement de saison ? - A.Vogel - Compl\u00e9ments alimentaires naturels<\/title>\n<meta name=\"description\" content=\"\u00c0 l&#039;arriv\u00e9e du changement de saison, vous ressentez de la fatigue , un sommeil perturb\u00e9 ou une l\u00e9g\u00e8re baisse de moral. C&#039;est normal !\" \/>\n<meta name=\"robots\" content=\"index, follow, max-snippet:-1, max-image-preview:large, max-video-preview:-1\" \/>\n<link rel=\"canonical\" href=\"https:\/\/avogel.fr\/blog\/metabolisme\/changement-saison-automne\/\" \/>\n<meta property=\"og:locale\" content=\"fr_FR\" \/>\n<meta property=\"og:type\" content=\"article\" \/>\n<meta property=\"og:title\" content=\"Pourquoi notre organisme est sensible au changement de saison ? - A.Vogel - Compl\u00e9ments alimentaires naturels\" \/>\n<meta property=\"og:description\" content=\"\u00c0 l&#039;arriv\u00e9e du changement de saison, vous ressentez de la fatigue , un sommeil perturb\u00e9 ou une l\u00e9g\u00e8re baisse de moral. C&#039;est normal !\" \/>\n<meta property=\"og:url\" content=\"https:\/\/avogel.fr\/blog\/metabolisme\/changement-saison-automne\/\" \/>\n<meta property=\"og:site_name\" content=\"A.Vogel - Compl\u00e9ments alimentaires naturels\" \/>\n<meta property=\"article:published_time\" content=\"2026-08-31T14:52:45+00:00\" \/>\n<meta property=\"article:modified_time\" content=\"2026-08-31T14:53:44+00:00\" \/>\n<meta property=\"og:image\" content=\"https:\/\/avogel.fr\/blog\/wp-content\/uploads\/2026\/08\/femme-couchee-feuille-automne.jpg\" \/>\n\t<meta property=\"og:image:width\" content=\"1000\" \/>\n\t<meta property=\"og:image:height\" content=\"667\" \/>\n\t<meta property=\"og:image:type\" content=\"image\/jpeg\" \/>\n<meta name=\"author\" content=\"annelaure\" \/>\n<meta name=\"twitter:card\" content=\"summary_large_image\" \/>\n<meta name=\"twitter:label1\" content=\"\u00c9crit par\" \/>\n\t<meta name=\"twitter:data1\" content=\"annelaure\" \/>\n\t<meta name=\"twitter:label2\" content=\"Dur\u00e9e de lecture estim\u00e9e\" \/>\n\t<meta name=\"twitter:data2\" content=\"7 minutes\" \/>\n<script type=\"application\/ld+json\" class=\"yoast-schema-graph\">{\"@context\":\"https:\\\/\\\/schema.org\",\"@graph\":[{\"@type\":\"Article\",\"@id\":\"https:\\\/\\\/avogel.fr\\\/blog\\\/metabolisme\\\/changement-saison-automne\\\/#article\",\"isPartOf\":{\"@id\":\"https:\\\/\\\/avogel.fr\\\/blog\\\/metabolisme\\\/changement-saison-automne\\\/\"},\"author\":{\"name\":\"annelaure\",\"@id\":\"https:\\\/\\\/avogel.fr\\\/blog\\\/#\\\/schema\\\/person\\\/41eda32365b4eebd04baced4f1946a0a\"},\"headline\":\"Changement de saison : pourquoi notre organisme est-il plus sensible \u00e0 l&rsquo;arriv\u00e9e de l&rsquo;automne ?\",\"datePublished\":\"2026-08-31T14:52:45+00:00\",\"dateModified\":\"2026-08-31T14:53:44+00:00\",\"mainEntityOfPage\":{\"@id\":\"https:\\\/\\\/avogel.fr\\\/blog\\\/metabolisme\\\/changement-saison-automne\\\/\"},\"wordCount\":1279,\"image\":{\"@id\":\"https:\\\/\\\/avogel.fr\\\/blog\\\/metabolisme\\\/changement-saison-automne\\\/#primaryimage\"},\"thumbnailUrl\":\"https:\\\/\\\/avogel.fr\\\/blog\\\/wp-content\\\/uploads\\\/2026\\\/08\\\/femme-couchee-feuille-automne.jpg\",\"articleSection\":[\"M\u00e9tabolisme\"],\"inLanguage\":\"fr-FR\"},{\"@type\":\"WebPage\",\"@id\":\"https:\\\/\\\/avogel.fr\\\/blog\\\/metabolisme\\\/changement-saison-automne\\\/\",\"url\":\"https:\\\/\\\/avogel.fr\\\/blog\\\/metabolisme\\\/changement-saison-automne\\\/\",\"name\":\"Pourquoi notre organisme est sensible au changement de saison ? - A.Vogel - Compl\u00e9ments alimentaires naturels\",\"isPartOf\":{\"@id\":\"https:\\\/\\\/avogel.fr\\\/blog\\\/#website\"},\"primaryImageOfPage\":{\"@id\":\"https:\\\/\\\/avogel.fr\\\/blog\\\/metabolisme\\\/changement-saison-automne\\\/#primaryimage\"},\"image\":{\"@id\":\"https:\\\/\\\/avogel.fr\\\/blog\\\/metabolisme\\\/changement-saison-automne\\\/#primaryimage\"},\"thumbnailUrl\":\"https:\\\/\\\/avogel.fr\\\/blog\\\/wp-content\\\/uploads\\\/2026\\\/08\\\/femme-couchee-feuille-automne.jpg\",\"datePublished\":\"2026-08-31T14:52:45+00:00\",\"dateModified\":\"2026-08-31T14:53:44+00:00\",\"author\":{\"@id\":\"https:\\\/\\\/avogel.fr\\\/blog\\\/#\\\/schema\\\/person\\\/41eda32365b4eebd04baced4f1946a0a\"},\"description\":\"\u00c0 l'arriv\u00e9e du changement de saison, vous ressentez de la fatigue , un sommeil perturb\u00e9 ou une l\u00e9g\u00e8re baisse de moral. C'est normal !\",\"breadcrumb\":{\"@id\":\"https:\\\/\\\/avogel.fr\\\/blog\\\/metabolisme\\\/changement-saison-automne\\\/#breadcrumb\"},\"inLanguage\":\"fr-FR\",\"potentialAction\":[{\"@type\":\"ReadAction\",\"target\":[\"https:\\\/\\\/avogel.fr\\\/blog\\\/metabolisme\\\/changement-saison-automne\\\/\"]}]},{\"@type\":\"ImageObject\",\"inLanguage\":\"fr-FR\",\"@id\":\"https:\\\/\\\/avogel.fr\\\/blog\\\/metabolisme\\\/changement-saison-automne\\\/#primaryimage\",\"url\":\"https:\\\/\\\/avogel.fr\\\/blog\\\/wp-content\\\/uploads\\\/2026\\\/08\\\/femme-couchee-feuille-automne.jpg\",\"contentUrl\":\"https:\\\/\\\/avogel.fr\\\/blog\\\/wp-content\\\/uploads\\\/2026\\\/08\\\/femme-couchee-feuille-automne.jpg\",\"width\":1000,\"height\":667},{\"@type\":\"BreadcrumbList\",\"@id\":\"https:\\\/\\\/avogel.fr\\\/blog\\\/metabolisme\\\/changement-saison-automne\\\/#breadcrumb\",\"itemListElement\":[{\"@type\":\"ListItem\",\"position\":1,\"name\":\"Accueil\",\"item\":\"https:\\\/\\\/avogel.fr\\\/blog\\\/\"},{\"@type\":\"ListItem\",\"position\":2,\"name\":\"Changement de saison : pourquoi notre organisme est-il plus sensible \u00e0 l&rsquo;arriv\u00e9e de l&rsquo;automne ?\"}]},{\"@type\":\"WebSite\",\"@id\":\"https:\\\/\\\/avogel.fr\\\/blog\\\/#website\",\"url\":\"https:\\\/\\\/avogel.fr\\\/blog\\\/\",\"name\":\"A.Vogel - Compl\u00e9ments alimentaires naturels\",\"description\":\"Retrouvez tous nos conseils pour rester naturellement fort - Compl\u00e9ments \u00e0 base de plantes fra\u00eeches biologiques\",\"potentialAction\":[{\"@type\":\"SearchAction\",\"target\":{\"@type\":\"EntryPoint\",\"urlTemplate\":\"https:\\\/\\\/avogel.fr\\\/blog\\\/?s={search_term_string}\"},\"query-input\":{\"@type\":\"PropertyValueSpecification\",\"valueRequired\":true,\"valueName\":\"search_term_string\"}}],\"inLanguage\":\"fr-FR\"},{\"@type\":\"Person\",\"@id\":\"https:\\\/\\\/avogel.fr\\\/blog\\\/#\\\/schema\\\/person\\\/41eda32365b4eebd04baced4f1946a0a\",\"name\":\"annelaure\",\"url\":\"https:\\\/\\\/avogel.fr\\\/blog\\\/author\\\/annelaure\\\/\"}]}<\/script>\n<!-- \/ Yoast SEO plugin. -->","yoast_head_json":{"title":"Pourquoi notre organisme est sensible au changement de saison ? - A.Vogel - Compl\u00e9ments alimentaires naturels","description":"\u00c0 l'arriv\u00e9e du changement de saison, vous ressentez de la fatigue , un sommeil perturb\u00e9 ou une l\u00e9g\u00e8re baisse de moral. C'est normal !","robots":{"index":"index","follow":"follow","max-snippet":"max-snippet:-1","max-image-preview":"max-image-preview:large","max-video-preview":"max-video-preview:-1"},"canonical":"https:\/\/avogel.fr\/blog\/metabolisme\/changement-saison-automne\/","og_locale":"fr_FR","og_type":"article","og_title":"Pourquoi notre organisme est sensible au changement de saison ? - A.Vogel - Compl\u00e9ments alimentaires naturels","og_description":"\u00c0 l'arriv\u00e9e du changement de saison, vous ressentez de la fatigue , un sommeil perturb\u00e9 ou une l\u00e9g\u00e8re baisse de moral. C'est normal !","og_url":"https:\/\/avogel.fr\/blog\/metabolisme\/changement-saison-automne\/","og_site_name":"A.Vogel - Compl\u00e9ments alimentaires naturels","article_published_time":"2026-08-31T14:52:45+00:00","article_modified_time":"2026-08-31T14:53:44+00:00","og_image":[{"width":1000,"height":667,"url":"https:\/\/avogel.fr\/blog\/wp-content\/uploads\/2026\/08\/femme-couchee-feuille-automne.jpg","type":"image\/jpeg"}],"author":"annelaure","twitter_card":"summary_large_image","twitter_misc":{"\u00c9crit par":"annelaure","Dur\u00e9e de lecture estim\u00e9e":"7 minutes"},"schema":{"@context":"https:\/\/schema.org","@graph":[{"@type":"Article","@id":"https:\/\/avogel.fr\/blog\/metabolisme\/changement-saison-automne\/#article","isPartOf":{"@id":"https:\/\/avogel.fr\/blog\/metabolisme\/changement-saison-automne\/"},"author":{"name":"annelaure","@id":"https:\/\/avogel.fr\/blog\/#\/schema\/person\/41eda32365b4eebd04baced4f1946a0a"},"headline":"Changement de saison : pourquoi notre organisme est-il plus sensible \u00e0 l&rsquo;arriv\u00e9e de l&rsquo;automne ?","datePublished":"2026-08-31T14:52:45+00:00","dateModified":"2026-08-31T14:53:44+00:00","mainEntityOfPage":{"@id":"https:\/\/avogel.fr\/blog\/metabolisme\/changement-saison-automne\/"},"wordCount":1279,"image":{"@id":"https:\/\/avogel.fr\/blog\/metabolisme\/changement-saison-automne\/#primaryimage"},"thumbnailUrl":"https:\/\/avogel.fr\/blog\/wp-content\/uploads\/2026\/08\/femme-couchee-feuille-automne.jpg","articleSection":["M\u00e9tabolisme"],"inLanguage":"fr-FR"},{"@type":"WebPage","@id":"https:\/\/avogel.fr\/blog\/metabolisme\/changement-saison-automne\/","url":"https:\/\/avogel.fr\/blog\/metabolisme\/changement-saison-automne\/","name":"Pourquoi notre organisme est sensible au changement de saison ? - A.Vogel - Compl\u00e9ments alimentaires naturels","isPartOf":{"@id":"https:\/\/avogel.fr\/blog\/#website"},"primaryImageOfPage":{"@id":"https:\/\/avogel.fr\/blog\/metabolisme\/changement-saison-automne\/#primaryimage"},"image":{"@id":"https:\/\/avogel.fr\/blog\/metabolisme\/changement-saison-automne\/#primaryimage"},"thumbnailUrl":"https:\/\/avogel.fr\/blog\/wp-content\/uploads\/2026\/08\/femme-couchee-feuille-automne.jpg","datePublished":"2026-08-31T14:52:45+00:00","dateModified":"2026-08-31T14:53:44+00:00","author":{"@id":"https:\/\/avogel.fr\/blog\/#\/schema\/person\/41eda32365b4eebd04baced4f1946a0a"},"description":"\u00c0 l'arriv\u00e9e du changement de saison, vous ressentez de la fatigue , un sommeil perturb\u00e9 ou une l\u00e9g\u00e8re baisse de moral. C'est normal !","breadcrumb":{"@id":"https:\/\/avogel.fr\/blog\/metabolisme\/changement-saison-automne\/#breadcrumb"},"inLanguage":"fr-FR","potentialAction":[{"@type":"ReadAction","target":["https:\/\/avogel.fr\/blog\/metabolisme\/changement-saison-automne\/"]}]},{"@type":"ImageObject","inLanguage":"fr-FR","@id":"https:\/\/avogel.fr\/blog\/metabolisme\/changement-saison-automne\/#primaryimage","url":"https:\/\/avogel.fr\/blog\/wp-content\/uploads\/2026\/08\/femme-couchee-feuille-automne.jpg","contentUrl":"https:\/\/avogel.fr\/blog\/wp-content\/uploads\/2026\/08\/femme-couchee-feuille-automne.jpg","width":1000,"height":667},{"@type":"BreadcrumbList","@id":"https:\/\/avogel.fr\/blog\/metabolisme\/changement-saison-automne\/#breadcrumb","itemListElement":[{"@type":"ListItem","position":1,"name":"Accueil","item":"https:\/\/avogel.fr\/blog\/"},{"@type":"ListItem","position":2,"name":"Changement de saison : pourquoi notre organisme est-il plus sensible \u00e0 l&rsquo;arriv\u00e9e de l&rsquo;automne ?"}]},{"@type":"WebSite","@id":"https:\/\/avogel.fr\/blog\/#website","url":"https:\/\/avogel.fr\/blog\/","name":"A.Vogel - Compl\u00e9ments alimentaires naturels","description":"Retrouvez tous nos conseils pour rester naturellement fort - Compl\u00e9ments \u00e0 base de plantes fra\u00eeches biologiques","potentialAction":[{"@type":"SearchAction","target":{"@type":"EntryPoint","urlTemplate":"https:\/\/avogel.fr\/blog\/?s={search_term_string}"},"query-input":{"@type":"PropertyValueSpecification","valueRequired":true,"valueName":"search_term_string"}}],"inLanguage":"fr-FR"},{"@type":"Person","@id":"https:\/\/avogel.fr\/blog\/#\/schema\/person\/41eda32365b4eebd04baced4f1946a0a","name":"annelaure","url":"https:\/\/avogel.fr\/blog\/author\/annelaure\/"}]}},"_links":{"self":[{"href":"https:\/\/avogel.fr\/blog\/wp-json\/wp\/v2\/posts\/10598","targetHints":{"allow":["GET"]}}],"collection":[{"href":"https:\/\/avogel.fr\/blog\/wp-json\/wp\/v2\/posts"}],"about":[{"href":"https:\/\/avogel.fr\/blog\/wp-json\/wp\/v2\/types\/post"}],"author":[{"embeddable":true,"href":"https:\/\/avogel.fr\/blog\/wp-json\/wp\/v2\/users\/18"}],"replies":[{"embeddable":true,"href":"https:\/\/avogel.fr\/blog\/wp-json\/wp\/v2\/comments?post=10598"}],"version-history":[{"count":7,"href":"https:\/\/avogel.fr\/blog\/wp-json\/wp\/v2\/posts\/10598\/revisions"}],"predecessor-version":[{"id":10608,"href":"https:\/\/avogel.fr\/blog\/wp-json\/wp\/v2\/posts\/10598\/revisions\/10608"}],"wp:featuredmedia":[{"embeddable":true,"href":"https:\/\/avogel.fr\/blog\/wp-json\/wp\/v2\/media\/10604"}],"wp:attachment":[{"href":"https:\/\/avogel.fr\/blog\/wp-json\/wp\/v2\/media?parent=10598"}],"wp:term":[{"taxonomy":"category","embeddable":true,"href":"https:\/\/avogel.fr\/blog\/wp-json\/wp\/v2\/categories?post=10598"},{"taxonomy":"post_tag","embeddable":true,"href":"https:\/\/avogel.fr\/blog\/wp-json\/wp\/v2\/tags?post=10598"}],"curies":[{"name":"wp","href":"https:\/\/api.w.org\/{rel}","templated":true}]}}