{"id":10386,"date":"2026-04-22T11:00:44","date_gmt":"2026-04-22T09:00:44","guid":{"rendered":"https:\/\/avogel.fr\/blog\/?p=10386"},"modified":"2026-04-22T11:00:44","modified_gmt":"2026-04-22T09:00:44","slug":"salade-de-pissenlit-au-kelpamare-la-recette-de-saison","status":"publish","type":"post","link":"https:\/\/avogel.fr\/blog\/epicerie\/salade-de-pissenlit-au-kelpamare-la-recette-de-saison\/","title":{"rendered":"Salade de pissenlit au Kelpamare : la recette de saison"},"content":{"rendered":"<h2>Ingr\u00e9dients pour 2 belles assiettes<\/h2>\n<p>\u2022 300g de pissenlits<br \/>\n\u2022 150g de magret de canard fum\u00e9 et lardonn\u00e9 (alternative vegan : tofu fum\u00e9)<br \/>\n\u2022 6 tranches de baguette, ou 2 \u00e0 3 tranches de pain de campagne<br \/>\n\u2022 1 gousse d\u2019ail<br \/>\n\u2022 2 oeufs (alternative vegan : 1 avocat bien m\u00fbr coup\u00e9 en d\u00e9s)<\/p>\n<p>Pour la vinaigrette<\/p>\n<p>\u2022 1 cuill\u00e8re \u00e0 caf\u00e9 de moutarde<br \/>\n\u2022 1 cuill\u00e8re \u00e0 caf\u00e9 de <a href=\"https:\/\/avogel.fr\/epicerie-salee\/1053-kelpamarer.html\" target=\"_blank\">Kelpamare A.Vogel<\/a><br \/>\n\u2022 1 cuill\u00e8re \u00e0 caf\u00e9 de miel d\u2019acacia (alternative vegan : sirop d\u2019\u00e9rable)<br \/>\n\u2022 1 cuill\u00e8re \u00e0 soupe de vinaigre alsacien Melfor<br \/>\n\u2022 2 cuill\u00e8res \u00e0 soupe d\u2019huile de p\u00e9pin de raisin (ou tournesol)<\/p>\n<h2>Pr\u00e9paration<\/h2>\n<p>1. Pr\u00e9chauffez le four \u00e0 220\u00b0C. <\/p>\n<p>2. Les cro\u00fbtons : coupez la gousse d\u2019ail en deux. Frottez les tranches de pain avec, disposez-les sur une plaque allant au four et arrosez-le d\u2019un filet d\u2019huile d\u2019olive. Enfournez pour quelques minutes (5 environ) jusqu\u2019\u00e0 ce que le pain soit bien dor\u00e9. R\u00e9servez.<\/p>\n<p>3. La vinaigrette : d\u00e9layez la moutarde dans le vinaigre et le <a href=\"https:\/\/avogel.fr\/epicerie-salee\/1053-kelpamarer.html\" target=\"_blank\">Kelpamare A.Vogel<\/a>. Ajoutez le miel, m\u00e9langez bien. Puis versez l\u2019huile et continuez \u00e0 m\u00e9langer\u00a0jusqu\u2019\u00e0 l\u2019obtention d\u2019une \u00e9mulsion homog\u00e8ne. Salez, poivrez. R\u00e9servez.\u00a0<\/p>\n<p>4. Triez et lavez soigneusement les pissenlits, \u00e9gouttez-les et r\u00e9servez-les dans un grand saladier.\u00a0<\/p>\n<p>5. Faites bouillir de l\u2019eau sal\u00e9e dans une petite casserole. Ajoutez les oeufs entiers et faites les cuire pendant 6 minutes \u00e0 compter de la reprise de l\u2019\u00e9bullition. \u00c0 la fin de la cuisson, sortez-les de l\u2019eau \u00e0 l\u2019aide d\u2019un \u00e9cumoir et plongez-les dans l\u2019eau froide. Et \u00e9calez-les. R\u00e9servez.\u00a0<\/p>\n<p>6. Pendant que les oeufs cuisent,\u00a0faites chauffer une po\u00eale, ajoutez les lardons de magret et faites-les revenir de mani\u00e8re \u00e0 bien les dorer. A la fin de la cuisson, d\u00e9barrassez les lardons dans un r\u00e9cipient et r\u00e9servez.\u00a0<\/p>\n<p>7. Versez la vinaigrette dans la po\u00eale et m\u00e9langez pour r\u00e9cup\u00e9rer le gras et les sucs de cuisson des lardons. Versez la vinaigrette sur les pissenlits, m\u00e9langez bien. <\/p>\n<p>8. Disposez-les dans deux assiettes. Ajoutez les lardons, les cro\u00fbtons et pour finir l\u2019oeuf mollet.<\/p>\n<p>Bon app\u00e9tit !<\/p>\n","protected":false},"excerpt":{"rendered":"<p>Ingr\u00e9dients pour 2 belles assiettes \u2022 300g de pissenlits \u2022 150g de magret de canard fum\u00e9 et lardonn\u00e9 (alternative vegan : tofu fum\u00e9) \u2022 6 tranches de baguette, ou 2 \u00e0 3 tranches de pain de campagne \u2022 1 gousse d\u2019ail \u2022 2 oeufs (alternative vegan : 1 avocat bien m\u00fbr coup\u00e9 en d\u00e9s) Pour [&hellip;]<\/p>\n","protected":false},"author":19,"featured_media":10388,"comment_status":"closed","ping_status":"closed","sticky":false,"template":"","format":"standard","meta":{"_acf_changed":false,"footnotes":""},"categories":[1563],"tags":[],"class_list":["post-10386","post","type-post","status-publish","format-standard","has-post-thumbnail","hentry","category-epicerie"],"acf":[],"yoast_head":"<!-- This site is optimized with the Yoast SEO plugin v22.0 - https:\/\/yoast.com\/wordpress\/plugins\/seo\/ -->\n<title>Salade de pissenlit au Kelpamare : la recette de saison - Kelpamare<\/title>\n<meta name=\"description\" content=\"D\u00e9couvrez notre recette de salade de pissenlit relev\u00e9e au Kelpamare : une entr\u00e9e de saison, simple et pleine de caract\u00e8re, \u00e0 faire en quelques minutes.\" \/>\n<meta name=\"robots\" content=\"index, follow, max-snippet:-1, max-image-preview:large, max-video-preview:-1\" \/>\n<link rel=\"canonical\" href=\"https:\/\/avogel.fr\/blog\/epicerie\/salade-de-pissenlit-au-kelpamare-la-recette-de-saison\/\" \/>\n<meta property=\"og:locale\" content=\"fr_FR\" \/>\n<meta property=\"og:type\" content=\"article\" \/>\n<meta property=\"og:title\" content=\"Salade de pissenlit au Kelpamare : la recette de saison - Kelpamare\" \/>\n<meta property=\"og:description\" content=\"D\u00e9couvrez notre recette de salade de pissenlit relev\u00e9e au Kelpamare : une entr\u00e9e de saison, simple et pleine de caract\u00e8re, \u00e0 faire en quelques minutes.\" \/>\n<meta property=\"og:url\" content=\"https:\/\/avogel.fr\/blog\/epicerie\/salade-de-pissenlit-au-kelpamare-la-recette-de-saison\/\" \/>\n<meta property=\"og:site_name\" content=\"A.Vogel - Compl\u00e9ments alimentaires naturels\" \/>\n<meta property=\"article:published_time\" content=\"2026-04-22T09:00:44+00:00\" \/>\n<meta property=\"og:image\" content=\"https:\/\/avogel.fr\/blog\/wp-content\/uploads\/2026\/04\/salade-pissenlit-kelpamare-herbamare-avogel.png\" \/>\n\t<meta property=\"og:image:width\" content=\"1184\" \/>\n\t<meta property=\"og:image:height\" content=\"864\" \/>\n\t<meta property=\"og:image:type\" content=\"image\/png\" \/>\n<meta name=\"author\" content=\"Cathy Garcia\" \/>\n<meta name=\"twitter:card\" content=\"summary_large_image\" \/>\n<meta name=\"twitter:label1\" content=\"\u00c9crit par\" \/>\n\t<meta name=\"twitter:data1\" content=\"Cathy Garcia\" \/>\n\t<meta name=\"twitter:label2\" content=\"Dur\u00e9e de lecture estim\u00e9e\" \/>\n\t<meta name=\"twitter:data2\" content=\"2 minutes\" \/>\n<script type=\"application\/ld+json\" class=\"yoast-schema-graph\">{\"@context\":\"https:\/\/schema.org\",\"@graph\":[{\"@type\":\"WebPage\",\"@id\":\"https:\/\/avogel.fr\/blog\/epicerie\/salade-de-pissenlit-au-kelpamare-la-recette-de-saison\/\",\"url\":\"https:\/\/avogel.fr\/blog\/epicerie\/salade-de-pissenlit-au-kelpamare-la-recette-de-saison\/\",\"name\":\"Salade de pissenlit au Kelpamare : la recette de saison - Kelpamare\",\"isPartOf\":{\"@id\":\"https:\/\/avogel.fr\/blog\/#website\"},\"datePublished\":\"2026-04-22T09:00:44+00:00\",\"dateModified\":\"2026-04-22T09:00:44+00:00\",\"author\":{\"@id\":\"https:\/\/avogel.fr\/blog\/#\/schema\/person\/58004bc2d5f8bea8038cfbeed85fb4f8\"},\"description\":\"D\u00e9couvrez notre recette de salade de pissenlit relev\u00e9e au Kelpamare : une entr\u00e9e de saison, simple et pleine de caract\u00e8re, \u00e0 faire en quelques minutes.\",\"breadcrumb\":{\"@id\":\"https:\/\/avogel.fr\/blog\/epicerie\/salade-de-pissenlit-au-kelpamare-la-recette-de-saison\/#breadcrumb\"},\"inLanguage\":\"fr-FR\",\"potentialAction\":[{\"@type\":\"ReadAction\",\"target\":[\"https:\/\/avogel.fr\/blog\/epicerie\/salade-de-pissenlit-au-kelpamare-la-recette-de-saison\/\"]}]},{\"@type\":\"BreadcrumbList\",\"@id\":\"https:\/\/avogel.fr\/blog\/epicerie\/salade-de-pissenlit-au-kelpamare-la-recette-de-saison\/#breadcrumb\",\"itemListElement\":[{\"@type\":\"ListItem\",\"position\":1,\"name\":\"Accueil\",\"item\":\"https:\/\/avogel.fr\/blog\/\"},{\"@type\":\"ListItem\",\"position\":2,\"name\":\"Salade de pissenlit au Kelpamare : la recette de saison\"}]},{\"@type\":\"WebSite\",\"@id\":\"https:\/\/avogel.fr\/blog\/#website\",\"url\":\"https:\/\/avogel.fr\/blog\/\",\"name\":\"A.Vogel - Compl\u00e9ments alimentaires naturels\",\"description\":\"Retrouvez tous nos conseils pour rester naturellement fort - Compl\u00e9ments \u00e0 base de plantes fra\u00eeches biologiques\",\"potentialAction\":[{\"@type\":\"SearchAction\",\"target\":{\"@type\":\"EntryPoint\",\"urlTemplate\":\"https:\/\/avogel.fr\/blog\/?s={search_term_string}\"},\"query-input\":\"required name=search_term_string\"}],\"inLanguage\":\"fr-FR\"},{\"@type\":\"Person\",\"@id\":\"https:\/\/avogel.fr\/blog\/#\/schema\/person\/58004bc2d5f8bea8038cfbeed85fb4f8\",\"name\":\"Cathy Garcia\",\"url\":\"https:\/\/avogel.fr\/blog\/author\/cathy-garcia\/\"}]}<\/script>\n<!-- \/ Yoast SEO plugin. -->","yoast_head_json":{"title":"Salade de pissenlit au Kelpamare : la recette de saison - Kelpamare","description":"D\u00e9couvrez notre recette de salade de pissenlit relev\u00e9e au Kelpamare : une entr\u00e9e de saison, simple et pleine de caract\u00e8re, \u00e0 faire en quelques minutes.","robots":{"index":"index","follow":"follow","max-snippet":"max-snippet:-1","max-image-preview":"max-image-preview:large","max-video-preview":"max-video-preview:-1"},"canonical":"https:\/\/avogel.fr\/blog\/epicerie\/salade-de-pissenlit-au-kelpamare-la-recette-de-saison\/","og_locale":"fr_FR","og_type":"article","og_title":"Salade de pissenlit au Kelpamare : la recette de saison - Kelpamare","og_description":"D\u00e9couvrez notre recette de salade de pissenlit relev\u00e9e au Kelpamare : une entr\u00e9e de saison, simple et pleine de caract\u00e8re, \u00e0 faire en quelques minutes.","og_url":"https:\/\/avogel.fr\/blog\/epicerie\/salade-de-pissenlit-au-kelpamare-la-recette-de-saison\/","og_site_name":"A.Vogel - Compl\u00e9ments alimentaires naturels","article_published_time":"2026-04-22T09:00:44+00:00","og_image":[{"width":1184,"height":864,"url":"https:\/\/avogel.fr\/blog\/wp-content\/uploads\/2026\/04\/salade-pissenlit-kelpamare-herbamare-avogel.png","type":"image\/png"}],"author":"Cathy Garcia","twitter_card":"summary_large_image","twitter_misc":{"\u00c9crit par":"Cathy Garcia","Dur\u00e9e de lecture estim\u00e9e":"2 minutes"},"schema":{"@context":"https:\/\/schema.org","@graph":[{"@type":"WebPage","@id":"https:\/\/avogel.fr\/blog\/epicerie\/salade-de-pissenlit-au-kelpamare-la-recette-de-saison\/","url":"https:\/\/avogel.fr\/blog\/epicerie\/salade-de-pissenlit-au-kelpamare-la-recette-de-saison\/","name":"Salade de pissenlit au Kelpamare : la recette de saison - Kelpamare","isPartOf":{"@id":"https:\/\/avogel.fr\/blog\/#website"},"datePublished":"2026-04-22T09:00:44+00:00","dateModified":"2026-04-22T09:00:44+00:00","author":{"@id":"https:\/\/avogel.fr\/blog\/#\/schema\/person\/58004bc2d5f8bea8038cfbeed85fb4f8"},"description":"D\u00e9couvrez notre recette de salade de pissenlit relev\u00e9e au Kelpamare : une entr\u00e9e de saison, simple et pleine de caract\u00e8re, \u00e0 faire en quelques minutes.","breadcrumb":{"@id":"https:\/\/avogel.fr\/blog\/epicerie\/salade-de-pissenlit-au-kelpamare-la-recette-de-saison\/#breadcrumb"},"inLanguage":"fr-FR","potentialAction":[{"@type":"ReadAction","target":["https:\/\/avogel.fr\/blog\/epicerie\/salade-de-pissenlit-au-kelpamare-la-recette-de-saison\/"]}]},{"@type":"BreadcrumbList","@id":"https:\/\/avogel.fr\/blog\/epicerie\/salade-de-pissenlit-au-kelpamare-la-recette-de-saison\/#breadcrumb","itemListElement":[{"@type":"ListItem","position":1,"name":"Accueil","item":"https:\/\/avogel.fr\/blog\/"},{"@type":"ListItem","position":2,"name":"Salade de pissenlit au Kelpamare : la recette de saison"}]},{"@type":"WebSite","@id":"https:\/\/avogel.fr\/blog\/#website","url":"https:\/\/avogel.fr\/blog\/","name":"A.Vogel - Compl\u00e9ments alimentaires naturels","description":"Retrouvez tous nos conseils pour rester naturellement fort - Compl\u00e9ments \u00e0 base de plantes fra\u00eeches biologiques","potentialAction":[{"@type":"SearchAction","target":{"@type":"EntryPoint","urlTemplate":"https:\/\/avogel.fr\/blog\/?s={search_term_string}"},"query-input":"required name=search_term_string"}],"inLanguage":"fr-FR"},{"@type":"Person","@id":"https:\/\/avogel.fr\/blog\/#\/schema\/person\/58004bc2d5f8bea8038cfbeed85fb4f8","name":"Cathy Garcia","url":"https:\/\/avogel.fr\/blog\/author\/cathy-garcia\/"}]}},"_links":{"self":[{"href":"https:\/\/avogel.fr\/blog\/wp-json\/wp\/v2\/posts\/10386","targetHints":{"allow":["GET"]}}],"collection":[{"href":"https:\/\/avogel.fr\/blog\/wp-json\/wp\/v2\/posts"}],"about":[{"href":"https:\/\/avogel.fr\/blog\/wp-json\/wp\/v2\/types\/post"}],"author":[{"embeddable":true,"href":"https:\/\/avogel.fr\/blog\/wp-json\/wp\/v2\/users\/19"}],"replies":[{"embeddable":true,"href":"https:\/\/avogel.fr\/blog\/wp-json\/wp\/v2\/comments?post=10386"}],"version-history":[{"count":6,"href":"https:\/\/avogel.fr\/blog\/wp-json\/wp\/v2\/posts\/10386\/revisions"}],"predecessor-version":[{"id":10393,"href":"https:\/\/avogel.fr\/blog\/wp-json\/wp\/v2\/posts\/10386\/revisions\/10393"}],"wp:featuredmedia":[{"embeddable":true,"href":"https:\/\/avogel.fr\/blog\/wp-json\/wp\/v2\/media\/10388"}],"wp:attachment":[{"href":"https:\/\/avogel.fr\/blog\/wp-json\/wp\/v2\/media?parent=10386"}],"wp:term":[{"taxonomy":"category","embeddable":true,"href":"https:\/\/avogel.fr\/blog\/wp-json\/wp\/v2\/categories?post=10386"},{"taxonomy":"post_tag","embeddable":true,"href":"https:\/\/avogel.fr\/blog\/wp-json\/wp\/v2\/tags?post=10386"}],"curies":[{"name":"wp","href":"https:\/\/api.w.org\/{rel}","templated":true}]}}