{"id":10277,"date":"2026-03-05T12:10:59","date_gmt":"2026-03-05T11:10:59","guid":{"rendered":"https:\/\/avogel.fr\/blog\/?p=10277"},"modified":"2026-03-07T08:25:06","modified_gmt":"2026-03-07T07:25:06","slug":"soulager-allergies-pollen","status":"publish","type":"post","link":"https:\/\/avogel.fr\/blog\/allergies\/soulager-allergies-pollen\/","title":{"rendered":"Soulager les allergies au pollen : une routine naturelle"},"content":{"rendered":"<p>Chez A.Vogel, nous consid\u00e9rons que le bien-\u00eatre ne se limite pas \u00e0 faire dispara\u00eetre un sympt\u00f4me. Il s\u2019agit d\u2019aider l\u2019organisme \u00e0 retrouver son \u00e9quilibre, en respectant son fonctionnement naturel.<\/p>\n<p>Bonne nouvelle : avec une routine simple et naturelle, il est possible de r\u00e9duire significativement l\u2019inconfort pour mieux vivre la saison pollinique.<\/p>\n<hr \/>\n<p><strong>Sommaire :<\/strong><\/p>\n<ol class=\"tight\" data-tight=\"true\">\n<li><a href=\"#allergies\">O\u00f9 en est le risque d\u2019allergies en France ?<\/a><\/li>\n<li><a href=\"#irrite\">Pourquoi le pollen irrite-t-il le nez et les yeux ?<\/a><\/li>\n<li><a href=\"#routine\">Allergies au pollen : une routine simple et naturelle en 4 \u00e9tapes<\/a><\/li>\n<li><a href=\"#FAQ\">FAQ &#8211; Questions fr\u00e9quentes sur les allergies au pollen<\/a><\/li>\n<\/ol>\n<hr \/>\n<h2 id=\"allergies\">O\u00f9 en est le risque d\u2019allergies en France ?<\/h2>\n<p>Avant toute chose, il est utile de savoir si votre d\u00e9partement est particuli\u00e8rement expos\u00e9 aux diff\u00e9rents types de pollen.<br \/>\nLe niveau de pollens varie selon les r\u00e9gions, la m\u00e9t\u00e9o et la v\u00e9g\u00e9tation environnante.<br \/>\nSurveiller le risque dans votre d\u00e9partement permet d\u2019anticiper les p\u00e9riodes plus sensibles et d\u2019adapter vos habitudes.<\/p>\n<p>\ud83d\udc49 Vous pouvez consulter la carte nationale du risque allergique pour suivre l\u2019\u00e9volution en temps r\u00e9el dans votre d\u00e9partement : <a href=\"https:\/\/meteo.franceinfo.fr\/risque-allergies-pollen-france\" target=\"_blank\" rel=\"noopener\">https:\/\/meteo.franceinfo.fr\/risque-allergies-pollen-france <\/a><\/p>\n<p><img loading=\"lazy\" decoding=\"async\" class=\"aligncenter size-large wp-image-10280\" src=\"https:\/\/avogel.fr\/blog\/wp-content\/uploads\/2026\/03\/carte-france-allergies-pollens-1024x788.png\" alt=\"Carte de France montrant les niveaux de risque d'allergies aux pollens dans les diff\u00e9rents d\u00e9partements\" width=\"640\" height=\"493\" srcset=\"https:\/\/avogel.fr\/blog\/wp-content\/uploads\/2026\/03\/carte-france-allergies-pollens-1024x788.png 1024w, https:\/\/avogel.fr\/blog\/wp-content\/uploads\/2026\/03\/carte-france-allergies-pollens-300x231.png 300w, https:\/\/avogel.fr\/blog\/wp-content\/uploads\/2026\/03\/carte-france-allergies-pollens-768x591.png 768w, https:\/\/avogel.fr\/blog\/wp-content\/uploads\/2026\/03\/carte-france-allergies-pollens.png 1030w\" sizes=\"auto, (max-width: 640px) 100vw, 640px\" \/><br \/>\nSurveiller cette carte vous permet d\u2019anticiper les pics et d\u2019adapter votre routine.<\/p>\n<h2 id=\"irrite\">Pourquoi le pollen irrite-t-il le nez et les yeux ?<\/h2>\n<p>Les pollens sont des particules microscopiques transport\u00e9es par l\u2019air.<br \/>\nChez certaines personnes, le syst\u00e8me immunitaire les identifie comme une menace et d\u00e9clenche une r\u00e9action inflammatoire. Cette r\u00e9ponse se manifeste au niveau des muqueuses nasales et de la surface oculaire.<\/p>\n<p>R\u00e9sultat :<\/p>\n<ul>\n<li>Nez qui coule ou bouch\u00e9<\/li>\n<li>\u00c9ternuements r\u00e9p\u00e9t\u00e9s<\/li>\n<li>D\u00e9mangeaisons<\/li>\n<li>Yeux rouges et larmoyants<\/li>\n<li>Sensation de br\u00fblure ou de picotement<\/li>\n<\/ul>\n<p>Le nez et les yeux sont en premi\u00e8re ligne face \u00e0 l\u2019environnement ext\u00e9rieur : ils constituent des barri\u00e8res naturelles essentielles. Les prot\u00e9ger et les soutenir est donc une priorit\u00e9 en p\u00e9riode pollinique.)<\/p>\n<h2>Allergies au pollen : soulagez vos sympt\u00f4mes avec une routine simple et naturelle en 4 \u00e9tapes<\/h2>\n<p>L\u2019objectif n\u2019est pas seulement de r\u00e9agir aux sympt\u00f4mes, mais d\u2019agir en amont en limitant l\u2019exposition aux pollens et en soutenant naturellement l\u2019\u00e9quilibre des muqueuses au quotidien.<\/p>\n<h3>1. R\u00e9duire l\u2019exposition\u2026 sans s\u2019isoler de la nature<\/h3>\n<p>La nature fait partie de notre \u00e9quilibre physique et mental. Il ne s\u2019agit pas de l\u2019\u00e9viter, mais d\u2019apprendre \u00e0 s\u2019y adapter.<\/p>\n<p>En cas de risque \u00e9lev\u00e9 :<\/p>\n<ul>\n<li>A\u00e9rez t\u00f4t le matin ou tard le soir<\/li>\n<li>Portez des lunettes de soleil pour prot\u00e9ger vos yeux<\/li>\n<li>Lavez vos cheveux le soir<\/li>\n<li>Changez de v\u00eatements apr\u00e8s une sortie prolong\u00e9e<\/li>\n<li>\u00c9vitez de s\u00e9cher votre linge en ext\u00e9rieur<\/li>\n<\/ul>\n<p>Ces gestes simples limitent l\u2019accumulation de pollens <strong>sans renoncer aux bienfaits de l\u2019ext\u00e9rieur<\/strong>.<\/p>\n<h3>2. Nettoyer le nez pour \u00e9liminer les allerg\u00e8nes<\/h3>\n<p>Le nettoyage nasal est une \u00e9tape cl\u00e9 souvent sous-estim\u00e9e.<\/p>\n<p>Un <a href=\"https:\/\/avogel.fr\/allergies\/1264-spray-nasal.html\" target=\"_blank\" rel=\"noopener\">spray nasal<\/a> adapt\u00e9 permet :<\/p>\n<ul>\n<li>D\u2019\u00e9liminer m\u00e9caniquement les allerg\u00e8nes et particules irritantes<\/li>\n<li>De nettoyer les fosses nasales<\/li>\n<li>D\u2019hydrater les muqueuses<\/li>\n<li>D\u2019apaiser les sensations d\u2019irritation<\/li>\n<\/ul>\n<p><img loading=\"lazy\" decoding=\"async\" class=\"alignnone size-medium wp-image-10283\" src=\"https:\/\/avogel.fr\/blog\/wp-content\/uploads\/2026\/03\/spray-eucalyptus-avogel-naturel-252x300.png\" alt=\"Spray nasal naturel A.Vogel \u00e0 l'eucalyptus\" width=\"252\" height=\"300\" srcset=\"https:\/\/avogel.fr\/blog\/wp-content\/uploads\/2026\/03\/spray-eucalyptus-avogel-naturel-252x300.png 252w, https:\/\/avogel.fr\/blog\/wp-content\/uploads\/2026\/03\/spray-eucalyptus-avogel-naturel-860x1024.png 860w, https:\/\/avogel.fr\/blog\/wp-content\/uploads\/2026\/03\/spray-eucalyptus-avogel-naturel-768x915.png 768w, https:\/\/avogel.fr\/blog\/wp-content\/uploads\/2026\/03\/spray-eucalyptus-avogel-naturel.png 899w\" sizes=\"auto, (max-width: 252px) 100vw, 252px\" \/><br \/>\n<strong>Pourquoi est-ce important ?<\/strong><\/p>\n<p>Parce que tant que les pollens restent pr\u00e9sents sur les muqueuses, la r\u00e9action inflammatoire peut se maintenir.<br \/>\nNettoyer le nez aide donc \u00e0 r\u00e9duire la charge allerg\u00e9nique locale et \u00e0 am\u00e9liorer le confort respiratoire. <strong><a href=\"https:\/\/avogel.fr\/allergies\/1264-spray-nasal.html\" target=\"_blank\" rel=\"noopener\">Le Spray nasal A.Vogel<\/a><\/strong> \u00e0 base de sel marin et d\u2019eucalyptus peut \u00eatre utilis\u00e9 r\u00e9guli\u00e8rement et \u00e0 partie de 6 ans.<\/p>\n<h3>3. Apaiser et hydrater les yeux irrit\u00e9s<\/h3>\n<p>Les yeux disposent d\u2019un film lacrymal protecteur. Lorsque celui-ci est alt\u00e9r\u00e9, les sensations de br\u00fblure ou de picotement peuvent appara\u00eetre.<\/p>\n<p><a href=\"https:\/\/avogel.fr\/allergies\/1037-gouttes-pour-les-yeux.html\" target=\"_blank\" rel=\"noopener\">Des gouttes pour les yeux<\/a> permettent :<\/p>\n<ul>\n<li>D\u2019apaiser les rougeurs et les irritations<\/li>\n<li>D\u2019hydrater et prot\u00e9ger la surface oculaire<\/li>\n<li>De soulager les sensations de br\u00fblure et de picotement<\/li>\n<\/ul>\n<p><img loading=\"lazy\" decoding=\"async\" class=\"alignnone size-medium wp-image-10282\" src=\"https:\/\/avogel.fr\/blog\/wp-content\/uploads\/2026\/03\/goutte-yeux-avogel-naturel-252x300.png\" alt=\"Gouttes pour les yeux naturelles A.Vogel\" width=\"252\" height=\"300\" srcset=\"https:\/\/avogel.fr\/blog\/wp-content\/uploads\/2026\/03\/goutte-yeux-avogel-naturel-252x300.png 252w, https:\/\/avogel.fr\/blog\/wp-content\/uploads\/2026\/03\/goutte-yeux-avogel-naturel-860x1024.png 860w, https:\/\/avogel.fr\/blog\/wp-content\/uploads\/2026\/03\/goutte-yeux-avogel-naturel-768x915.png 768w, https:\/\/avogel.fr\/blog\/wp-content\/uploads\/2026\/03\/goutte-yeux-avogel-naturel.png 899w\" sizes=\"auto, (max-width: 252px) 100vw, 252px\" \/><img loading=\"lazy\" decoding=\"async\" class=\"alignnone size-medium wp-image-10281\" src=\"https:\/\/avogel.fr\/blog\/wp-content\/uploads\/2026\/03\/goutte-forte-avogel-naturel-252x300.png\" alt=\"Gouttes pour les yeux naturelles A.Vogel\" width=\"252\" height=\"300\" srcset=\"https:\/\/avogel.fr\/blog\/wp-content\/uploads\/2026\/03\/goutte-forte-avogel-naturel-252x300.png 252w, https:\/\/avogel.fr\/blog\/wp-content\/uploads\/2026\/03\/goutte-forte-avogel-naturel-860x1024.png 860w, https:\/\/avogel.fr\/blog\/wp-content\/uploads\/2026\/03\/goutte-forte-avogel-naturel-768x915.png 768w, https:\/\/avogel.fr\/blog\/wp-content\/uploads\/2026\/03\/goutte-forte-avogel-naturel.png 899w\" sizes=\"auto, (max-width: 252px) 100vw, 252px\" \/><br \/>\n\ud83d\udca1 <a href=\"https:\/\/avogel.fr\/allergies\/1037-gouttes-pour-les-yeux.html\" target=\"_blank\" rel=\"noopener\">Les gouttes pour les yeux A.Vogel<\/a> sont <strong>compatibles avec le port de lentilles<\/strong>. Il existe \u00e9galement <strong><a href=\"https:\/\/avogel.fr\/allergies\/1223-gouttes-pour-les-yeux-forte.html\" target=\"_blank\" rel=\"noopener\">une version extra intensive et hydratante<\/a><\/strong>, deux fois plus concentr\u00e9e en acide hyaluronique, adapt\u00e9e lorsque l\u2019inconfort est plus marqu\u00e9.<\/p>\n<h3>4. Le rituel du soir : \u00e9liminer les pollens accumul\u00e9s<\/h3>\n<p>Le soir est le moment id\u00e9al pour \u201cremettre les compteurs \u00e0 z\u00e9ro\u201d.<\/p>\n<ul>\n<li>Rincez votre visage<\/li>\n<li>Nettoyez votre nez<\/li>\n<li>Appliquez des gouttes oculaires si n\u00e9cessaire<\/li>\n<li>Changez de v\u00eatements<\/li>\n<\/ul>\n<p>Ce rituel simple contribue au bien-\u00eatre physique\u2026 et mental. Dormir confortablement participe \u00e0 l\u2019\u00e9quilibre global.<\/p>\n<h2>FAQ &#8211; Questions fr\u00e9quentes sur les allergies au pollen<\/h2>\n<ul>\n<li><strong>Un spray nasal naturel est-il utile en cas d\u2019allergie ?<\/strong><\/li>\n<\/ul>\n<ol>Oui, le nettoyage r\u00e9gulier du nez permet d\u2019\u00e9liminer les allerg\u00e8nes pr\u00e9sents sur les muqueuses et de limiter l\u2019irritation.<\/ol>\n<ul>\n<li><strong>Peut-on utiliser des gouttes oculaires tous les jours ?<\/strong><\/li>\n<\/ul>\n<ol>Des gouttes hydratantes adapt\u00e9es peuvent \u00eatre utilis\u00e9es r\u00e9guli\u00e8rement en p\u00e9riode d\u2019exposition, selon les recommandations du produit.<\/ol>\n<ul>\n<li><strong>Combien de temps dure la saison des pollens ?<\/strong><\/li>\n<\/ul>\n<ol>Elle varie selon les r\u00e9gions et peut s\u2019\u00e9tendre du printemps jusqu\u2019\u00e0 la fin de l\u2019\u00e9t\u00e9.<\/ol>\n<h2>Pour aller plus loin : comprendre et anticiper<\/h2>\n<p>Pour approfondir le sujet, vous pouvez \u00e9galement consulter :<\/p>\n<p><strong><a href=\"https:\/\/avogel.fr\/blog\/allergies\/allergies-saisonnieres-et-allergies-croisees\/\" target=\"_blank\" rel=\"noopener\">Notre article sur les allergies saisonni\u00e8res et allergies crois\u00e9es<\/a> <\/strong><\/p>\n<p><strong><a href=\"https:\/\/avogel.fr\/blog\/allergies\/5-solutions-naturelles-contre-allergies-printanieres\/\" target=\"_blank\" rel=\"noopener\">Nos rem\u00e8des naturels contre les allergies printani\u00e8res<\/a><\/strong><\/p>\n<p><strong><a href=\"https:\/\/avogel.fr\/blog\/allergies\/alerte-pollens-anticiper-pour-mieux-vous-protegez-avec-le-calendrier-pollinique\/\" target=\"_blank\" rel=\"noopener\">Le calendrier pollinique pour mieux anticiper les p\u00e9riodes sensibles <\/a><\/strong><\/p>\n","protected":false},"excerpt":{"rendered":"<p>Chez A.Vogel, nous consid\u00e9rons que le bien-\u00eatre ne se limite pas \u00e0 faire dispara\u00eetre un sympt\u00f4me. Il s\u2019agit d\u2019aider l\u2019organisme \u00e0 retrouver son \u00e9quilibre, en respectant son fonctionnement naturel. Bonne nouvelle : avec une routine simple et naturelle, il est possible de r\u00e9duire significativement l\u2019inconfort pour mieux vivre la saison pollinique. Sommaire : O\u00f9 en [&hellip;]<\/p>\n","protected":false},"author":19,"featured_media":10053,"comment_status":"closed","ping_status":"closed","sticky":false,"template":"","format":"standard","meta":{"_acf_changed":false,"footnotes":""},"categories":[1576],"tags":[],"class_list":["post-10277","post","type-post","status-publish","format-standard","has-post-thumbnail","hentry","category-allergies"],"acf":[],"yoast_head":"<!-- This site is optimized with the Yoast SEO plugin v22.0 - https:\/\/yoast.com\/wordpress\/plugins\/seo\/ -->\n<title>Soulager les allergies au pollen : une routine naturelle<\/title>\n<meta name=\"description\" content=\"D\u00e9couvrez comment soulager les allergies au pollen naturellement gr\u00e2ce \u00e0 une routine simple pour apaiser nez et yeux irrit\u00e9s.\" \/>\n<meta name=\"robots\" content=\"index, follow, max-snippet:-1, max-image-preview:large, max-video-preview:-1\" \/>\n<link rel=\"canonical\" href=\"https:\/\/avogel.fr\/blog\/allergies\/soulager-allergies-pollen\/\" \/>\n<meta property=\"og:locale\" content=\"fr_FR\" \/>\n<meta property=\"og:type\" content=\"article\" \/>\n<meta property=\"og:title\" content=\"Soulager les allergies au pollen : une routine naturelle\" \/>\n<meta property=\"og:description\" content=\"D\u00e9couvrez comment soulager les allergies au pollen naturellement gr\u00e2ce \u00e0 une routine simple pour apaiser nez et yeux irrit\u00e9s.\" \/>\n<meta property=\"og:url\" content=\"https:\/\/avogel.fr\/blog\/allergies\/soulager-allergies-pollen\/\" \/>\n<meta property=\"og:site_name\" content=\"A.Vogel - Compl\u00e9ments alimentaires naturels\" \/>\n<meta property=\"article:published_time\" content=\"2026-03-05T11:10:59+00:00\" \/>\n<meta property=\"article:modified_time\" content=\"2026-03-07T07:25:06+00:00\" \/>\n<meta property=\"og:image\" content=\"https:\/\/avogel.fr\/blog\/wp-content\/uploads\/2025\/09\/2151110640.jpg\" \/>\n\t<meta property=\"og:image:width\" content=\"1000\" \/>\n\t<meta property=\"og:image:height\" content=\"667\" \/>\n\t<meta property=\"og:image:type\" content=\"image\/jpeg\" \/>\n<meta name=\"author\" content=\"Cathy Garcia\" \/>\n<meta name=\"twitter:card\" content=\"summary_large_image\" \/>\n<meta name=\"twitter:label1\" content=\"\u00c9crit par\" \/>\n\t<meta name=\"twitter:data1\" content=\"Cathy Garcia\" \/>\n\t<meta name=\"twitter:label2\" content=\"Dur\u00e9e de lecture estim\u00e9e\" \/>\n\t<meta name=\"twitter:data2\" content=\"5 minutes\" \/>\n<script type=\"application\/ld+json\" class=\"yoast-schema-graph\">{\"@context\":\"https:\/\/schema.org\",\"@graph\":[{\"@type\":\"WebPage\",\"@id\":\"https:\/\/avogel.fr\/blog\/allergies\/soulager-allergies-pollen\/\",\"url\":\"https:\/\/avogel.fr\/blog\/allergies\/soulager-allergies-pollen\/\",\"name\":\"Soulager les allergies au pollen : une routine naturelle\",\"isPartOf\":{\"@id\":\"https:\/\/avogel.fr\/blog\/#website\"},\"datePublished\":\"2026-03-05T11:10:59+00:00\",\"dateModified\":\"2026-03-07T07:25:06+00:00\",\"author\":{\"@id\":\"https:\/\/avogel.fr\/blog\/#\/schema\/person\/58004bc2d5f8bea8038cfbeed85fb4f8\"},\"description\":\"D\u00e9couvrez comment soulager les allergies au pollen naturellement gr\u00e2ce \u00e0 une routine simple pour apaiser nez et yeux irrit\u00e9s.\",\"breadcrumb\":{\"@id\":\"https:\/\/avogel.fr\/blog\/allergies\/soulager-allergies-pollen\/#breadcrumb\"},\"inLanguage\":\"fr-FR\",\"potentialAction\":[{\"@type\":\"ReadAction\",\"target\":[\"https:\/\/avogel.fr\/blog\/allergies\/soulager-allergies-pollen\/\"]}]},{\"@type\":\"BreadcrumbList\",\"@id\":\"https:\/\/avogel.fr\/blog\/allergies\/soulager-allergies-pollen\/#breadcrumb\",\"itemListElement\":[{\"@type\":\"ListItem\",\"position\":1,\"name\":\"Accueil\",\"item\":\"https:\/\/avogel.fr\/blog\/\"},{\"@type\":\"ListItem\",\"position\":2,\"name\":\"Soulager les allergies au pollen : une routine naturelle\"}]},{\"@type\":\"WebSite\",\"@id\":\"https:\/\/avogel.fr\/blog\/#website\",\"url\":\"https:\/\/avogel.fr\/blog\/\",\"name\":\"A.Vogel - Compl\u00e9ments alimentaires naturels\",\"description\":\"Retrouvez tous nos conseils pour rester naturellement fort - Compl\u00e9ments \u00e0 base de plantes fra\u00eeches biologiques\",\"potentialAction\":[{\"@type\":\"SearchAction\",\"target\":{\"@type\":\"EntryPoint\",\"urlTemplate\":\"https:\/\/avogel.fr\/blog\/?s={search_term_string}\"},\"query-input\":\"required name=search_term_string\"}],\"inLanguage\":\"fr-FR\"},{\"@type\":\"Person\",\"@id\":\"https:\/\/avogel.fr\/blog\/#\/schema\/person\/58004bc2d5f8bea8038cfbeed85fb4f8\",\"name\":\"Cathy Garcia\",\"url\":\"https:\/\/avogel.fr\/blog\/author\/cathy-garcia\/\"}]}<\/script>\n<!-- \/ Yoast SEO plugin. -->","yoast_head_json":{"title":"Soulager les allergies au pollen : une routine naturelle","description":"D\u00e9couvrez comment soulager les allergies au pollen naturellement gr\u00e2ce \u00e0 une routine simple pour apaiser nez et yeux irrit\u00e9s.","robots":{"index":"index","follow":"follow","max-snippet":"max-snippet:-1","max-image-preview":"max-image-preview:large","max-video-preview":"max-video-preview:-1"},"canonical":"https:\/\/avogel.fr\/blog\/allergies\/soulager-allergies-pollen\/","og_locale":"fr_FR","og_type":"article","og_title":"Soulager les allergies au pollen : une routine naturelle","og_description":"D\u00e9couvrez comment soulager les allergies au pollen naturellement gr\u00e2ce \u00e0 une routine simple pour apaiser nez et yeux irrit\u00e9s.","og_url":"https:\/\/avogel.fr\/blog\/allergies\/soulager-allergies-pollen\/","og_site_name":"A.Vogel - Compl\u00e9ments alimentaires naturels","article_published_time":"2026-03-05T11:10:59+00:00","article_modified_time":"2026-03-07T07:25:06+00:00","og_image":[{"width":1000,"height":667,"url":"https:\/\/avogel.fr\/blog\/wp-content\/uploads\/2025\/09\/2151110640.jpg","type":"image\/jpeg"}],"author":"Cathy Garcia","twitter_card":"summary_large_image","twitter_misc":{"\u00c9crit par":"Cathy Garcia","Dur\u00e9e de lecture estim\u00e9e":"5 minutes"},"schema":{"@context":"https:\/\/schema.org","@graph":[{"@type":"WebPage","@id":"https:\/\/avogel.fr\/blog\/allergies\/soulager-allergies-pollen\/","url":"https:\/\/avogel.fr\/blog\/allergies\/soulager-allergies-pollen\/","name":"Soulager les allergies au pollen : une routine naturelle","isPartOf":{"@id":"https:\/\/avogel.fr\/blog\/#website"},"datePublished":"2026-03-05T11:10:59+00:00","dateModified":"2026-03-07T07:25:06+00:00","author":{"@id":"https:\/\/avogel.fr\/blog\/#\/schema\/person\/58004bc2d5f8bea8038cfbeed85fb4f8"},"description":"D\u00e9couvrez comment soulager les allergies au pollen naturellement gr\u00e2ce \u00e0 une routine simple pour apaiser nez et yeux irrit\u00e9s.","breadcrumb":{"@id":"https:\/\/avogel.fr\/blog\/allergies\/soulager-allergies-pollen\/#breadcrumb"},"inLanguage":"fr-FR","potentialAction":[{"@type":"ReadAction","target":["https:\/\/avogel.fr\/blog\/allergies\/soulager-allergies-pollen\/"]}]},{"@type":"BreadcrumbList","@id":"https:\/\/avogel.fr\/blog\/allergies\/soulager-allergies-pollen\/#breadcrumb","itemListElement":[{"@type":"ListItem","position":1,"name":"Accueil","item":"https:\/\/avogel.fr\/blog\/"},{"@type":"ListItem","position":2,"name":"Soulager les allergies au pollen : une routine naturelle"}]},{"@type":"WebSite","@id":"https:\/\/avogel.fr\/blog\/#website","url":"https:\/\/avogel.fr\/blog\/","name":"A.Vogel - Compl\u00e9ments alimentaires naturels","description":"Retrouvez tous nos conseils pour rester naturellement fort - Compl\u00e9ments \u00e0 base de plantes fra\u00eeches biologiques","potentialAction":[{"@type":"SearchAction","target":{"@type":"EntryPoint","urlTemplate":"https:\/\/avogel.fr\/blog\/?s={search_term_string}"},"query-input":"required name=search_term_string"}],"inLanguage":"fr-FR"},{"@type":"Person","@id":"https:\/\/avogel.fr\/blog\/#\/schema\/person\/58004bc2d5f8bea8038cfbeed85fb4f8","name":"Cathy Garcia","url":"https:\/\/avogel.fr\/blog\/author\/cathy-garcia\/"}]}},"_links":{"self":[{"href":"https:\/\/avogel.fr\/blog\/wp-json\/wp\/v2\/posts\/10277","targetHints":{"allow":["GET"]}}],"collection":[{"href":"https:\/\/avogel.fr\/blog\/wp-json\/wp\/v2\/posts"}],"about":[{"href":"https:\/\/avogel.fr\/blog\/wp-json\/wp\/v2\/types\/post"}],"author":[{"embeddable":true,"href":"https:\/\/avogel.fr\/blog\/wp-json\/wp\/v2\/users\/19"}],"replies":[{"embeddable":true,"href":"https:\/\/avogel.fr\/blog\/wp-json\/wp\/v2\/comments?post=10277"}],"version-history":[{"count":39,"href":"https:\/\/avogel.fr\/blog\/wp-json\/wp\/v2\/posts\/10277\/revisions"}],"predecessor-version":[{"id":10322,"href":"https:\/\/avogel.fr\/blog\/wp-json\/wp\/v2\/posts\/10277\/revisions\/10322"}],"wp:featuredmedia":[{"embeddable":true,"href":"https:\/\/avogel.fr\/blog\/wp-json\/wp\/v2\/media\/10053"}],"wp:attachment":[{"href":"https:\/\/avogel.fr\/blog\/wp-json\/wp\/v2\/media?parent=10277"}],"wp:term":[{"taxonomy":"category","embeddable":true,"href":"https:\/\/avogel.fr\/blog\/wp-json\/wp\/v2\/categories?post=10277"},{"taxonomy":"post_tag","embeddable":true,"href":"https:\/\/avogel.fr\/blog\/wp-json\/wp\/v2\/tags?post=10277"}],"curies":[{"name":"wp","href":"https:\/\/api.w.org\/{rel}","templated":true}]}}