{"id":10191,"date":"2026-01-14T10:13:41","date_gmt":"2026-01-14T09:13:41","guid":{"rendered":"https:\/\/avogel.fr\/blog\/?p=10191"},"modified":"2026-01-14T10:15:37","modified_gmt":"2026-01-14T09:15:37","slug":"reflexologie-plantaire-poumon","status":"publish","type":"post","link":"https:\/\/avogel.fr\/blog\/bien-etre\/reflexologie-plantaire-poumon\/","title":{"rendered":"R\u00e9flexologie plantaire pour les poumons : zones, bienfaits et m\u00e9thode"},"content":{"rendered":"<p>La vo\u00fbte plantaire et les orteils constituent les r\u00e9gions cl\u00e9s o\u00f9 se concentrent ces points, chacun reli\u00e9 \u00e0 une fonction respiratoire sp\u00e9cifique. Avec des gestes simples et des pressions adapt\u00e9es, cette approche douce vous invite \u00e0 prendre soin de vous de mani\u00e8re naturelle, en harmonie avec les ressources de votre corps.<\/p>\n<hr \/>\n<p><strong>Sommaire :<\/strong><\/p>\n<p><a href=\"#localisation\">1- Localisation des zones r\u00e9flexes des poumons sur les pieds<\/a><br \/>\n<a href=\"#bienfaits\">2- Bienfaits de la stimulation des zones r\u00e9flexes pulmonaires<\/a><br \/>\n<a href=\"#methode\">3- M\u00e9thode de stimulation des zones r\u00e9flexes des poumons<\/a><\/p>\n<hr \/>\n<h2 id=\"localisation\">Localisation des zones r\u00e9flexes des poumons sur les pieds<\/h2>\n<h3>Zone respiratoire haute et orteils<\/h3>\n<p>La zone situ\u00e9e juste sous les orteils repr\u00e9sente les voies respiratoires sup\u00e9rieures. Bronches et trach\u00e9e y trouvent leur correspondance. En exer\u00e7ant des pressions sur cette partie du pied, vous pourriez favoriser <strong>une meilleure oxyg\u00e9nation de votre organisme<\/strong>. Cette r\u00e9gion se travaille sur les deux pieds, car elle refl\u00e8te un syst\u00e8me respiratoire qui fonctionne de mani\u00e8re sym\u00e9trique.<\/p>\n<h3>Vo\u00fbte plantaire et poumons centraux<\/h3>\n<p>Le haut de la vo\u00fbte plantaire, juste sous les orteils, correspond aux poumons. Cette zone refl\u00e8te la capacit\u00e9 respiratoire et l&rsquo;\u00e9tat de vos poumons. En exer\u00e7ant des pressions sur cette partie, vous pourriez aider \u00e0 <strong>lib\u00e9rer les tensions qui p\u00e8sent sur votre souffle au quotidien.<\/strong><\/p>\n<h2 id=\"bienfaits\">Bienfaits de la stimulation des zones r\u00e9flexes pulmonaires<\/h2>\n<h3>Am\u00e9lioration de la fonction respiratoire<\/h3>\n<p>Une respiration courte ou superficielle peut limiter l&rsquo;apport en oxyg\u00e8ne vers vos cellules. Ce type de souffle, souvent li\u00e9 \u00e0 des tensions accumul\u00e9es dans la cage thoracique, vous emp\u00eache de respirer pleinement. En travaillant les zones r\u00e9flexes situ\u00e9es sous les orteils et sur le haut de la vo\u00fbte plantaire, vous pourriez aider votre corps \u00e0 <strong>rel\u00e2cher ces blocages.<\/strong><\/p>\n<p>La stimulation de ces points favoriserait une respiration plus ample et plus profonde. Vos poumons pourraient ainsi mieux remplir leur r\u00f4le. L&rsquo;oxyg\u00e8ne circulerait plus librement vers vos cellules. Cette approche douce vous accompagne dans la <strong>red\u00e9couverte d&rsquo;un souffle plus fluide et plus r\u00e9gulier.<\/strong><\/p>\n<h3>Apaisement du stress et de l&rsquo;anxi\u00e9t\u00e9<\/h3>\n<p>Le stress se manifeste souvent par des signes physiques : respiration courte, oppression dans la poitrine, tensions dans les \u00e9paules. Ces r\u00e9actions traduisent un syst\u00e8me nerveux en alerte. En massant les zones r\u00e9flexes des poumons, vous pourriez aider votre corps \u00e0 retrouver un \u00e9tat de calme. Les pressions exerc\u00e9es sur ces points enverraient <strong>des signaux au syst\u00e8me nerveux parasympathique, celui qui favorise la d\u00e9tente.<\/strong><\/p>\n<p>Le rythme respiratoire pourrait alors se r\u00e9guler. Une respiration plus lente et plus profonde aide \u00e0 rel\u00e2cher les tensions accumul\u00e9es dans la cage thoracique. Cette sensation d&rsquo;oppression qui p\u00e8se parfois sur la poitrine tend \u00e0 s&rsquo;att\u00e9nuer. Vous offrez \u00e0 votre corps un moment de r\u00e9pit o\u00f9 il peut se recentrer et retrouver son \u00e9quilibre.<\/p>\n<p><img loading=\"lazy\" decoding=\"async\" class=\"alignnone wp-image-10198 size-large\" src=\"https:\/\/avogel.fr\/blog\/wp-content\/uploads\/2026\/01\/respiration-apaisee-1024x683.jpg\" alt=\"Respiration apais\u00e9e \" width=\"640\" height=\"427\" srcset=\"https:\/\/avogel.fr\/blog\/wp-content\/uploads\/2026\/01\/respiration-apaisee-1024x683.jpg 1024w, https:\/\/avogel.fr\/blog\/wp-content\/uploads\/2026\/01\/respiration-apaisee-300x200.jpg 300w, https:\/\/avogel.fr\/blog\/wp-content\/uploads\/2026\/01\/respiration-apaisee-768x513.jpg 768w, https:\/\/avogel.fr\/blog\/wp-content\/uploads\/2026\/01\/respiration-apaisee.jpg 1500w\" sizes=\"auto, (max-width: 640px) 100vw, 640px\" \/><\/p>\n<h3>Soutien en cas de troubles respiratoires l\u00e9gers<\/h3>\n<p>L&rsquo;asthme l\u00e9ger, les bronchites r\u00e9currentes ou la fatigue respiratoire peuvent peser sur votre quotidien. La r\u00e9flexologie plantaire pourrait vous accompagner en compl\u00e9ment de votre suivi m\u00e9dical. Elle ne remplace pas un traitement, mais elle offre un soutien pour mieux vivre ces p\u00e9riodes. Pour aller plus loin, certaines plantes aident aussi \u00e0 prendre soin de vos voies respiratoires. A. Vogel propose des <a href=\"https:\/\/avogel.fr\">compl\u00e9ments alimentaires \u00e0 base de plantes fra\u00eeches<\/a>, comme <a href=\"https:\/\/avogel.fr\/blog\/guide-de-plante\/echinacee-pourpre-echinacea-purpurea\/\">l&rsquo;\u00e9chinac\u00e9e<\/a> ou <a href=\"https:\/\/avogel.fr\/blog\/guide-de-plante\/thym-thymus-vulgaris\/\">le thym<\/a>, qui pourraient contribuer \u00e0 votre confort respiratoire au fil des saisons.<\/p>\n<h2 id=\"methode\">M\u00e9thode de stimulation des zones r\u00e9flexes des poumons<\/h2>\n<h3>Gestes et pressions \u00e0 appliquer<\/h3>\n<p>Commencez par placer votre pouce sur le haut de la vo\u00fbte plantaire. Exercez des pressions circulaires lentes et r\u00e9guli\u00e8res sur cette zone qui correspond aux poumons. Maintenez chaque pression quelques secondes avant de rel\u00e2cher. Ce mouvement aide \u00e0 <strong>d\u00e9tendre les tissus et \u00e0 envoyer des signaux vers votre syst\u00e8me respiratoire.<\/strong><\/p>\n<p>Poursuivez ensuite par des effleurages sous les orteils. Cette zone refl\u00e8te les bronches et les voies respiratoires sup\u00e9rieures. Alternez entre des pressions douces pour apaiser et des pressions plus toniques pour activer la circulation. Adaptez toujours l&rsquo;intensit\u00e9 \u00e0 votre ressenti. Si une zone vous semble sensible, restez plus doux. Si vous ne ressentez rien de particulier, vous pouvez appuyer un peu plus fermement.<\/p>\n<p><img loading=\"lazy\" decoding=\"async\" class=\"alignnone wp-image-10196 size-large\" src=\"https:\/\/avogel.fr\/blog\/wp-content\/uploads\/2026\/01\/reflexo-plantaire-cours-1024x489.jpg\" alt=\"Cours de r\u00e9flexologie plantaire\" width=\"640\" height=\"306\" srcset=\"https:\/\/avogel.fr\/blog\/wp-content\/uploads\/2026\/01\/reflexo-plantaire-cours-1024x489.jpg 1024w, https:\/\/avogel.fr\/blog\/wp-content\/uploads\/2026\/01\/reflexo-plantaire-cours-300x143.jpg 300w, https:\/\/avogel.fr\/blog\/wp-content\/uploads\/2026\/01\/reflexo-plantaire-cours-768x367.jpg 768w, https:\/\/avogel.fr\/blog\/wp-content\/uploads\/2026\/01\/reflexo-plantaire-cours.jpg 1500w\" sizes=\"auto, (max-width: 640px) 100vw, 640px\" \/><\/p>\n<h3>Fr\u00e9quence et dur\u00e9e des s\u00e9ances<\/h3>\n<p>Trois \u00e0 cinq minutes par pied suffisent pour une s\u00e9ance efficace. Ce temps permet de travailler les zones r\u00e9flexes sans fatiguer les tissus. Vous pouvez r\u00e9p\u00e9ter ces gestes <strong>deux \u00e0 trois fois par semaine pour un effet pr\u00e9ventif<\/strong>.<\/p>\n<p>En p\u00e9riode de fragilit\u00e9 respiratoire, un rythme quotidien pourrait vous apporter un soutien suppl\u00e9mentaire. \u00c9coutez votre corps et adaptez la fr\u00e9quence selon vos besoins du moment.<\/p>\n<hr \/>\n<p>Prendre soin de vos poumons passe aussi par des gestes simples, accessibles \u00e0 tous. La r\u00e9flexologie plantaire vous offre un moment de reconnexion avec votre corps, o\u00f9 chaque pression sur la vo\u00fbte plantaire peut soutenir votre souffle au quotidien. <strong>Cette approche douce s&rsquo;inscrit dans une d\u00e9marche globale de bien-\u00eatre, o\u00f9 la nature reste votre meilleure alli\u00e9e. <\/strong><\/p>\n<p>Pour accompagner votre confort respiratoire au fil des saisons, les plantes fra\u00eeches cultiv\u00e9es avec soin, comme celles propos\u00e9es par <a href=\"https:\/\/avogel.fr\">A. Vogel<\/a>, pourraient compl\u00e9ter cette routine bienveillante. \u00c9coutez votre corps, il saura vous guider vers l&rsquo;\u00e9quilibre qui vous convient.<\/p>\n","protected":false},"excerpt":{"rendered":"<p>La vo\u00fbte plantaire et les orteils constituent les r\u00e9gions cl\u00e9s o\u00f9 se concentrent ces points, chacun reli\u00e9 \u00e0 une fonction respiratoire sp\u00e9cifique. Avec des gestes simples et des pressions adapt\u00e9es, cette approche douce vous invite \u00e0 prendre soin de vous de mani\u00e8re naturelle, en harmonie avec les ressources de votre corps. Sommaire : 1- Localisation [&hellip;]<\/p>\n","protected":false},"author":18,"featured_media":10195,"comment_status":"closed","ping_status":"closed","sticky":false,"template":"","format":"standard","meta":{"_acf_changed":false,"footnotes":""},"categories":[1564],"tags":[],"class_list":["post-10191","post","type-post","status-publish","format-standard","has-post-thumbnail","hentry","category-bien-etre"],"acf":[],"yoast_head":"<!-- This site is optimized with the Yoast SEO plugin v22.0 - https:\/\/yoast.com\/wordpress\/plugins\/seo\/ -->\n<title>R\u00e9flexologie plantaire pour les poumons- A.Vogel - Compl\u00e9ments alimentaires naturels<\/title>\n<meta name=\"description\" content=\"D\u00e9couvrez comment la r\u00e9flexologie plantaire peut am\u00e9liorer votre respiration et vous reconnecter \u00e0 votre corps.\" \/>\n<meta name=\"robots\" content=\"index, follow, max-snippet:-1, max-image-preview:large, max-video-preview:-1\" \/>\n<link rel=\"canonical\" href=\"https:\/\/avogel.fr\/blog\/bien-etre\/reflexologie-plantaire-poumon\/\" \/>\n<meta property=\"og:locale\" content=\"fr_FR\" \/>\n<meta property=\"og:type\" content=\"article\" \/>\n<meta property=\"og:title\" content=\"R\u00e9flexologie plantaire pour les poumons- A.Vogel - Compl\u00e9ments alimentaires naturels\" \/>\n<meta property=\"og:description\" content=\"D\u00e9couvrez comment la r\u00e9flexologie plantaire peut am\u00e9liorer votre respiration et vous reconnecter \u00e0 votre corps.\" \/>\n<meta property=\"og:url\" content=\"https:\/\/avogel.fr\/blog\/bien-etre\/reflexologie-plantaire-poumon\/\" \/>\n<meta property=\"og:site_name\" content=\"A.Vogel - Compl\u00e9ments alimentaires naturels\" \/>\n<meta property=\"article:published_time\" content=\"2026-01-14T09:13:41+00:00\" \/>\n<meta property=\"article:modified_time\" content=\"2026-01-14T09:15:37+00:00\" \/>\n<meta property=\"og:image\" content=\"https:\/\/avogel.fr\/blog\/wp-content\/uploads\/2026\/01\/reflexo-plantaire.jpg\" \/>\n\t<meta property=\"og:image:width\" content=\"1500\" \/>\n\t<meta property=\"og:image:height\" content=\"1001\" \/>\n\t<meta property=\"og:image:type\" content=\"image\/jpeg\" \/>\n<meta name=\"author\" content=\"annelaure\" \/>\n<meta name=\"twitter:card\" content=\"summary_large_image\" \/>\n<meta name=\"twitter:label1\" content=\"\u00c9crit par\" \/>\n\t<meta name=\"twitter:data1\" content=\"annelaure\" \/>\n\t<meta name=\"twitter:label2\" content=\"Dur\u00e9e de lecture estim\u00e9e\" \/>\n\t<meta name=\"twitter:data2\" content=\"5 minutes\" \/>\n<script type=\"application\/ld+json\" class=\"yoast-schema-graph\">{\"@context\":\"https:\/\/schema.org\",\"@graph\":[{\"@type\":\"WebPage\",\"@id\":\"https:\/\/avogel.fr\/blog\/bien-etre\/reflexologie-plantaire-poumon\/\",\"url\":\"https:\/\/avogel.fr\/blog\/bien-etre\/reflexologie-plantaire-poumon\/\",\"name\":\"R\u00e9flexologie plantaire pour les poumons- A.Vogel - Compl\u00e9ments alimentaires naturels\",\"isPartOf\":{\"@id\":\"https:\/\/avogel.fr\/blog\/#website\"},\"datePublished\":\"2026-01-14T09:13:41+00:00\",\"dateModified\":\"2026-01-14T09:15:37+00:00\",\"author\":{\"@id\":\"https:\/\/avogel.fr\/blog\/#\/schema\/person\/41eda32365b4eebd04baced4f1946a0a\"},\"description\":\"D\u00e9couvrez comment la r\u00e9flexologie plantaire peut am\u00e9liorer votre respiration et vous reconnecter \u00e0 votre corps.\",\"breadcrumb\":{\"@id\":\"https:\/\/avogel.fr\/blog\/bien-etre\/reflexologie-plantaire-poumon\/#breadcrumb\"},\"inLanguage\":\"fr-FR\",\"potentialAction\":[{\"@type\":\"ReadAction\",\"target\":[\"https:\/\/avogel.fr\/blog\/bien-etre\/reflexologie-plantaire-poumon\/\"]}]},{\"@type\":\"BreadcrumbList\",\"@id\":\"https:\/\/avogel.fr\/blog\/bien-etre\/reflexologie-plantaire-poumon\/#breadcrumb\",\"itemListElement\":[{\"@type\":\"ListItem\",\"position\":1,\"name\":\"Accueil\",\"item\":\"https:\/\/avogel.fr\/blog\/\"},{\"@type\":\"ListItem\",\"position\":2,\"name\":\"R\u00e9flexologie plantaire pour les poumons : zones, bienfaits et m\u00e9thode\"}]},{\"@type\":\"WebSite\",\"@id\":\"https:\/\/avogel.fr\/blog\/#website\",\"url\":\"https:\/\/avogel.fr\/blog\/\",\"name\":\"A.Vogel - Compl\u00e9ments alimentaires naturels\",\"description\":\"Retrouvez tous nos conseils pour rester naturellement fort - Compl\u00e9ments \u00e0 base de plantes fra\u00eeches biologiques\",\"potentialAction\":[{\"@type\":\"SearchAction\",\"target\":{\"@type\":\"EntryPoint\",\"urlTemplate\":\"https:\/\/avogel.fr\/blog\/?s={search_term_string}\"},\"query-input\":\"required name=search_term_string\"}],\"inLanguage\":\"fr-FR\"},{\"@type\":\"Person\",\"@id\":\"https:\/\/avogel.fr\/blog\/#\/schema\/person\/41eda32365b4eebd04baced4f1946a0a\",\"name\":\"annelaure\",\"url\":\"https:\/\/avogel.fr\/blog\/author\/annelaure\/\"}]}<\/script>\n<!-- \/ Yoast SEO plugin. -->","yoast_head_json":{"title":"R\u00e9flexologie plantaire pour les poumons- A.Vogel - Compl\u00e9ments alimentaires naturels","description":"D\u00e9couvrez comment la r\u00e9flexologie plantaire peut am\u00e9liorer votre respiration et vous reconnecter \u00e0 votre corps.","robots":{"index":"index","follow":"follow","max-snippet":"max-snippet:-1","max-image-preview":"max-image-preview:large","max-video-preview":"max-video-preview:-1"},"canonical":"https:\/\/avogel.fr\/blog\/bien-etre\/reflexologie-plantaire-poumon\/","og_locale":"fr_FR","og_type":"article","og_title":"R\u00e9flexologie plantaire pour les poumons- A.Vogel - Compl\u00e9ments alimentaires naturels","og_description":"D\u00e9couvrez comment la r\u00e9flexologie plantaire peut am\u00e9liorer votre respiration et vous reconnecter \u00e0 votre corps.","og_url":"https:\/\/avogel.fr\/blog\/bien-etre\/reflexologie-plantaire-poumon\/","og_site_name":"A.Vogel - Compl\u00e9ments alimentaires naturels","article_published_time":"2026-01-14T09:13:41+00:00","article_modified_time":"2026-01-14T09:15:37+00:00","og_image":[{"width":1500,"height":1001,"url":"https:\/\/avogel.fr\/blog\/wp-content\/uploads\/2026\/01\/reflexo-plantaire.jpg","type":"image\/jpeg"}],"author":"annelaure","twitter_card":"summary_large_image","twitter_misc":{"\u00c9crit par":"annelaure","Dur\u00e9e de lecture estim\u00e9e":"5 minutes"},"schema":{"@context":"https:\/\/schema.org","@graph":[{"@type":"WebPage","@id":"https:\/\/avogel.fr\/blog\/bien-etre\/reflexologie-plantaire-poumon\/","url":"https:\/\/avogel.fr\/blog\/bien-etre\/reflexologie-plantaire-poumon\/","name":"R\u00e9flexologie plantaire pour les poumons- A.Vogel - Compl\u00e9ments alimentaires naturels","isPartOf":{"@id":"https:\/\/avogel.fr\/blog\/#website"},"datePublished":"2026-01-14T09:13:41+00:00","dateModified":"2026-01-14T09:15:37+00:00","author":{"@id":"https:\/\/avogel.fr\/blog\/#\/schema\/person\/41eda32365b4eebd04baced4f1946a0a"},"description":"D\u00e9couvrez comment la r\u00e9flexologie plantaire peut am\u00e9liorer votre respiration et vous reconnecter \u00e0 votre corps.","breadcrumb":{"@id":"https:\/\/avogel.fr\/blog\/bien-etre\/reflexologie-plantaire-poumon\/#breadcrumb"},"inLanguage":"fr-FR","potentialAction":[{"@type":"ReadAction","target":["https:\/\/avogel.fr\/blog\/bien-etre\/reflexologie-plantaire-poumon\/"]}]},{"@type":"BreadcrumbList","@id":"https:\/\/avogel.fr\/blog\/bien-etre\/reflexologie-plantaire-poumon\/#breadcrumb","itemListElement":[{"@type":"ListItem","position":1,"name":"Accueil","item":"https:\/\/avogel.fr\/blog\/"},{"@type":"ListItem","position":2,"name":"R\u00e9flexologie plantaire pour les poumons : zones, bienfaits et m\u00e9thode"}]},{"@type":"WebSite","@id":"https:\/\/avogel.fr\/blog\/#website","url":"https:\/\/avogel.fr\/blog\/","name":"A.Vogel - Compl\u00e9ments alimentaires naturels","description":"Retrouvez tous nos conseils pour rester naturellement fort - Compl\u00e9ments \u00e0 base de plantes fra\u00eeches biologiques","potentialAction":[{"@type":"SearchAction","target":{"@type":"EntryPoint","urlTemplate":"https:\/\/avogel.fr\/blog\/?s={search_term_string}"},"query-input":"required name=search_term_string"}],"inLanguage":"fr-FR"},{"@type":"Person","@id":"https:\/\/avogel.fr\/blog\/#\/schema\/person\/41eda32365b4eebd04baced4f1946a0a","name":"annelaure","url":"https:\/\/avogel.fr\/blog\/author\/annelaure\/"}]}},"_links":{"self":[{"href":"https:\/\/avogel.fr\/blog\/wp-json\/wp\/v2\/posts\/10191","targetHints":{"allow":["GET"]}}],"collection":[{"href":"https:\/\/avogel.fr\/blog\/wp-json\/wp\/v2\/posts"}],"about":[{"href":"https:\/\/avogel.fr\/blog\/wp-json\/wp\/v2\/types\/post"}],"author":[{"embeddable":true,"href":"https:\/\/avogel.fr\/blog\/wp-json\/wp\/v2\/users\/18"}],"replies":[{"embeddable":true,"href":"https:\/\/avogel.fr\/blog\/wp-json\/wp\/v2\/comments?post=10191"}],"version-history":[{"count":6,"href":"https:\/\/avogel.fr\/blog\/wp-json\/wp\/v2\/posts\/10191\/revisions"}],"predecessor-version":[{"id":10200,"href":"https:\/\/avogel.fr\/blog\/wp-json\/wp\/v2\/posts\/10191\/revisions\/10200"}],"wp:featuredmedia":[{"embeddable":true,"href":"https:\/\/avogel.fr\/blog\/wp-json\/wp\/v2\/media\/10195"}],"wp:attachment":[{"href":"https:\/\/avogel.fr\/blog\/wp-json\/wp\/v2\/media?parent=10191"}],"wp:term":[{"taxonomy":"category","embeddable":true,"href":"https:\/\/avogel.fr\/blog\/wp-json\/wp\/v2\/categories?post=10191"},{"taxonomy":"post_tag","embeddable":true,"href":"https:\/\/avogel.fr\/blog\/wp-json\/wp\/v2\/tags?post=10191"}],"curies":[{"name":"wp","href":"https:\/\/api.w.org\/{rel}","templated":true}]}}