{"id":1573,"count":14,"description":"<h1>Conseils pour garder le moral naturellement<\/h1>\r\nDepuis l'arriv\u00e9e de l'automne, vous vous sentez fatigu\u00e9e et vous n'avez pas le moral? Il est alors assez probable que vous souffriez de d\u00e9pression hivernale. Le changement de saison est l\u2019une des causes majeures de ce ph\u00e9nom\u00e8ne. Heureusement, certaines solutions peuvent vous aider \u00e0 retrouver votre motivation.\r\nLisez nos conseils pour retrouver tonus et bonne humeur naturellement et sans accoutumance gr\u00e2ce aux solutions naturelles de A.Vogel, dont les compl\u00e9ments naturels \u00e0 base de millepertuis dont les effets pour soutenir le moral et l'humeur sont prouv\u00e9s.","link":"https:\/\/avogel.fr\/blog\/category\/moral\/","name":"Moral","slug":"moral","taxonomy":"category","parent":0,"meta":[],"acf":[],"yoast_head":"<!-- This site is optimized with the Yoast SEO plugin v22.0 - https:\/\/yoast.com\/wordpress\/plugins\/seo\/ -->\n<title>Conseils pour garder le moral naturellement | A.Vogel<\/title>\n<meta name=\"description\" content=\"Nos conseils pour lutter naturellement contre la d\u00e9pression saisonni\u00e8re ou la baisse de moral en utilisant des compl\u00e9ments alimentaires \u00e0 base de plantes fra\u00eeches\" \/>\n<meta name=\"robots\" content=\"index, follow, max-snippet:-1, max-image-preview:large, max-video-preview:-1\" \/>\n<link rel=\"canonical\" href=\"https:\/\/avogel.fr\/blog\/moral\/\" \/>\n<meta property=\"og:locale\" content=\"fr_FR\" \/>\n<meta property=\"og:type\" content=\"article\" \/>\n<meta property=\"og:title\" content=\"Conseils pour garder le moral naturellement | A.Vogel\" \/>\n<meta property=\"og:description\" content=\"Nos conseils pour lutter naturellement contre la d\u00e9pression saisonni\u00e8re ou la baisse de moral en utilisant des compl\u00e9ments alimentaires \u00e0 base de plantes fra\u00eeches\" \/>\n<meta property=\"og:url\" content=\"https:\/\/avogel.fr\/blog\/moral\/\" \/>\n<meta property=\"og:site_name\" content=\"A.Vogel - Compl\u00e9ments alimentaires naturels\" \/>\n<meta name=\"twitter:card\" content=\"summary_large_image\" \/>\n<script type=\"application\/ld+json\" class=\"yoast-schema-graph\">{\"@context\":\"https:\/\/schema.org\",\"@graph\":[{\"@type\":\"CollectionPage\",\"@id\":\"https:\/\/avogel.fr\/blog\/category\/moral\/\",\"url\":\"https:\/\/avogel.fr\/blog\/moral\/\",\"name\":\"Conseils pour garder le moral naturellement | A.Vogel\",\"isPartOf\":{\"@id\":\"https:\/\/avogel.fr\/blog\/#website\"},\"description\":\"Nos conseils pour lutter naturellement contre la d\u00e9pression saisonni\u00e8re ou la baisse de moral en utilisant des compl\u00e9ments alimentaires \u00e0 base de plantes fra\u00eeches\",\"breadcrumb\":{\"@id\":\"https:\/\/avogel.fr\/blog\/moral\/#breadcrumb\"},\"inLanguage\":\"fr-FR\"},{\"@type\":\"BreadcrumbList\",\"@id\":\"https:\/\/avogel.fr\/blog\/moral\/#breadcrumb\",\"itemListElement\":[{\"@type\":\"ListItem\",\"position\":1,\"name\":\"Accueil\",\"item\":\"https:\/\/avogel.fr\/blog\/\"},{\"@type\":\"ListItem\",\"position\":2,\"name\":\"Moral\"}]},{\"@type\":\"WebSite\",\"@id\":\"https:\/\/avogel.fr\/blog\/#website\",\"url\":\"https:\/\/avogel.fr\/blog\/\",\"name\":\"A.Vogel - Compl\u00e9ments alimentaires naturels\",\"description\":\"Retrouvez tous nos conseils pour rester naturellement fort - Compl\u00e9ments \u00e0 base de plantes fra\u00eeches biologiques\",\"potentialAction\":[{\"@type\":\"SearchAction\",\"target\":{\"@type\":\"EntryPoint\",\"urlTemplate\":\"https:\/\/avogel.fr\/blog\/?s={search_term_string}\"},\"query-input\":\"required name=search_term_string\"}],\"inLanguage\":\"fr-FR\"}]}<\/script>\n<!-- \/ Yoast SEO plugin. -->","yoast_head_json":{"title":"Conseils pour garder le moral naturellement | A.Vogel","description":"Nos conseils pour lutter naturellement contre la d\u00e9pression saisonni\u00e8re ou la baisse de moral en utilisant des compl\u00e9ments alimentaires \u00e0 base de plantes fra\u00eeches","robots":{"index":"index","follow":"follow","max-snippet":"max-snippet:-1","max-image-preview":"max-image-preview:large","max-video-preview":"max-video-preview:-1"},"canonical":"https:\/\/avogel.fr\/blog\/moral\/","og_locale":"fr_FR","og_type":"article","og_title":"Conseils pour garder le moral naturellement | A.Vogel","og_description":"Nos conseils pour lutter naturellement contre la d\u00e9pression saisonni\u00e8re ou la baisse de moral en utilisant des compl\u00e9ments alimentaires \u00e0 base de plantes fra\u00eeches","og_url":"https:\/\/avogel.fr\/blog\/moral\/","og_site_name":"A.Vogel - Compl\u00e9ments alimentaires naturels","twitter_card":"summary_large_image","schema":{"@context":"https:\/\/schema.org","@graph":[{"@type":"CollectionPage","@id":"https:\/\/avogel.fr\/blog\/category\/moral\/","url":"https:\/\/avogel.fr\/blog\/moral\/","name":"Conseils pour garder le moral naturellement | A.Vogel","isPartOf":{"@id":"https:\/\/avogel.fr\/blog\/#website"},"description":"Nos conseils pour lutter naturellement contre la d\u00e9pression saisonni\u00e8re ou la baisse de moral en utilisant des compl\u00e9ments alimentaires \u00e0 base de plantes fra\u00eeches","breadcrumb":{"@id":"https:\/\/avogel.fr\/blog\/moral\/#breadcrumb"},"inLanguage":"fr-FR"},{"@type":"BreadcrumbList","@id":"https:\/\/avogel.fr\/blog\/moral\/#breadcrumb","itemListElement":[{"@type":"ListItem","position":1,"name":"Accueil","item":"https:\/\/avogel.fr\/blog\/"},{"@type":"ListItem","position":2,"name":"Moral"}]},{"@type":"WebSite","@id":"https:\/\/avogel.fr\/blog\/#website","url":"https:\/\/avogel.fr\/blog\/","name":"A.Vogel - Compl\u00e9ments alimentaires naturels","description":"Retrouvez tous nos conseils pour rester naturellement fort - Compl\u00e9ments \u00e0 base de plantes fra\u00eeches biologiques","potentialAction":[{"@type":"SearchAction","target":{"@type":"EntryPoint","urlTemplate":"https:\/\/avogel.fr\/blog\/?s={search_term_string}"},"query-input":"required name=search_term_string"}],"inLanguage":"fr-FR"}]}},"_links":{"self":[{"href":"https:\/\/avogel.fr\/blog\/wp-json\/wp\/v2\/categories\/1573","targetHints":{"allow":["GET"]}}],"collection":[{"href":"https:\/\/avogel.fr\/blog\/wp-json\/wp\/v2\/categories"}],"about":[{"href":"https:\/\/avogel.fr\/blog\/wp-json\/wp\/v2\/taxonomies\/category"}],"wp:post_type":[{"href":"https:\/\/avogel.fr\/blog\/wp-json\/wp\/v2\/posts?categories=1573"}],"curies":[{"name":"wp","href":"https:\/\/api.w.org\/{rel}","templated":true}]}}